{"id":63116,"date":"2026-01-09T12:02:00","date_gmt":"2026-01-09T15:02:00","guid":{"rendered":"https:\/\/radiorevelacionfm.cl\/?p=63116"},"modified":"2026-01-09T12:02:00","modified_gmt":"2026-01-09T15:02:00","slug":"cosoc-aprueba-por-unanimidad-el-cambio-de-nombre-del-centro-cultural-y-del-terminal-de-buses-de-coyhaique","status":"publish","type":"post","link":"https:\/\/radiorevelacionfm.cl\/?p=63116","title":{"rendered":"COSOC aprueba por unanimidad el cambio de nombre del Centro Cultural y del Terminal de Buses de Coyhaique"},"content":{"rendered":"<div class=\"flex_column av_one_full  flex_column_div av-zero-column-padding first  avia-builder-el-0  el_before_av_one_full  avia-builder-el-first  \" style='border-radius:0px; '><div  class='avia-image-container  av-styling-    avia-builder-el-1  avia-builder-el-no-sibling  avia-align-center '  itemprop=\"image\" itemscope=\"itemscope\" itemtype=\"https:\/\/schema.org\/ImageObject\"  ><div class='avia-image-container-inner'><div class='avia-image-overlay-wrap'><img decoding=\"async\" class='wp-image-63117 avia-img-lazy-loading-not-63117 avia_image' src=\"https:\/\/radiorevelacionfm.cl\/wp-content\/uploads\/2026\/01\/COSOC-X-TERMINAL-2-1-1.jpeg\" alt='' title='COSOC X TERMINAL 2 (1) (1)' height=\"600\" width=\"873\"  itemprop=\"thumbnailUrl\" srcset=\"https:\/\/radiorevelacionfm.cl\/wp-content\/uploads\/2026\/01\/COSOC-X-TERMINAL-2-1-1.jpeg 873w, https:\/\/radiorevelacionfm.cl\/wp-content\/uploads\/2026\/01\/COSOC-X-TERMINAL-2-1-1-300x206.jpeg 300w, https:\/\/radiorevelacionfm.cl\/wp-content\/uploads\/2026\/01\/COSOC-X-TERMINAL-2-1-1-768x528.jpeg 768w, https:\/\/radiorevelacionfm.cl\/wp-content\/uploads\/2026\/01\/COSOC-X-TERMINAL-2-1-1-705x485.jpeg 705w, https:\/\/radiorevelacionfm.cl\/wp-content\/uploads\/2026\/01\/COSOC-X-TERMINAL-2-1-1-450x309.jpeg 450w, https:\/\/radiorevelacionfm.cl\/wp-content\/uploads\/2026\/01\/COSOC-X-TERMINAL-2-1-1-600x412.jpeg 600w\" sizes=\"(max-width: 873px) 100vw, 873px\" \/><\/div><\/div><\/div><\/div><div class=\"flex_column av_one_full  flex_column_div av-zero-column-padding first  avia-builder-el-2  el_after_av_one_full  el_before_av_one_full  column-top-margin\" style='border-radius:0px; '><section class=\"av_textblock_section \"  itemscope=\"itemscope\" itemtype=\"https:\/\/schema.org\/BlogPosting\" itemprop=\"blogPost\" ><div class='avia_textblock  '   itemprop=\"text\" ><p style=\"text-align: center;\"><strong><span style=\"font-size: 18pt;\">COSOC aprueba por unanimidad el cambio de nombre del Centro Cultural y del Terminal de Buses de Coyhaique<\/span><\/strong><\/p>\n<div id=\"gtx-trans\" style=\"position: absolute; left: -50px; top: 4.31534px;\">\n<div class=\"gtx-trans-icon\"><\/div>\n<\/div>\n<\/div><\/section><\/div><div class=\"flex_column av_one_full  flex_column_div av-zero-column-padding first  avia-builder-el-4  el_after_av_one_full  el_before_av_hr  column-top-margin\" style='border-radius:0px; '><section class=\"av_textblock_section \"  itemscope=\"itemscope\" itemtype=\"https:\/\/schema.org\/BlogPosting\" itemprop=\"blogPost\" ><div class='avia_textblock  '   itemprop=\"text\" ><p style=\"text-align: justify;\">En una votaci\u00f3n un\u00e1nime y sin mayor divisi\u00f3n ni discusi\u00f3n, el Consejo de la Sociedad Civil de Coyhaique (COSOC) acord\u00f3 aprobar las propuestas para renombrar dos importantes espacios p\u00fablicos de la comuna. El Centro Cultural Coyhaique llevar\u00e1 el nombre de Arturo Barros Medina, mientras que el Terminal de Buses pasar\u00e1 a llamarse Antonio Horvath Kiss.<\/p>\n<p style=\"text-align: justify;\">La decisi\u00f3n fue adoptada en la \u00faltima sesi\u00f3n del COSOC, donde los consejeros y consejeras coincidieron en destacar la trayectoria, el aporte social y la huella hist\u00f3rica que ambos personajes han dejado en la comunidad coyhaiquina y regional. Ahora, estas propuestas deber\u00e1n ser ratificadas en una pr\u00f3xima sesi\u00f3n del Concejo Municipal de Coyhaique para convertirse oficialmente en denominaciones vigentes.<\/p>\n<p style=\"text-align: justify;\">La medida, que deber\u00e1 ser votada por el cuerpo colegiado, fue presentada como moci\u00f3n por parte del concejal Ricardo Cant\u00edn y cuenta con el apoyo de el Alcalde y otros 3 concejales.<\/p>\n<p style=\"text-align: justify;\">Recordemos que<strong> Arturo Barros Medina<\/strong> es un destacado m\u00fasico, compositor y director con casi cinco d\u00e9cadas de trayectoria en la Regi\u00f3n de Ays\u00e9n. Nacido en Balmaceda el 8 de septiembre de 1942, ha sido reconocido tanto a nivel local como regional por su aporte a la cultura y a la identidad patag\u00f3nica, destac\u00e1ndose por obras inspiradas en la historia y la colonizaci\u00f3n de Ays\u00e9n. Entre sus m\u00faltiples reconocimientos figura el premio Regional de Arte y Cultura 2013, adem\u00e1s de haber sido nombrado Hijo Ilustre de Balmaceda y de Coyhaique, y declarado Tesoro Humano Viviente de la Regi\u00f3n de Ays\u00e9n, entre otros honores por su legado art\u00edstico.<\/p>\n<p style=\"text-align: justify;\">Por su parte<strong>, Antonio Horvath Kiss<\/strong> fue un influyente ingeniero civil y pol\u00edtico chileno, que desempe\u00f1\u00f3 un rol destacado como diputado (1990-1994) y senador por la Regi\u00f3n de Ays\u00e9n (1994-2018). Durante su larga trayectoria como parlamentario independiente, trabaj\u00f3 activamente por el desarrollo regional, la descentralizaci\u00f3n y la protecci\u00f3n del medioambiente, convirti\u00e9ndose en una figura emblem\u00e1tica para la comunidad aysenina. Falleci\u00f3 en mayo de 2018 dejando un legado de compromiso con su tierra y sus habitantes.<\/p>\n<p style=\"text-align: justify;\">En este sentido, el Alcalde de Coyhaique, Carlos Gatica, se\u00f1al\u00f3 que \u201ceste es un reconocimiento justo y muy sentido a dos personas que representan valores que nuestra comunidad respeta profundamente: la cultura, el compromiso social y el amor por nuestra regi\u00f3n. Nombrar estos espacios p\u00fablicos en honor a Arturo Barros y Antonio Horvath es tambi\u00e9n una forma de mantener viva su memoria y su aporte entre las nuevas generaciones.\u201d<\/p>\n<p style=\"text-align: justify;\">Asimismo, Yingo V\u00e1squez, Presidenta del COSOC, expres\u00f3 su satisfacci\u00f3n por la votaci\u00f3n un\u00e1nime, asegurando que \u201ccomo Consejo de la Sociedad Civil celebramos haber llegado a este acuerdo de forma consensuada, demostrando el valor que estos nombres tienen para nuestra gente. Estamos orgullosos de proponer estos reconocimientos al Concejo Municipal, que pronto podr\u00e1 hacerlos oficiales.\u201d<\/p>\n<p style=\"text-align: justify;\">Se espera que esta tarde el concejo ratifique o rechace lo aprobado por los representantes de la sociedad civil, presentes en el COSOC.<\/p>\n<\/div><\/section><\/div><div  style='height:50px' class='hr hr-invisible   avia-builder-el-6  el_after_av_one_full  el_before_av_social_share '><span class='hr-inner ' ><span class='hr-inner-style'><\/span><\/span><\/div><\/p>\n<div  class='av-social-sharing-box  avia-builder-el-7  el_after_av_hr  el_before_av_hr  '><div class='av-share-box'><h5 class='av-share-link-description av-no-toc '>Compartir esta noticia<\/h5><ul class='av-share-box-list noLightbox'><li class='av-share-link av-social-link-facebook' ><a target=\"_blank\" aria-label=\"Compartir en Facebook\" href='https:\/\/www.facebook.com\/sharer.php?u=https:\/\/radiorevelacionfm.cl\/?p=63116&#038;t=COSOC%20aprueba%20por%20unanimidad%20el%20cambio%20de%20nombre%20del%20Centro%20Cultural%20y%20del%20Terminal%20de%20Buses%20de%20Coyhaique' aria-hidden='false' data-av_icon='\ue8f3' data-av_iconfont='entypo-fontello' title='' data-avia-related-tooltip='Compartir en Facebook' rel=\"noopener\"><span class='avia_hidden_link_text'>Compartir en Facebook<\/span><\/a><\/li><li class='av-share-link av-social-link-twitter' ><a target=\"_blank\" aria-label=\"Compartir en Twitter\" href='https:\/\/twitter.com\/share?text=COSOC%20aprueba%20por%20unanimidad%20el%20cambio%20de%20nombre%20del%20Centro%20Cultural%20y%20del%20Terminal%20de%20Buses%20de%20Coyhaique&#038;url=https:\/\/radiorevelacionfm.cl\/?p=63116' aria-hidden='false' data-av_icon='\ue8f1' data-av_iconfont='entypo-fontello' title='' data-avia-related-tooltip='Compartir en Twitter' rel=\"noopener\"><span class='avia_hidden_link_text'>Compartir en Twitter<\/span><\/a><\/li><li class='av-share-link av-social-link-whatsapp' ><a target=\"_blank\" aria-label=\"Compartir en Whatsapp\" href='https:\/\/api.whatsapp.com\/send?text=https:\/\/radiorevelacionfm.cl\/?p=63116' aria-hidden='false' data-av_icon='\uf232' data-av_iconfont='entypo-fontello' title='' data-avia-related-tooltip='Compartir en Whatsapp' rel=\"noopener\"><span class='avia_hidden_link_text'>Compartir en Whatsapp<\/span><\/a><\/li><li class='av-share-link av-social-link-linkedin' ><a target=\"_blank\" aria-label=\"Compartir en LinkedIn\" href='https:\/\/linkedin.com\/shareArticle?mini=true&#038;title=COSOC%20aprueba%20por%20unanimidad%20el%20cambio%20de%20nombre%20del%20Centro%20Cultural%20y%20del%20Terminal%20de%20Buses%20de%20Coyhaique&#038;url=https:\/\/radiorevelacionfm.cl\/?p=63116' aria-hidden='false' data-av_icon='\ue8fc' data-av_iconfont='entypo-fontello' title='' data-avia-related-tooltip='Compartir en LinkedIn' rel=\"noopener\"><span class='avia_hidden_link_text'>Compartir en LinkedIn<\/span><\/a><\/li><li class='av-share-link av-social-link-mail' ><a  aria-label=\"Compartir por correo\" href='mailto:?subject=COSOC%20aprueba%20por%20unanimidad%20el%20cambio%20de%20nombre%20del%20Centro%20Cultural%20y%20del%20Terminal%20de%20Buses%20de%20Coyhaique&#038;body=https:\/\/radiorevelacionfm.cl\/?p=63116' aria-hidden='false' data-av_icon='\ue805' data-av_iconfont='entypo-fontello' title='' data-avia-related-tooltip='Compartir por correo'><span class='avia_hidden_link_text'>Compartir por correo<\/span><\/a><\/li><\/ul><\/div><\/div>\n<div  style='height:50px' class='hr hr-invisible   avia-builder-el-8  el_after_av_social_share  el_before_av_comments_list '><span class='hr-inner ' ><span class='hr-inner-style'><\/span><\/span><\/div>\n<div  class='av-buildercomment  av-blog-meta-html-info-disabled av-blog-meta-tag-disabled  '><\/div>\n","protected":false},"excerpt":{"rendered":"","protected":false},"author":1,"featured_media":63117,"comment_status":"closed","ping_status":"closed","sticky":false,"template":"","format":"standard","meta":{"footnotes":""},"categories":[38],"tags":[],"class_list":["post-63116","post","type-post","status-publish","format-standard","has-post-thumbnail","hentry","category-regional"],"jetpack_featured_media_url":"https:\/\/radiorevelacionfm.cl\/wp-content\/uploads\/2026\/01\/COSOC-X-TERMINAL-2-1-1.jpeg","_links":{"self":[{"href":"https:\/\/radiorevelacionfm.cl\/index.php?rest_route=\/wp\/v2\/posts\/63116","targetHints":{"allow":["GET"]}}],"collection":[{"href":"https:\/\/radiorevelacionfm.cl\/index.php?rest_route=\/wp\/v2\/posts"}],"about":[{"href":"https:\/\/radiorevelacionfm.cl\/index.php?rest_route=\/wp\/v2\/types\/post"}],"author":[{"embeddable":true,"href":"https:\/\/radiorevelacionfm.cl\/index.php?rest_route=\/wp\/v2\/users\/1"}],"replies":[{"embeddable":true,"href":"https:\/\/radiorevelacionfm.cl\/index.php?rest_route=%2Fwp%2Fv2%2Fcomments&post=63116"}],"version-history":[{"count":2,"href":"https:\/\/radiorevelacionfm.cl\/index.php?rest_route=\/wp\/v2\/posts\/63116\/revisions"}],"predecessor-version":[{"id":63119,"href":"https:\/\/radiorevelacionfm.cl\/index.php?rest_route=\/wp\/v2\/posts\/63116\/revisions\/63119"}],"wp:featuredmedia":[{"embeddable":true,"href":"https:\/\/radiorevelacionfm.cl\/index.php?rest_route=\/wp\/v2\/media\/63117"}],"wp:attachment":[{"href":"https:\/\/radiorevelacionfm.cl\/index.php?rest_route=%2Fwp%2Fv2%2Fmedia&parent=63116"}],"wp:term":[{"taxonomy":"category","embeddable":true,"href":"https:\/\/radiorevelacionfm.cl\/index.php?rest_route=%2Fwp%2Fv2%2Fcategories&post=63116"},{"taxonomy":"post_tag","embeddable":true,"href":"https:\/\/radiorevelacionfm.cl\/index.php?rest_route=%2Fwp%2Fv2%2Ftags&post=63116"}],"curies":[{"name":"wp","href":"https:\/\/api.w.org\/{rel}","templated":true}]}}