{"id":6311,"date":"2021-07-15T12:40:17","date_gmt":"2021-07-15T15:40:17","guid":{"rendered":"https:\/\/radiorevelacionfm.cl\/?p=6311"},"modified":"2021-07-15T12:45:40","modified_gmt":"2021-07-15T15:45:40","slug":"mineduc-invita-a-establecimientos-rurales-a-participar-en-proyecto-que-entrega-mil-bibliotecas-escolares","status":"publish","type":"post","link":"https:\/\/radiorevelacionfm.cl\/?p=6311","title":{"rendered":"Mineduc invita a establecimientos rurales a participar en proyecto que entrega mil bibliotecas escolares"},"content":{"rendered":"<div class=\"flex_column av_one_full  flex_column_div av-zero-column-padding first  avia-builder-el-0  el_before_av_one_full  avia-builder-el-first  \" style='border-radius:0px; '><div  class='avia-image-container  av-styling-    avia-builder-el-1  avia-builder-el-no-sibling  avia-align-center '  itemprop=\"image\" itemscope=\"itemscope\" itemtype=\"https:\/\/schema.org\/ImageObject\"  ><div class='avia-image-container-inner'><div class='avia-image-overlay-wrap'><img decoding=\"async\" class='wp-image-6314 avia-img-lazy-loading-not-6314 avia_image' src=\"https:\/\/radiorevelacionfm.cl\/wp-content\/uploads\/2021\/07\/bibliotecas-rurales-1.jpg\" alt='' title='bibliotecas rurales (1)' height=\"600\" width=\"1000\"  itemprop=\"thumbnailUrl\" srcset=\"https:\/\/radiorevelacionfm.cl\/wp-content\/uploads\/2021\/07\/bibliotecas-rurales-1.jpg 1000w, https:\/\/radiorevelacionfm.cl\/wp-content\/uploads\/2021\/07\/bibliotecas-rurales-1-300x180.jpg 300w, https:\/\/radiorevelacionfm.cl\/wp-content\/uploads\/2021\/07\/bibliotecas-rurales-1-768x461.jpg 768w, https:\/\/radiorevelacionfm.cl\/wp-content\/uploads\/2021\/07\/bibliotecas-rurales-1-705x423.jpg 705w, https:\/\/radiorevelacionfm.cl\/wp-content\/uploads\/2021\/07\/bibliotecas-rurales-1-600x360.jpg 600w\" sizes=\"(max-width: 1000px) 100vw, 1000px\" \/><\/div><\/div><\/div><\/div><div class=\"flex_column av_one_full  flex_column_div av-zero-column-padding first  avia-builder-el-2  el_after_av_one_full  el_before_av_one_full  column-top-margin\" style='border-radius:0px; '><section class=\"av_textblock_section \"  itemscope=\"itemscope\" itemtype=\"https:\/\/schema.org\/BlogPosting\" itemprop=\"blogPost\" ><div class='avia_textblock  '   itemprop=\"text\" ><p style=\"text-align: center;\"><strong><span style=\"font-size: 18pt;\">Mineduc invita a establecimientos rurales a participar en proyecto que entrega mil bibliotecas escolares<\/span><\/strong><\/p>\n<div id=\"gtx-trans\" style=\"position: absolute; left: -50px; top: 4.31534px;\">\n<div class=\"gtx-trans-icon\"><\/div>\n<\/div>\n<\/div><\/section><\/div><\/p>\n<div class=\"flex_column av_one_full  flex_column_div av-zero-column-padding first  avia-builder-el-4  el_after_av_one_full  el_before_av_hr  column-top-margin\" style='border-radius:0px; '><section class=\"av_textblock_section \"  itemscope=\"itemscope\" itemtype=\"https:\/\/schema.org\/BlogPosting\" itemprop=\"blogPost\" ><div class='avia_textblock  '   itemprop=\"text\" ><p style=\"text-align: justify;\">En Chile existen 3.401 establecimientos escolares rurales en los que estudian cerca de 280 mil ni\u00f1os, ni\u00f1as y j\u00f3venes. Muchos de ellos son peque\u00f1os, tienen pocos estudiantes o trabajan con aulas multigrado, es decir, atienden a estudiantes de distintos niveles en la misma sala de clases. Eso implica que muchos no logran cumplir con los requisitos de infraestructura que se piden a los establecimientos educacionales para renovar sus bibliotecas.<\/p>\n<p style=\"text-align: justify;\">Por ello, el Ministerio de Educaci\u00f3n cre\u00f3 el plan \u00abBibliotecas para 1.000 establecimientos rurales\u00bb, que tiene como fin fomentar la lectura en los escolares que estudian en este tipo de escuelas y liceos. Esta convocatoria est\u00e1 destinada a los establecimientos educacionales rurales que nunca han recibido una colecci\u00f3n de libros del programa de Bibliotecas Escolares.<\/p>\n<p style=\"text-align: justify;\">El programa no solo considera la entrega de colecciones de libros para Ense\u00f1anza B\u00e1sica -los que ser\u00e1n entregados en 2022-, sino tambi\u00e9n capacitaciones para los profesionales encargados de las bibliotecas y la implementaci\u00f3n de sistemas de gesti\u00f3n de estas.<\/p>\n<p style=\"text-align: justify;\">Para participar, los sostenedores deben postular y firmar un acta en la que se comprometen a designar un encargado de la biblioteca, asegurar la participaci\u00f3n de este profesional en los cinco cursos que considera el plan de formaci\u00f3n y llevar un sistema de inventario de los libros.<\/p>\n<p style=\"text-align: justify;\">\u00abInvitamos a los directores, profesores encargados de escuelas rurales multigrado y a los sostenedores de los establecimientos a conocer esta iniciativa y a postular. Queremos que todos los estudiantes puedan tener acceso a las colecciones de libros que entrega el Mineduc, que son de gran calidad. La idea es que los establecimientos que se adjudiquen las bibliotecas reciban colecciones m\u00e1s all\u00e1 de 2022\u00bb, explic\u00f3 el jefe de la Divisi\u00f3n de Educaci\u00f3n General, Raimundo Larra\u00edn.<\/p>\n<p style=\"text-align: justify;\">El proceso de postulaci\u00f3n para participar en el plan \u00abBibliotecas para 1.000 establecimientos rurales\u00bb estar\u00e1 abierto hasta el 29 de julio. Los resultados estar\u00e1n disponibles los primeros d\u00edas de agosto.<\/p>\n<\/div><\/section><\/div>\n<div  style='height:50px' class='hr hr-invisible   avia-builder-el-6  el_after_av_one_full  el_before_av_social_share '><span class='hr-inner ' ><span class='hr-inner-style'><\/span><\/span><\/div>\n<div  class='av-social-sharing-box  avia-builder-el-7  el_after_av_hr  el_before_av_hr  '><div class='av-share-box'><h5 class='av-share-link-description av-no-toc '>Compartir esta noticia<\/h5><ul class='av-share-box-list noLightbox'><li class='av-share-link av-social-link-facebook' ><a target=\"_blank\" aria-label=\"Compartir en Facebook\" href='https:\/\/www.facebook.com\/sharer.php?u=https:\/\/radiorevelacionfm.cl\/?p=6311&#038;t=Mineduc%20invita%20a%20establecimientos%20rurales%20a%20participar%20en%20proyecto%20que%20entrega%20mil%20bibliotecas%20escolares' aria-hidden='false' data-av_icon='\ue8f3' data-av_iconfont='entypo-fontello' title='' data-avia-related-tooltip='Compartir en Facebook' rel=\"noopener\"><span class='avia_hidden_link_text'>Compartir en Facebook<\/span><\/a><\/li><li class='av-share-link av-social-link-twitter' ><a target=\"_blank\" aria-label=\"Compartir en Twitter\" href='https:\/\/twitter.com\/share?text=Mineduc%20invita%20a%20establecimientos%20rurales%20a%20participar%20en%20proyecto%20que%20entrega%20mil%20bibliotecas%20escolares&#038;url=https:\/\/radiorevelacionfm.cl\/?p=6311' aria-hidden='false' data-av_icon='\ue8f1' data-av_iconfont='entypo-fontello' title='' data-avia-related-tooltip='Compartir en Twitter' rel=\"noopener\"><span class='avia_hidden_link_text'>Compartir en Twitter<\/span><\/a><\/li><li class='av-share-link av-social-link-whatsapp' ><a target=\"_blank\" aria-label=\"Compartir en Whatsapp\" href='https:\/\/api.whatsapp.com\/send?text=https:\/\/radiorevelacionfm.cl\/?p=6311' aria-hidden='false' data-av_icon='\uf232' data-av_iconfont='entypo-fontello' title='' data-avia-related-tooltip='Compartir en Whatsapp' rel=\"noopener\"><span class='avia_hidden_link_text'>Compartir en Whatsapp<\/span><\/a><\/li><li class='av-share-link av-social-link-linkedin' ><a target=\"_blank\" aria-label=\"Compartir en LinkedIn\" href='https:\/\/linkedin.com\/shareArticle?mini=true&#038;title=Mineduc%20invita%20a%20establecimientos%20rurales%20a%20participar%20en%20proyecto%20que%20entrega%20mil%20bibliotecas%20escolares&#038;url=https:\/\/radiorevelacionfm.cl\/?p=6311' aria-hidden='false' data-av_icon='\ue8fc' data-av_iconfont='entypo-fontello' title='' data-avia-related-tooltip='Compartir en LinkedIn' rel=\"noopener\"><span class='avia_hidden_link_text'>Compartir en LinkedIn<\/span><\/a><\/li><li class='av-share-link av-social-link-mail' ><a  aria-label=\"Compartir por correo\" href='mailto:?subject=Mineduc%20invita%20a%20establecimientos%20rurales%20a%20participar%20en%20proyecto%20que%20entrega%20mil%20bibliotecas%20escolares&#038;body=https:\/\/radiorevelacionfm.cl\/?p=6311' aria-hidden='false' data-av_icon='\ue805' data-av_iconfont='entypo-fontello' title='' data-avia-related-tooltip='Compartir por correo'><span class='avia_hidden_link_text'>Compartir por correo<\/span><\/a><\/li><\/ul><\/div><\/div>\n<div  style='height:50px' class='hr hr-invisible   avia-builder-el-8  el_after_av_social_share  el_before_av_comments_list '><span class='hr-inner ' ><span class='hr-inner-style'><\/span><\/span><\/div>\n<div  class='av-buildercomment  av-blog-meta-html-info-disabled av-blog-meta-tag-disabled  '><\/div>\n","protected":false},"excerpt":{"rendered":"","protected":false},"author":1,"featured_media":6314,"comment_status":"open","ping_status":"open","sticky":false,"template":"","format":"standard","meta":{"footnotes":""},"categories":[49],"tags":[],"class_list":["post-6311","post","type-post","status-publish","format-standard","has-post-thumbnail","hentry","category-educacion"],"jetpack_featured_media_url":"https:\/\/radiorevelacionfm.cl\/wp-content\/uploads\/2021\/07\/bibliotecas-rurales-1.jpg","_links":{"self":[{"href":"https:\/\/radiorevelacionfm.cl\/index.php?rest_route=\/wp\/v2\/posts\/6311","targetHints":{"allow":["GET"]}}],"collection":[{"href":"https:\/\/radiorevelacionfm.cl\/index.php?rest_route=\/wp\/v2\/posts"}],"about":[{"href":"https:\/\/radiorevelacionfm.cl\/index.php?rest_route=\/wp\/v2\/types\/post"}],"author":[{"embeddable":true,"href":"https:\/\/radiorevelacionfm.cl\/index.php?rest_route=\/wp\/v2\/users\/1"}],"replies":[{"embeddable":true,"href":"https:\/\/radiorevelacionfm.cl\/index.php?rest_route=%2Fwp%2Fv2%2Fcomments&post=6311"}],"version-history":[{"count":2,"href":"https:\/\/radiorevelacionfm.cl\/index.php?rest_route=\/wp\/v2\/posts\/6311\/revisions"}],"predecessor-version":[{"id":6315,"href":"https:\/\/radiorevelacionfm.cl\/index.php?rest_route=\/wp\/v2\/posts\/6311\/revisions\/6315"}],"wp:featuredmedia":[{"embeddable":true,"href":"https:\/\/radiorevelacionfm.cl\/index.php?rest_route=\/wp\/v2\/media\/6314"}],"wp:attachment":[{"href":"https:\/\/radiorevelacionfm.cl\/index.php?rest_route=%2Fwp%2Fv2%2Fmedia&parent=6311"}],"wp:term":[{"taxonomy":"category","embeddable":true,"href":"https:\/\/radiorevelacionfm.cl\/index.php?rest_route=%2Fwp%2Fv2%2Fcategories&post=6311"},{"taxonomy":"post_tag","embeddable":true,"href":"https:\/\/radiorevelacionfm.cl\/index.php?rest_route=%2Fwp%2Fv2%2Ftags&post=6311"}],"curies":[{"name":"wp","href":"https:\/\/api.w.org\/{rel}","templated":true}]}}