{"id":63105,"date":"2026-01-09T09:44:39","date_gmt":"2026-01-09T12:44:39","guid":{"rendered":"https:\/\/radiorevelacionfm.cl\/?p=63105"},"modified":"2026-01-09T09:44:39","modified_gmt":"2026-01-09T12:44:39","slug":"sernac-informa-sobre-alerta-de-seguridad-alimentaria-por-leche-en-polvo-infantil-alfamino","status":"publish","type":"post","link":"https:\/\/radiorevelacionfm.cl\/?p=63105","title":{"rendered":"Sernac informa sobre alerta de seguridad alimentaria por leche en polvo infantil Alfamino"},"content":{"rendered":"<div class=\"flex_column av_one_full  flex_column_div av-zero-column-padding first  avia-builder-el-0  el_before_av_one_full  avia-builder-el-first  \" style='border-radius:0px; '><div  class='avia-image-container  av-styling-    avia-builder-el-1  avia-builder-el-no-sibling  avia-align-center '  itemprop=\"image\" itemscope=\"itemscope\" itemtype=\"https:\/\/schema.org\/ImageObject\"  ><div class='avia-image-container-inner'><div class='avia-image-overlay-wrap'><img decoding=\"async\" class='wp-image-63106 avia-img-lazy-loading-not-63106 avia_image' src=\"https:\/\/radiorevelacionfm.cl\/wp-content\/uploads\/2026\/01\/08_01_26-Grafica-alerta-sanitaria-leche-1-1.jpg\" alt='' title='08_01_26 Gr\u00e1fica alerta sanitaria leche (1) (1)' height=\"600\" width=\"900\"  itemprop=\"thumbnailUrl\" srcset=\"https:\/\/radiorevelacionfm.cl\/wp-content\/uploads\/2026\/01\/08_01_26-Grafica-alerta-sanitaria-leche-1-1.jpg 900w, https:\/\/radiorevelacionfm.cl\/wp-content\/uploads\/2026\/01\/08_01_26-Grafica-alerta-sanitaria-leche-1-1-300x200.jpg 300w, https:\/\/radiorevelacionfm.cl\/wp-content\/uploads\/2026\/01\/08_01_26-Grafica-alerta-sanitaria-leche-1-1-768x512.jpg 768w, https:\/\/radiorevelacionfm.cl\/wp-content\/uploads\/2026\/01\/08_01_26-Grafica-alerta-sanitaria-leche-1-1-705x470.jpg 705w, https:\/\/radiorevelacionfm.cl\/wp-content\/uploads\/2026\/01\/08_01_26-Grafica-alerta-sanitaria-leche-1-1-450x300.jpg 450w, https:\/\/radiorevelacionfm.cl\/wp-content\/uploads\/2026\/01\/08_01_26-Grafica-alerta-sanitaria-leche-1-1-600x400.jpg 600w\" sizes=\"(max-width: 900px) 100vw, 900px\" \/><\/div><\/div><\/div><\/div><div class=\"flex_column av_one_full  flex_column_div av-zero-column-padding first  avia-builder-el-2  el_after_av_one_full  el_before_av_one_full  column-top-margin\" style='border-radius:0px; '><section class=\"av_textblock_section \"  itemscope=\"itemscope\" itemtype=\"https:\/\/schema.org\/BlogPosting\" itemprop=\"blogPost\" ><div class='avia_textblock  '   itemprop=\"text\" ><p style=\"text-align: center;\"><strong><span style=\"font-size: 18pt;\">Sernac informa sobre alerta de seguridad alimentaria por leche en polvo infantil Alfamino<\/span><\/strong><\/p>\n<div id=\"gtx-trans\" style=\"position: absolute; left: -50px; top: 4.31534px;\">\n<div class=\"gtx-trans-icon\"><\/div>\n<\/div>\n<\/div><\/section><\/div><div class=\"flex_column av_one_full  flex_column_div av-zero-column-padding first  avia-builder-el-4  el_after_av_one_full  el_before_av_hr  column-top-margin\" style='border-radius:0px; '><section class=\"av_textblock_section \"  itemscope=\"itemscope\" itemtype=\"https:\/\/schema.org\/BlogPosting\" itemprop=\"blogPost\" ><div class='avia_textblock  '   itemprop=\"text\" ><ul>\n<li style=\"text-align: justify;\"><em>Se trata de un producto de la marca Nestl\u00e9, consumido por lactantes con necesidades alimentarias especiales.<\/em><\/li>\n<li style=\"text-align: justify;\"><em>La f\u00f3rmula tiene riesgo de contaminaci\u00f3n por una toxina producida por el microorganismo Bacillus Cereus, que podr\u00eda provocar v\u00f3mito, diarrea, intoxicaci\u00f3n y deshidrataci\u00f3n.<\/em><\/li>\n<li style=\"text-align: justify;\"><em>El llamado es a no utilizar este producto y a las personas que lo adquirieron en farmacias, pueden solicitar la devoluci\u00f3n del dinero.<\/em><\/li>\n<li style=\"text-align: justify;\"><em>Quienes lo recibieron a trav\u00e9s de las instituciones del Estado, como CESFAM, el MINSAL hizo un llamado a los padres o tutores a que se acerquen a los centros de salud para devolverlo y obtener su reemplazo.<\/em><\/li>\n<li style=\"text-align: justify;\"><em>Para conocer m\u00e1s detalles de esta alerta sanitaria, visite <a href=\"http:\/\/www.sernac.cl\">sernac.cl<\/a> o en <a href=\"http:\/\/www.minsal.cl\">www.minsal.cl<\/a><\/em><\/li>\n<\/ul>\n<p style=\"text-align: justify;\">La empresa Nestl\u00e9 Chile S.A inform\u00f3 al SERNAC una alerta de seguridad para las f\u00f3rmulas de leche en polvo para lactantes con necesidades alimentarias especiales, marca Nestl\u00e9, producto Alfamino, debido a una potencial contaminaci\u00f3n microbiol\u00f3gica, implicando un riesgo para la seguridad de las ni\u00f1as y ni\u00f1os.<\/p>\n<p style=\"text-align: justify;\">La f\u00f3rmula tiene el riesgo de contaminaci\u00f3n por una toxina producida por el microorganismo Bacillus Cereus, que podr\u00eda provocar v\u00f3mito, diarrea, intoxicaci\u00f3n y deshidrataci\u00f3n.<\/p>\n<p style=\"text-align: justify;\">Se trata de un producto elaborado en Suiza, el cual fue comercializado en Chile durante el a\u00f1o 2025 en farmacias, con m\u00e1s de 26 mil unidades, de las cuales, a\u00fan 1.760 permanecen en manos de consumidores.<\/p>\n<p style=\"text-align: justify;\">Adicionalmente, otra cantidad de este producto fue distribuido por los programas de alimentaci\u00f3n del Estado a trav\u00e9s de los CESFAM y otros centros hospitalarios, casos para los cuales, el Ministerio de Salud (MINSAL) est\u00e1 entregando las indicaciones para proceder a su reemplazo y que es un procedimiento distinto del que aplica para quienes lo compraron en farmacias<\/p>\n<p style=\"text-align: justify;\">Si bien hasta la fecha no se han registrado reportes confirmados de enfermedades asociadas al consumo de este producto, ante el riesgo, el llamado es a no utilizar este producto.<\/p>\n<p style=\"text-align: justify;\">A las personas que adquirieron el producto en farmacias, pueden solicitar la devoluci\u00f3n del dinero presentando la boleta o alg\u00fan comprobante de pago, directamente en el lugar de compra. En caso de cualquier dificultad o no contar con la boleta, contactar a Nestl\u00e9 Chile, llamando al n\u00famero 800 213006 o al correo <a href=\"mailto:serviciosalconsumidor@cl.nestle.com\"><strong>serviciosalconsumidor@cl.nestle.com<\/strong><\/a><\/p>\n<p style=\"text-align: justify;\">Adicionalmente, la autoridad sanitaria y la empresa est\u00e1n realizando las gestiones para detener la distribuci\u00f3n y comercializaci\u00f3n de los productos afectados en el pa\u00eds.<\/p>\n<p><strong>N\u00b0 identificaci\u00f3n o lote:<\/strong><\/p>\n<p><strong>. 51040017Y2\u00a0 \u00a0 \u00a0. 52470017Y1\u00a0 \u00a0 \u00a0. 52620017Y1<\/strong><\/p>\n<p><strong>. 51050017Y1\u00a0 \u00a0 \u00a0. 52480017Y1\u00a0 \u00a0 \u00a0. 52650017Y1<\/strong><\/p>\n<p><strong>. 52450017Y2\u00a0 \u00a0 \u00a0. 52510017Y1\u00a0 \u00a0 \u00a0. 52680017Y1<\/strong><\/p>\n<p><strong>. 52460017Y1\u00a0 \u00a0 \u00a0. 52610017Y2\u00a0 \u00a0 \u00a0. 52690017Y1<\/strong><\/p>\n<p style=\"text-align: justify;\"><strong>\u00bfQu\u00e9 hacer en caso de s\u00edntomas?<\/strong><\/p>\n<p style=\"text-align: justify;\">En caso de que el lactante presente s\u00edntomas o existan dudas sobre su salud o nutrici\u00f3n, consultar a un profesional de la salud.<\/p>\n<p style=\"text-align: justify;\">Para conocer m\u00e1s detalles de esta alerta sanitaria, visite <a href=\"http:\/\/www.sernac.cl\"><strong>www.sernac.cl<\/strong><\/a> o llame al n\u00famero <strong>800 100 700;<\/strong> o en <a href=\"http:\/\/www.minsal.cl\"><strong>www.minsal.cl<\/strong><\/a><\/p>\n<p style=\"text-align: justify;\">Adicionalmente, si ha tenido alg\u00fan incidente con este producto, escriba<strong> a <\/strong><a href=\"mailto:seguridaddeproductos@sernac.cl\"><strong>seguridaddeproductos@sernac.cl<\/strong><\/a><\/p>\n<p style=\"text-align: justify;\"><strong>Derechos de los consumidores<\/strong><\/p>\n<p style=\"text-align: justify;\">La Ley del Consumidor (LPC) establece que las empresas tienen la obligaci\u00f3n de tomar todas las medidas para que sus productos no pongan en riesgo la seguridad de los consumidores.<\/p>\n<p style=\"text-align: justify;\">Cuando una empresa detecta alg\u00fan problema o eventuales peligros despu\u00e9s de haber puesto sus productos en el mercado, tiene la obligaci\u00f3n de informar inmediatamente a las autoridades competentes, en este caso, al SERNAC.<\/p>\n<p style=\"text-align: justify;\">Adem\u00e1s, deben advertir a los consumidores y tomar todas las medidas para disminuir los riesgos asociados al producto.<\/p>\n<p style=\"text-align: justify;\">Por su parte, los consumidores tienen derecho a recibir informaci\u00f3n oportuna sobre el retiro y los pasos a seguir, as\u00ed como la empresa debe entregar todas las facilidades para el cambio del producto u otras alternativas de compensaci\u00f3n.<\/p>\n<p style=\"text-align: justify;\">Hay que subrayar que las acciones realizadas por la empresa no la eximen de las responsabilidades que establece la Ley del Consumidor ni de las eventuales acciones que los consumidores afectados pudieran ejercer por este hecho.<\/p>\n<\/div><\/section><\/div><div  style='height:50px' class='hr hr-invisible   avia-builder-el-6  el_after_av_one_full  el_before_av_social_share '><span class='hr-inner ' ><span class='hr-inner-style'><\/span><\/span><\/div><\/p>\n<div  class='av-social-sharing-box  avia-builder-el-7  el_after_av_hr  el_before_av_hr  '><div class='av-share-box'><h5 class='av-share-link-description av-no-toc '>Compartir esta noticia<\/h5><ul class='av-share-box-list noLightbox'><li class='av-share-link av-social-link-facebook' ><a target=\"_blank\" aria-label=\"Compartir en Facebook\" href='https:\/\/www.facebook.com\/sharer.php?u=https:\/\/radiorevelacionfm.cl\/?p=63105&#038;t=Sernac%20informa%20sobre%20alerta%20de%20seguridad%20alimentaria%20por%20leche%20en%20polvo%20infantil%20Alfamino' aria-hidden='false' data-av_icon='\ue8f3' data-av_iconfont='entypo-fontello' title='' data-avia-related-tooltip='Compartir en Facebook' rel=\"noopener\"><span class='avia_hidden_link_text'>Compartir en Facebook<\/span><\/a><\/li><li class='av-share-link av-social-link-twitter' ><a target=\"_blank\" aria-label=\"Compartir en Twitter\" href='https:\/\/twitter.com\/share?text=Sernac%20informa%20sobre%20alerta%20de%20seguridad%20alimentaria%20por%20leche%20en%20polvo%20infantil%20Alfamino&#038;url=https:\/\/radiorevelacionfm.cl\/?p=63105' aria-hidden='false' data-av_icon='\ue8f1' data-av_iconfont='entypo-fontello' title='' data-avia-related-tooltip='Compartir en Twitter' rel=\"noopener\"><span class='avia_hidden_link_text'>Compartir en Twitter<\/span><\/a><\/li><li class='av-share-link av-social-link-whatsapp' ><a target=\"_blank\" aria-label=\"Compartir en Whatsapp\" href='https:\/\/api.whatsapp.com\/send?text=https:\/\/radiorevelacionfm.cl\/?p=63105' aria-hidden='false' data-av_icon='\uf232' data-av_iconfont='entypo-fontello' title='' data-avia-related-tooltip='Compartir en Whatsapp' rel=\"noopener\"><span class='avia_hidden_link_text'>Compartir en Whatsapp<\/span><\/a><\/li><li class='av-share-link av-social-link-linkedin' ><a target=\"_blank\" aria-label=\"Compartir en LinkedIn\" href='https:\/\/linkedin.com\/shareArticle?mini=true&#038;title=Sernac%20informa%20sobre%20alerta%20de%20seguridad%20alimentaria%20por%20leche%20en%20polvo%20infantil%20Alfamino&#038;url=https:\/\/radiorevelacionfm.cl\/?p=63105' aria-hidden='false' data-av_icon='\ue8fc' data-av_iconfont='entypo-fontello' title='' data-avia-related-tooltip='Compartir en LinkedIn' rel=\"noopener\"><span class='avia_hidden_link_text'>Compartir en LinkedIn<\/span><\/a><\/li><li class='av-share-link av-social-link-mail' ><a  aria-label=\"Compartir por correo\" href='mailto:?subject=Sernac%20informa%20sobre%20alerta%20de%20seguridad%20alimentaria%20por%20leche%20en%20polvo%20infantil%20Alfamino&#038;body=https:\/\/radiorevelacionfm.cl\/?p=63105' aria-hidden='false' data-av_icon='\ue805' data-av_iconfont='entypo-fontello' title='' data-avia-related-tooltip='Compartir por correo'><span class='avia_hidden_link_text'>Compartir por correo<\/span><\/a><\/li><\/ul><\/div><\/div>\n<div  style='height:50px' class='hr hr-invisible   avia-builder-el-8  el_after_av_social_share  el_before_av_comments_list '><span class='hr-inner ' ><span class='hr-inner-style'><\/span><\/span><\/div>\n<div  class='av-buildercomment  av-blog-meta-html-info-disabled av-blog-meta-tag-disabled  '><\/div>\n","protected":false},"excerpt":{"rendered":"","protected":false},"author":1,"featured_media":63106,"comment_status":"closed","ping_status":"closed","sticky":false,"template":"","format":"standard","meta":{"footnotes":""},"categories":[61],"tags":[],"class_list":["post-63105","post","type-post","status-publish","format-standard","has-post-thumbnail","hentry","category-nacional"],"jetpack_featured_media_url":"https:\/\/radiorevelacionfm.cl\/wp-content\/uploads\/2026\/01\/08_01_26-Grafica-alerta-sanitaria-leche-1-1.jpg","_links":{"self":[{"href":"https:\/\/radiorevelacionfm.cl\/index.php?rest_route=\/wp\/v2\/posts\/63105","targetHints":{"allow":["GET"]}}],"collection":[{"href":"https:\/\/radiorevelacionfm.cl\/index.php?rest_route=\/wp\/v2\/posts"}],"about":[{"href":"https:\/\/radiorevelacionfm.cl\/index.php?rest_route=\/wp\/v2\/types\/post"}],"author":[{"embeddable":true,"href":"https:\/\/radiorevelacionfm.cl\/index.php?rest_route=\/wp\/v2\/users\/1"}],"replies":[{"embeddable":true,"href":"https:\/\/radiorevelacionfm.cl\/index.php?rest_route=%2Fwp%2Fv2%2Fcomments&post=63105"}],"version-history":[{"count":2,"href":"https:\/\/radiorevelacionfm.cl\/index.php?rest_route=\/wp\/v2\/posts\/63105\/revisions"}],"predecessor-version":[{"id":63113,"href":"https:\/\/radiorevelacionfm.cl\/index.php?rest_route=\/wp\/v2\/posts\/63105\/revisions\/63113"}],"wp:featuredmedia":[{"embeddable":true,"href":"https:\/\/radiorevelacionfm.cl\/index.php?rest_route=\/wp\/v2\/media\/63106"}],"wp:attachment":[{"href":"https:\/\/radiorevelacionfm.cl\/index.php?rest_route=%2Fwp%2Fv2%2Fmedia&parent=63105"}],"wp:term":[{"taxonomy":"category","embeddable":true,"href":"https:\/\/radiorevelacionfm.cl\/index.php?rest_route=%2Fwp%2Fv2%2Fcategories&post=63105"},{"taxonomy":"post_tag","embeddable":true,"href":"https:\/\/radiorevelacionfm.cl\/index.php?rest_route=%2Fwp%2Fv2%2Ftags&post=63105"}],"curies":[{"name":"wp","href":"https:\/\/api.w.org\/{rel}","templated":true}]}}