{"id":63102,"date":"2026-01-08T20:19:37","date_gmt":"2026-01-08T23:19:37","guid":{"rendered":"https:\/\/radiorevelacionfm.cl\/?p=63102"},"modified":"2026-01-08T20:19:37","modified_gmt":"2026-01-08T23:19:37","slug":"invitan-a-lanzamiento-de-trabajo-en-soga-el-libro-que-rescata-el-alma-del-cuero-y-la-tradicion-patagonia","status":"publish","type":"post","link":"https:\/\/radiorevelacionfm.cl\/?p=63102","title":{"rendered":"Invitan a lanzamiento de \u00abTrabajo en soga\u00bb: El libro que rescata el alma del cuero y la tradici\u00f3n Patagonia"},"content":{"rendered":"<div class=\"flex_column av_one_full  flex_column_div av-zero-column-padding first  avia-builder-el-0  el_before_av_one_full  avia-builder-el-first  \" style='border-radius:0px; '><div  class='avia-image-container  av-styling-    avia-builder-el-1  avia-builder-el-no-sibling  avia-align-center '  itemprop=\"image\" itemscope=\"itemscope\" itemtype=\"https:\/\/schema.org\/ImageObject\"  ><div class='avia-image-container-inner'><div class='avia-image-overlay-wrap'><img decoding=\"async\" class='wp-image-63103 avia-img-lazy-loading-not-63103 avia_image' src=\"https:\/\/radiorevelacionfm.cl\/wp-content\/uploads\/2026\/01\/WhatsApp-Image-2026-01-07-at-3.44.28-PM-1-1-1.jpeg\" alt='' title='WhatsApp Image 2026-01-07 at 3.44.28 PM (1) (1) (1)' height=\"1245\" width=\"805\"  itemprop=\"thumbnailUrl\" srcset=\"https:\/\/radiorevelacionfm.cl\/wp-content\/uploads\/2026\/01\/WhatsApp-Image-2026-01-07-at-3.44.28-PM-1-1-1.jpeg 805w, https:\/\/radiorevelacionfm.cl\/wp-content\/uploads\/2026\/01\/WhatsApp-Image-2026-01-07-at-3.44.28-PM-1-1-1-194x300.jpeg 194w, https:\/\/radiorevelacionfm.cl\/wp-content\/uploads\/2026\/01\/WhatsApp-Image-2026-01-07-at-3.44.28-PM-1-1-1-666x1030.jpeg 666w, https:\/\/radiorevelacionfm.cl\/wp-content\/uploads\/2026\/01\/WhatsApp-Image-2026-01-07-at-3.44.28-PM-1-1-1-768x1188.jpeg 768w, https:\/\/radiorevelacionfm.cl\/wp-content\/uploads\/2026\/01\/WhatsApp-Image-2026-01-07-at-3.44.28-PM-1-1-1-456x705.jpeg 456w, https:\/\/radiorevelacionfm.cl\/wp-content\/uploads\/2026\/01\/WhatsApp-Image-2026-01-07-at-3.44.28-PM-1-1-1-450x696.jpeg 450w, https:\/\/radiorevelacionfm.cl\/wp-content\/uploads\/2026\/01\/WhatsApp-Image-2026-01-07-at-3.44.28-PM-1-1-1-600x928.jpeg 600w\" sizes=\"(max-width: 805px) 100vw, 805px\" \/><\/div><\/div><\/div><\/div><div class=\"flex_column av_one_full  flex_column_div av-zero-column-padding first  avia-builder-el-2  el_after_av_one_full  el_before_av_one_full  column-top-margin\" style='border-radius:0px; '><section class=\"av_textblock_section \"  itemscope=\"itemscope\" itemtype=\"https:\/\/schema.org\/BlogPosting\" itemprop=\"blogPost\" ><div class='avia_textblock  '   itemprop=\"text\" ><p style=\"text-align: center;\"><strong><span style=\"font-size: 18pt;\">Invitan a lanzamiento de \u00abTrabajo en soga\u00bb: El libro que rescata el alma del cuero y la tradici\u00f3n Patagonia<\/span><\/strong><\/p>\n<div id=\"gtx-trans\" style=\"position: absolute; left: -50px; top: 4.31534px;\">\n<div class=\"gtx-trans-icon\"><\/div>\n<\/div>\n<\/div><\/section><\/div><div class=\"flex_column av_one_full  flex_column_div av-zero-column-padding first  avia-builder-el-4  el_after_av_one_full  el_before_av_hr  column-top-margin\" style='border-radius:0px; '><section class=\"av_textblock_section \"  itemscope=\"itemscope\" itemtype=\"https:\/\/schema.org\/BlogPosting\" itemprop=\"blogPost\" ><div class='avia_textblock  '   itemprop=\"text\" ><p style=\"text-align: justify;\">Los hermanos y escritores regionales, Cecilio y Biterbo Aguilar Galindo, presentan su nueva obra titulada \u00abTrabajo en soga\u00bb, una ambiciosa recopilaci\u00f3n hist\u00f3rica que documenta las t\u00e9cnicas ancestrales del cuero aplicadas al mundo rural y animal en la Patagonia.<\/p>\n<p style=\"text-align: justify;\">El libro no es solo un manual t\u00e9cnico; es un acto de resistencia cultural que busca preservar el conocimiento de los antiguos pobladores de la zona. A trav\u00e9s de sus p\u00e1ginas, los autores invitan a un viaje por la identidad de la regi\u00f3n de Ays\u00e9n, rescatando m\u00e9todos que han pasado de generaci\u00f3n en generaci\u00f3n y que definen la vida del campo patag\u00f3nico.<\/p>\n<p style=\"text-align: justify;\"><strong>Puesta en valor de la memoria<\/strong><\/p>\n<p style=\"text-align: justify;\">Para Cecilio Aguilar, este trabajo responde a una urgencia hist\u00f3rica:<br \/>\n\u00abEs fundamental fortalecer, recopilar y dar una puesta en valor a la memoria de nuestra cultura patag\u00f3nica. Solo as\u00ed lograremos que la importancia de estas t\u00e9cnicas ancestrales se mantenga viva en las futuras generaciones.\u00bb<\/p>\n<p style=\"text-align: justify;\"><strong>Gira de lanzamientos por la regi\u00f3n<\/strong><\/p>\n<p style=\"text-align: justify;\">El libro ser\u00e1 presentado en diversas localidades para acercar la obra a las comunidades que inspiraron su creaci\u00f3n. El calendario de presentaciones para este mes es el siguiente:<br \/>\nViernes 9 de enero: Puerto Ingeniero Ib\u00e1\u00f1ez<br \/>\nS\u00e1bado 10 de enero: Chile Chico<br \/>\nDomingo 11 de enero : Cochrane<br \/>\nLunes 12 de enero : Coyhaique<br \/>\nMartes 13 de enero: Lago Verde<br \/>\nMi\u00e9rcoles 14 de Enero: La Junta<\/p>\n<p><strong>Proyecto con respaldo Regional<\/strong><\/p>\n<p style=\"text-align: justify;\">Esta obra es una realidad gracias al financiamiento del Fondart Regional, Convocatoria 2025, lo que refuerza el compromiso institucional con el patrimonio inmaterial de Ays\u00e9n<\/p>\n<\/div><\/section><\/div><div  style='height:50px' class='hr hr-invisible   avia-builder-el-6  el_after_av_one_full  el_before_av_social_share '><span class='hr-inner ' ><span class='hr-inner-style'><\/span><\/span><\/div><\/p>\n<div  class='av-social-sharing-box  avia-builder-el-7  el_after_av_hr  el_before_av_hr  '><div class='av-share-box'><h5 class='av-share-link-description av-no-toc '>Compartir esta noticia<\/h5><ul class='av-share-box-list noLightbox'><li class='av-share-link av-social-link-facebook' ><a target=\"_blank\" aria-label=\"Compartir en Facebook\" href='https:\/\/www.facebook.com\/sharer.php?u=https:\/\/radiorevelacionfm.cl\/?p=63102&#038;t=Invitan%20a%20lanzamiento%20de%20%C2%ABTrabajo%20en%20soga%C2%BB%3A%20El%20libro%20que%20rescata%20el%20alma%20del%20cuero%20y%20la%20tradici%C3%B3n%20Patagonia' aria-hidden='false' data-av_icon='\ue8f3' data-av_iconfont='entypo-fontello' title='' data-avia-related-tooltip='Compartir en Facebook' rel=\"noopener\"><span class='avia_hidden_link_text'>Compartir en Facebook<\/span><\/a><\/li><li class='av-share-link av-social-link-twitter' ><a target=\"_blank\" aria-label=\"Compartir en Twitter\" href='https:\/\/twitter.com\/share?text=Invitan%20a%20lanzamiento%20de%20%C2%ABTrabajo%20en%20soga%C2%BB%3A%20El%20libro%20que%20rescata%20el%20alma%20del%20cuero%20y%20la%20tradici%C3%B3n%20Patagonia&#038;url=https:\/\/radiorevelacionfm.cl\/?p=63102' aria-hidden='false' data-av_icon='\ue8f1' data-av_iconfont='entypo-fontello' title='' data-avia-related-tooltip='Compartir en Twitter' rel=\"noopener\"><span class='avia_hidden_link_text'>Compartir en Twitter<\/span><\/a><\/li><li class='av-share-link av-social-link-whatsapp' ><a target=\"_blank\" aria-label=\"Compartir en Whatsapp\" href='https:\/\/api.whatsapp.com\/send?text=https:\/\/radiorevelacionfm.cl\/?p=63102' aria-hidden='false' data-av_icon='\uf232' data-av_iconfont='entypo-fontello' title='' data-avia-related-tooltip='Compartir en Whatsapp' rel=\"noopener\"><span class='avia_hidden_link_text'>Compartir en Whatsapp<\/span><\/a><\/li><li class='av-share-link av-social-link-linkedin' ><a target=\"_blank\" aria-label=\"Compartir en LinkedIn\" href='https:\/\/linkedin.com\/shareArticle?mini=true&#038;title=Invitan%20a%20lanzamiento%20de%20%C2%ABTrabajo%20en%20soga%C2%BB%3A%20El%20libro%20que%20rescata%20el%20alma%20del%20cuero%20y%20la%20tradici%C3%B3n%20Patagonia&#038;url=https:\/\/radiorevelacionfm.cl\/?p=63102' aria-hidden='false' data-av_icon='\ue8fc' data-av_iconfont='entypo-fontello' title='' data-avia-related-tooltip='Compartir en LinkedIn' rel=\"noopener\"><span class='avia_hidden_link_text'>Compartir en LinkedIn<\/span><\/a><\/li><li class='av-share-link av-social-link-mail' ><a  aria-label=\"Compartir por correo\" href='mailto:?subject=Invitan%20a%20lanzamiento%20de%20%C2%ABTrabajo%20en%20soga%C2%BB%3A%20El%20libro%20que%20rescata%20el%20alma%20del%20cuero%20y%20la%20tradici%C3%B3n%20Patagonia&#038;body=https:\/\/radiorevelacionfm.cl\/?p=63102' aria-hidden='false' data-av_icon='\ue805' data-av_iconfont='entypo-fontello' title='' data-avia-related-tooltip='Compartir por correo'><span class='avia_hidden_link_text'>Compartir por correo<\/span><\/a><\/li><\/ul><\/div><\/div>\n<div  style='height:50px' class='hr hr-invisible   avia-builder-el-8  el_after_av_social_share  el_before_av_comments_list '><span class='hr-inner ' ><span class='hr-inner-style'><\/span><\/span><\/div>\n<div  class='av-buildercomment  av-blog-meta-html-info-disabled av-blog-meta-tag-disabled  '><\/div>\n","protected":false},"excerpt":{"rendered":"","protected":false},"author":1,"featured_media":63103,"comment_status":"closed","ping_status":"closed","sticky":false,"template":"","format":"standard","meta":{"footnotes":""},"categories":[52],"tags":[],"class_list":["post-63102","post","type-post","status-publish","format-standard","has-post-thumbnail","hentry","category-cultura"],"jetpack_featured_media_url":"https:\/\/radiorevelacionfm.cl\/wp-content\/uploads\/2026\/01\/WhatsApp-Image-2026-01-07-at-3.44.28-PM-1-1-1.jpeg","_links":{"self":[{"href":"https:\/\/radiorevelacionfm.cl\/index.php?rest_route=\/wp\/v2\/posts\/63102","targetHints":{"allow":["GET"]}}],"collection":[{"href":"https:\/\/radiorevelacionfm.cl\/index.php?rest_route=\/wp\/v2\/posts"}],"about":[{"href":"https:\/\/radiorevelacionfm.cl\/index.php?rest_route=\/wp\/v2\/types\/post"}],"author":[{"embeddable":true,"href":"https:\/\/radiorevelacionfm.cl\/index.php?rest_route=\/wp\/v2\/users\/1"}],"replies":[{"embeddable":true,"href":"https:\/\/radiorevelacionfm.cl\/index.php?rest_route=%2Fwp%2Fv2%2Fcomments&post=63102"}],"version-history":[{"count":2,"href":"https:\/\/radiorevelacionfm.cl\/index.php?rest_route=\/wp\/v2\/posts\/63102\/revisions"}],"predecessor-version":[{"id":63108,"href":"https:\/\/radiorevelacionfm.cl\/index.php?rest_route=\/wp\/v2\/posts\/63102\/revisions\/63108"}],"wp:featuredmedia":[{"embeddable":true,"href":"https:\/\/radiorevelacionfm.cl\/index.php?rest_route=\/wp\/v2\/media\/63103"}],"wp:attachment":[{"href":"https:\/\/radiorevelacionfm.cl\/index.php?rest_route=%2Fwp%2Fv2%2Fmedia&parent=63102"}],"wp:term":[{"taxonomy":"category","embeddable":true,"href":"https:\/\/radiorevelacionfm.cl\/index.php?rest_route=%2Fwp%2Fv2%2Fcategories&post=63102"},{"taxonomy":"post_tag","embeddable":true,"href":"https:\/\/radiorevelacionfm.cl\/index.php?rest_route=%2Fwp%2Fv2%2Ftags&post=63102"}],"curies":[{"name":"wp","href":"https:\/\/api.w.org\/{rel}","templated":true}]}}