{"id":63096,"date":"2026-01-08T18:05:31","date_gmt":"2026-01-08T21:05:31","guid":{"rendered":"https:\/\/radiorevelacionfm.cl\/?p=63096"},"modified":"2026-01-08T18:05:31","modified_gmt":"2026-01-08T21:05:31","slug":"mop-cumple-compromiso-de-conformar-20-mesas-estrategicas-de-recursos-hidricos-en-cuencas","status":"publish","type":"post","link":"https:\/\/radiorevelacionfm.cl\/?p=63096","title":{"rendered":"MOP cumple compromiso de conformar 20 mesas estrat\u00e9gicas de recursos h\u00eddricos en cuencas"},"content":{"rendered":"<div class=\"flex_column av_one_full  flex_column_div av-zero-column-padding first  avia-builder-el-0  el_before_av_one_full  avia-builder-el-first  \" style='border-radius:0px; '><div  class='avia-image-container  av-styling-    avia-builder-el-1  avia-builder-el-no-sibling  avia-align-center '  itemprop=\"image\" itemscope=\"itemscope\" itemtype=\"https:\/\/schema.org\/ImageObject\"  ><div class='avia-image-container-inner'><div class='avia-image-overlay-wrap'><img decoding=\"async\" class='wp-image-63097 avia-img-lazy-loading-not-63097 avia_image' src=\"https:\/\/radiorevelacionfm.cl\/wp-content\/uploads\/2026\/01\/Director-General-de-Aguas-Rodrigo-Sanhueza-y-ministra-MOP-Jessica-Lopez-1-1.jpg\" alt='' title='Director General de Aguas Rodrigo Sanhueza y ministra MOP Jessica L\u00f3pez (1) (1)' height=\"600\" width=\"900\"  itemprop=\"thumbnailUrl\" srcset=\"https:\/\/radiorevelacionfm.cl\/wp-content\/uploads\/2026\/01\/Director-General-de-Aguas-Rodrigo-Sanhueza-y-ministra-MOP-Jessica-Lopez-1-1.jpg 900w, https:\/\/radiorevelacionfm.cl\/wp-content\/uploads\/2026\/01\/Director-General-de-Aguas-Rodrigo-Sanhueza-y-ministra-MOP-Jessica-Lopez-1-1-300x200.jpg 300w, https:\/\/radiorevelacionfm.cl\/wp-content\/uploads\/2026\/01\/Director-General-de-Aguas-Rodrigo-Sanhueza-y-ministra-MOP-Jessica-Lopez-1-1-768x512.jpg 768w, https:\/\/radiorevelacionfm.cl\/wp-content\/uploads\/2026\/01\/Director-General-de-Aguas-Rodrigo-Sanhueza-y-ministra-MOP-Jessica-Lopez-1-1-705x470.jpg 705w, https:\/\/radiorevelacionfm.cl\/wp-content\/uploads\/2026\/01\/Director-General-de-Aguas-Rodrigo-Sanhueza-y-ministra-MOP-Jessica-Lopez-1-1-450x300.jpg 450w, https:\/\/radiorevelacionfm.cl\/wp-content\/uploads\/2026\/01\/Director-General-de-Aguas-Rodrigo-Sanhueza-y-ministra-MOP-Jessica-Lopez-1-1-600x400.jpg 600w\" sizes=\"(max-width: 900px) 100vw, 900px\" \/><\/div><\/div><\/div><\/div><div class=\"flex_column av_one_full  flex_column_div av-zero-column-padding first  avia-builder-el-2  el_after_av_one_full  el_before_av_one_full  column-top-margin\" style='border-radius:0px; '><section class=\"av_textblock_section \"  itemscope=\"itemscope\" itemtype=\"https:\/\/schema.org\/BlogPosting\" itemprop=\"blogPost\" ><div class='avia_textblock  '   itemprop=\"text\" ><p style=\"text-align: center;\"><strong><span style=\"font-size: 18pt;\">MOP cumple compromiso de conformar 20 mesas estrat\u00e9gicas de recursos h\u00eddricos en cuencas<\/span><\/strong><\/p>\n<div id=\"gtx-trans\" style=\"position: absolute; left: -50px; top: 4.31534px;\">\n<div class=\"gtx-trans-icon\"><\/div>\n<\/div>\n<\/div><\/section><\/div><div class=\"flex_column av_one_full  flex_column_div av-zero-column-padding first  avia-builder-el-4  el_after_av_one_full  el_before_av_hr  column-top-margin\" style='border-radius:0px; '><section class=\"av_textblock_section \"  itemscope=\"itemscope\" itemtype=\"https:\/\/schema.org\/BlogPosting\" itemprop=\"blogPost\" ><div class='avia_textblock  '   itemprop=\"text\" ><ul>\n<li style=\"text-align: justify;\"><em>El compromiso del gobierno del Presidente Boric era conformar al menos una Mesa Estrat\u00e9gica de Recursos H\u00eddricas en cada regi\u00f3n del pa\u00eds, para que los distintos actores de cada cuenca puedan gestionar, mirando la particularidad de cada una de ellas, los recursos h\u00eddricos, priorizando el consumo humano en armon\u00eda con las funciones productivas y ecosist\u00e9micas.<\/em><\/li>\n<\/ul>\n<p style=\"text-align: justify;\">Unas de las acciones que comprometi\u00f3 el MOP para avanzar en seguridad h\u00eddrica fue promover la gobernanza desde las cuencas a trav\u00e9s de la conformaci\u00f3n de las Mesas Estrat\u00e9gicas de Recursos H\u00eddricos en 20 cuencas priorizadas, abarcando territorios donde habita cerca del 70% de la poblaci\u00f3n. Este hito se cumpli\u00f3 el martes 16 de diciembre pasado con la constituci\u00f3n de la Mesa Estrat\u00e9gica de Recursos H\u00eddricos (MERH) en la cuenca del r\u00edo Copiap\u00f3 en la Regi\u00f3n de Atacama.<\/p>\n<p style=\"text-align: justify;\">La ministra de Obras P\u00fablicas, Jessica L\u00f3pez, resalt\u00f3 que las Mesas constituyen espacios para integrar los distintos usos del agua en base a un consenso de los actores de una cuenca. \u201cEn marzo de 2022 el Gobierno del Presidente Boric asumi\u00f3 el compromiso de avanzar en la gobernanza del agua desde las cuencas con el objeto de que fuesen los actores de la cuenca, que de manera coordinada, avanzaran hacia la gesti\u00f3n integrada de los recursos h\u00eddricos, considerando todos los usos del agua, priorizando el consumo humano en armon\u00eda con las funciones productivas y ecosist\u00e9micas\u201d.<\/p>\n<p style=\"text-align: justify;\">En la Regi\u00f3n de Ays\u00e9n, la SEREMI del MOP Paloma Jara destac\u00f3 la importancia de ser parte integral de este proceso. \u201cNos sentimos muy felices de ser parte del hito nacional de m\u00e1s de 20 mesas constituidas de recursos h\u00eddricos en nuestras cuencas. En particular, nosotros ya estamos en la sesi\u00f3n n\u00famero 8 de la mesa de la Cuenca del R\u00edo Ays\u00e9n, una instancia p\u00fablico privada que ha sido muy enriquecedora y que en particular a m\u00ed me gusta mucho destacar el hecho de que ha sido llevada por profesionales de la DGA y no por consultoras externas, lo que realza el trabajo que hace nuestra Direcci\u00f3n General de Agua en la regi\u00f3n\u201d.<\/p>\n<p style=\"text-align: justify;\">El director general de Aguas del MOP, Rodrigo Sanhueza, agreg\u00f3 que \u201cexiste un consenso generalizado de que se tiene que avanzar con la mirada territorial, desde las cuencas, y ese es nuestro legado, ya que en esta materia Chile estaba al debe a nivel regional e internacional\u201d.<\/p>\n<p style=\"text-align: justify;\">Por su parte, el director de Aguas del MOP en la Regi\u00f3n de Ays\u00e9n, H\u00e9ctor Cort\u00e9s Gaete expres\u00f3 que esta es una oportunidad \u00fanica para que todos -tanto el sector p\u00fablico como privado- contin\u00faen participando en esta instancia, y agreg\u00f3: \u201cEstos son modelos de gesti\u00f3n que se han venido implementando por parte de la Direcci\u00f3n General de Aguas, con el apoyo de la Seremi y de las autoridades regionales, dentro de la perspectiva de lo que es una nueva forma de ver c\u00f3mo se hace la administraci\u00f3n, el uso y la protecci\u00f3n de los recursos h\u00eddricos. En esta octava sesi\u00f3n de la Mesa, establecimos los objetivos, la visi\u00f3n m\u00e1s general de lo que uno esperar\u00eda que en el futuro sea la administraci\u00f3n de la Cuenca del R\u00edo Ays\u00e9n\u201d.<\/p>\n<p style=\"text-align: justify;\">De esta forma, la importancia que los actores vinculados al agua asignan a las Mesas para avanzar en seguridad h\u00eddrica, es que re\u00fane a una diversidad de personas para trabajar por objetivos comunes en el PERHC y que, al estar las Mesas establecidas por ley, tendr\u00e1n continuidad en el tiempo para hacer seguimiento de las medidas y acciones all\u00ed propuestas, y as\u00ed avanzar en solucionar las brechas del agua, pero el Estado por s\u00ed solo no podr\u00e1 asumir este esfuerzo, por lo tanto es clave la inversi\u00f3n de privados.<\/p>\n<p style=\"text-align: justify;\">Cabe se\u00f1alar que, en estas Mesas se han presentado y discutido los avances de los Planes Estrat\u00e9gicos de Recursos H\u00eddricos en Cuencas (PERHC), instrumento de gesti\u00f3n para avanzar en seguridad h\u00eddrica que considera una caracterizaci\u00f3n y balance h\u00eddrico de cada cuenca, as\u00ed como tambi\u00e9n una identificaci\u00f3n de los principales problemas que afectan la seguridad h\u00eddrica, y la cartera de medidas orientadas a abordar las brechas y generar gu\u00edas para la acci\u00f3n p\u00fablica y privada hacia una gesti\u00f3n integrada de los recursos h\u00eddricos resilientes ante un escenario de cambio clim\u00e1tico que afecta al pa\u00eds.<\/p>\n<p style=\"text-align: justify;\">Hasta ahora, se han constituido Mesas en cuencas de todas las regiones del pa\u00eds: Codpa-V\u00edtor (Arica y Parinacota), Cami\u00f1a (Tarapac\u00e1), Salar de Atacama (Antofagasta), Huasco y Copiap\u00f3 (Atacama); Elqui, Limar\u00ed y Choapa (Coquimbo), Aconcagua y r\u00edo Ligua y Petorca (Valpara\u00edso), Maipo (Metropolitana), Rapel y Costeras Rapel-Estero Nilahue (Rancagua), Maule (Maule), Itata (\u00d1uble), Biob\u00edo (Biob\u00edo), Tolt\u00e9n (La Araucan\u00eda), Valdivia (Los R\u00edos), Maull\u00edn (Los Lagos), Ays\u00e9n (Ays\u00e9n) y costera entre Seno Andrew y Punta Desenga\u00f1o (Magallanes).<\/p>\n<\/div><\/section><\/div><div  style='height:50px' class='hr hr-invisible   avia-builder-el-6  el_after_av_one_full  el_before_av_social_share '><span class='hr-inner ' ><span class='hr-inner-style'><\/span><\/span><\/div><\/p>\n<div  class='av-social-sharing-box  avia-builder-el-7  el_after_av_hr  el_before_av_hr  '><div class='av-share-box'><h5 class='av-share-link-description av-no-toc '>Compartir esta noticia<\/h5><ul class='av-share-box-list noLightbox'><li class='av-share-link av-social-link-facebook' ><a target=\"_blank\" aria-label=\"Compartir en Facebook\" href='https:\/\/www.facebook.com\/sharer.php?u=https:\/\/radiorevelacionfm.cl\/?p=63096&#038;t=MOP%20cumple%20compromiso%20de%20conformar%2020%20mesas%20estrat%C3%A9gicas%20de%20recursos%20h%C3%ADdricos%20en%20cuencas' aria-hidden='false' data-av_icon='\ue8f3' data-av_iconfont='entypo-fontello' title='' data-avia-related-tooltip='Compartir en Facebook' rel=\"noopener\"><span class='avia_hidden_link_text'>Compartir en Facebook<\/span><\/a><\/li><li class='av-share-link av-social-link-twitter' ><a target=\"_blank\" aria-label=\"Compartir en Twitter\" href='https:\/\/twitter.com\/share?text=MOP%20cumple%20compromiso%20de%20conformar%2020%20mesas%20estrat%C3%A9gicas%20de%20recursos%20h%C3%ADdricos%20en%20cuencas&#038;url=https:\/\/radiorevelacionfm.cl\/?p=63096' aria-hidden='false' data-av_icon='\ue8f1' data-av_iconfont='entypo-fontello' title='' data-avia-related-tooltip='Compartir en Twitter' rel=\"noopener\"><span class='avia_hidden_link_text'>Compartir en Twitter<\/span><\/a><\/li><li class='av-share-link av-social-link-whatsapp' ><a target=\"_blank\" aria-label=\"Compartir en Whatsapp\" href='https:\/\/api.whatsapp.com\/send?text=https:\/\/radiorevelacionfm.cl\/?p=63096' aria-hidden='false' data-av_icon='\uf232' data-av_iconfont='entypo-fontello' title='' data-avia-related-tooltip='Compartir en Whatsapp' rel=\"noopener\"><span class='avia_hidden_link_text'>Compartir en Whatsapp<\/span><\/a><\/li><li class='av-share-link av-social-link-linkedin' ><a target=\"_blank\" aria-label=\"Compartir en LinkedIn\" href='https:\/\/linkedin.com\/shareArticle?mini=true&#038;title=MOP%20cumple%20compromiso%20de%20conformar%2020%20mesas%20estrat%C3%A9gicas%20de%20recursos%20h%C3%ADdricos%20en%20cuencas&#038;url=https:\/\/radiorevelacionfm.cl\/?p=63096' aria-hidden='false' data-av_icon='\ue8fc' data-av_iconfont='entypo-fontello' title='' data-avia-related-tooltip='Compartir en LinkedIn' rel=\"noopener\"><span class='avia_hidden_link_text'>Compartir en LinkedIn<\/span><\/a><\/li><li class='av-share-link av-social-link-mail' ><a  aria-label=\"Compartir por correo\" href='mailto:?subject=MOP%20cumple%20compromiso%20de%20conformar%2020%20mesas%20estrat%C3%A9gicas%20de%20recursos%20h%C3%ADdricos%20en%20cuencas&#038;body=https:\/\/radiorevelacionfm.cl\/?p=63096' aria-hidden='false' data-av_icon='\ue805' data-av_iconfont='entypo-fontello' title='' data-avia-related-tooltip='Compartir por correo'><span class='avia_hidden_link_text'>Compartir por correo<\/span><\/a><\/li><\/ul><\/div><\/div>\n<div  style='height:50px' class='hr hr-invisible   avia-builder-el-8  el_after_av_social_share  el_before_av_comments_list '><span class='hr-inner ' ><span class='hr-inner-style'><\/span><\/span><\/div>\n<div  class='av-buildercomment  av-blog-meta-html-info-disabled av-blog-meta-tag-disabled  '><\/div>\n","protected":false},"excerpt":{"rendered":"","protected":false},"author":1,"featured_media":63097,"comment_status":"closed","ping_status":"closed","sticky":false,"template":"","format":"standard","meta":{"footnotes":""},"categories":[38],"tags":[],"class_list":["post-63096","post","type-post","status-publish","format-standard","has-post-thumbnail","hentry","category-regional"],"jetpack_featured_media_url":"https:\/\/radiorevelacionfm.cl\/wp-content\/uploads\/2026\/01\/Director-General-de-Aguas-Rodrigo-Sanhueza-y-ministra-MOP-Jessica-Lopez-1-1.jpg","_links":{"self":[{"href":"https:\/\/radiorevelacionfm.cl\/index.php?rest_route=\/wp\/v2\/posts\/63096","targetHints":{"allow":["GET"]}}],"collection":[{"href":"https:\/\/radiorevelacionfm.cl\/index.php?rest_route=\/wp\/v2\/posts"}],"about":[{"href":"https:\/\/radiorevelacionfm.cl\/index.php?rest_route=\/wp\/v2\/types\/post"}],"author":[{"embeddable":true,"href":"https:\/\/radiorevelacionfm.cl\/index.php?rest_route=\/wp\/v2\/users\/1"}],"replies":[{"embeddable":true,"href":"https:\/\/radiorevelacionfm.cl\/index.php?rest_route=%2Fwp%2Fv2%2Fcomments&post=63096"}],"version-history":[{"count":2,"href":"https:\/\/radiorevelacionfm.cl\/index.php?rest_route=\/wp\/v2\/posts\/63096\/revisions"}],"predecessor-version":[{"id":63099,"href":"https:\/\/radiorevelacionfm.cl\/index.php?rest_route=\/wp\/v2\/posts\/63096\/revisions\/63099"}],"wp:featuredmedia":[{"embeddable":true,"href":"https:\/\/radiorevelacionfm.cl\/index.php?rest_route=\/wp\/v2\/media\/63097"}],"wp:attachment":[{"href":"https:\/\/radiorevelacionfm.cl\/index.php?rest_route=%2Fwp%2Fv2%2Fmedia&parent=63096"}],"wp:term":[{"taxonomy":"category","embeddable":true,"href":"https:\/\/radiorevelacionfm.cl\/index.php?rest_route=%2Fwp%2Fv2%2Fcategories&post=63096"},{"taxonomy":"post_tag","embeddable":true,"href":"https:\/\/radiorevelacionfm.cl\/index.php?rest_route=%2Fwp%2Fv2%2Ftags&post=63096"}],"curies":[{"name":"wp","href":"https:\/\/api.w.org\/{rel}","templated":true}]}}