{"id":63092,"date":"2026-01-08T16:49:01","date_gmt":"2026-01-08T19:49:01","guid":{"rendered":"https:\/\/radiorevelacionfm.cl\/?p=63092"},"modified":"2026-01-08T16:49:01","modified_gmt":"2026-01-08T19:49:01","slug":"delegacion-provincial-de-aysen-entrega-mobiliario-del-general-marchant-al-museo-de-carabineros","status":"publish","type":"post","link":"https:\/\/radiorevelacionfm.cl\/?p=63092","title":{"rendered":"Delegaci\u00f3n Provincial de Ays\u00e9n entrega mobiliario del General Marchant al Museo de Carabineros"},"content":{"rendered":"<div class=\"flex_column av_one_full  flex_column_div av-zero-column-padding first  avia-builder-el-0  el_before_av_one_full  avia-builder-el-first  \" style='border-radius:0px; '><div  class='avia-image-container  av-styling-    avia-builder-el-1  avia-builder-el-no-sibling  avia-align-center '  itemprop=\"image\" itemscope=\"itemscope\" itemtype=\"https:\/\/schema.org\/ImageObject\"  ><div class='avia-image-container-inner'><div class='avia-image-overlay-wrap'><img decoding=\"async\" class='wp-image-63093 avia-img-lazy-loading-not-63093 avia_image' src=\"https:\/\/radiorevelacionfm.cl\/wp-content\/uploads\/2026\/01\/muebles-para-museo-2-1_optimized-1.jpeg\" alt='' title='muebles-para-museo-2-(1)_optimized (1)' height=\"600\" width=\"909\"  itemprop=\"thumbnailUrl\" srcset=\"https:\/\/radiorevelacionfm.cl\/wp-content\/uploads\/2026\/01\/muebles-para-museo-2-1_optimized-1.jpeg 909w, https:\/\/radiorevelacionfm.cl\/wp-content\/uploads\/2026\/01\/muebles-para-museo-2-1_optimized-1-300x198.jpeg 300w, https:\/\/radiorevelacionfm.cl\/wp-content\/uploads\/2026\/01\/muebles-para-museo-2-1_optimized-1-768x507.jpeg 768w, https:\/\/radiorevelacionfm.cl\/wp-content\/uploads\/2026\/01\/muebles-para-museo-2-1_optimized-1-705x465.jpeg 705w, https:\/\/radiorevelacionfm.cl\/wp-content\/uploads\/2026\/01\/muebles-para-museo-2-1_optimized-1-450x297.jpeg 450w, https:\/\/radiorevelacionfm.cl\/wp-content\/uploads\/2026\/01\/muebles-para-museo-2-1_optimized-1-600x396.jpeg 600w\" sizes=\"(max-width: 909px) 100vw, 909px\" \/><\/div><\/div><\/div><\/div><div class=\"flex_column av_one_full  flex_column_div av-zero-column-padding first  avia-builder-el-2  el_after_av_one_full  el_before_av_one_full  column-top-margin\" style='border-radius:0px; '><section class=\"av_textblock_section \"  itemscope=\"itemscope\" itemtype=\"https:\/\/schema.org\/BlogPosting\" itemprop=\"blogPost\" ><div class='avia_textblock  '   itemprop=\"text\" ><p style=\"text-align: center;\"><strong><span style=\"font-size: 18pt;\">Delegaci\u00f3n Provincial de Ays\u00e9n entrega mobiliario del General Marchant al Museo de Carabineros<\/span><\/strong><\/p>\n<div id=\"gtx-trans\" style=\"position: absolute; left: -50px; top: 4.31534px;\">\n<div class=\"gtx-trans-icon\"><\/div>\n<\/div>\n<\/div><\/section><\/div><div class=\"flex_column av_one_full  flex_column_div av-zero-column-padding first  avia-builder-el-4  el_after_av_one_full  el_before_av_hr  column-top-margin\" style='border-radius:0px; '><section class=\"av_textblock_section \"  itemscope=\"itemscope\" itemtype=\"https:\/\/schema.org\/BlogPosting\" itemprop=\"blogPost\" ><div class='avia_textblock  '   itemprop=\"text\" ><p style=\"text-align: justify;\">Delegaci\u00f3n Presidencial Provincial de Ays\u00e9n y Seremi de Bienes Nacionales entregan al Museo Hist\u00f3rico de Puerto Ays\u00e9n mobiliario patrimonial perteneciente al General Luis Marchant Gonz\u00e1lez.<\/p>\n<p style=\"text-align: justify;\">Se trata de elementos que constituyen parte de la historia institucional y de la memoria de la regi\u00f3n de Ays\u00e9n, patrimonio cuya puesta en valor puede ser apreciado desde hoy por parte de la comunidad.<\/p>\n<p style=\"text-align: justify;\">En una ceremonia realizada en el Museo Hist\u00f3rico de Carabineros de Chile en la ciudad de Puerto Ays\u00e9n, la Delegaci\u00f3n Presidencial Provincial de Ays\u00e9n, en conjunto con la Secretar\u00eda Regional Ministerial de Bienes Nacionales, concret\u00f3 la entrega oficial de un conjunto de muebles patrimoniales que pertenecieron al Intendente -por tres periodos- el insigne General Luis Marchant Gonz\u00e1lez, figura hist\u00f3rica tanto para Carabineros de Chile como para el desarrollo institucional de la regi\u00f3n.<\/p>\n<p style=\"text-align: justify;\">Las piezas -mobiliario original utilizado durante la carrera del General Marchant- formaban parte del inventario patrimonial de la Delegaci\u00f3n Presidencial Provincial de Ays\u00e9n, donde se encontraban resguardadas desde hace a\u00f1os.<\/p>\n<p style=\"text-align: justify;\">Gracias a una gesti\u00f3n impulsada directamente por el Delegado Presidencial Provincial, Rodrigo Moreno Rivera, se inici\u00f3 un proceso de coordinaci\u00f3n t\u00e9cnica y administrativa con Bienes Nacionales, que permiti\u00f3 evaluar su estado, catalogarlas y autorizar su traspaso definitivo al Museo Hist\u00f3rico de Carabineros.<\/p>\n<p style=\"text-align: justify;\">Durante la ceremonia, el Delegado Rodrigo Moreno Rivera destac\u00f3 el valor de este hito.<\/p>\n<p style=\"text-align: justify;\">\u201cEstos muebles representan una parte significativa de la historia institucional y de la memoria de nuestra regi\u00f3n. Por eso, desde la Delegaci\u00f3n impulsamos este proceso, convencidos de que su lugar es un espacio abierto a la comunidad, donde puedan ser apreciados, preservados y puestos en valor. Este patrimonio debe estar vivo, no guardado\u201d.<\/p>\n<p style=\"text-align: justify;\">Por su parte, la autoridad que administra los bienes fiscales de la regi\u00f3n, Irina Morend Valdebenito, enfatiz\u00f3 en el compromiso del Ministerio de Bienes Nacionales con la protecci\u00f3n del patrimonio fiscal. \u201cBienes Nacionales tiene la misi\u00f3n de velar por el correcto uso y destino de los bienes fiscales. El traspaso que hoy concretamos garantiza que este mobiliario hist\u00f3rico sea conservado y exhibido en un espacio que resguarda la memoria de Ays\u00e9n y de Carabineros de Chile\u201d, sostuvo la Seremi.<\/p>\n<p style=\"text-align: justify;\">El General Eduardo Palma Fuentes, Jefe de Zona Ays\u00e9n, valor\u00f3 profundamente la incorporaci\u00f3n de estas piezas a la colecci\u00f3n institucional.<\/p>\n<p style=\"text-align: justify;\">\u201cEste aporte viene a fortalecer la colecci\u00f3n patrimonial, permitiendo mostrar al p\u00fablico objetos que pertenecieron a una de las figuras m\u00e1s emblem\u00e1ticas de la historia institucional. Con este traspaso, el Museo Hist\u00f3rico de Carabineros de Puerto Ays\u00e9n suma piezas de alto valor simb\u00f3lico y patrimonial, reforzando su rol como una de las principales vitrinas culturales de la provincia\u201d, indic\u00f3 el Oficial General.<\/p>\n<p style=\"text-align: justify;\">El traspaso qued\u00f3 formalmente plasmado mediante la firma de las autoridades, sellando as\u00ed el acto administrativo que autoriza y formaliza la entrega del mobiliario al museo.<\/p>\n<p style=\"text-align: justify;\">Asimismo, la Delegaci\u00f3n Presidencial Provincial reafirma su compromiso con la gesti\u00f3n responsable del patrimonio fiscal, asegurando que bienes hist\u00f3ricos vinculados a la identidad regional sean preservados y puestos a disposici\u00f3n de la ciudadan\u00eda.<\/p>\n<\/div><\/section><\/div><div  style='height:50px' class='hr hr-invisible   avia-builder-el-6  el_after_av_one_full  el_before_av_social_share '><span class='hr-inner ' ><span class='hr-inner-style'><\/span><\/span><\/div><\/p>\n<div  class='av-social-sharing-box  avia-builder-el-7  el_after_av_hr  el_before_av_hr  '><div class='av-share-box'><h5 class='av-share-link-description av-no-toc '>Compartir esta noticia<\/h5><ul class='av-share-box-list noLightbox'><li class='av-share-link av-social-link-facebook' ><a target=\"_blank\" aria-label=\"Compartir en Facebook\" href='https:\/\/www.facebook.com\/sharer.php?u=https:\/\/radiorevelacionfm.cl\/?p=63092&#038;t=Delegaci%C3%B3n%20Provincial%20de%20Ays%C3%A9n%20entrega%20mobiliario%20del%20General%20Marchant%20al%20Museo%20de%20Carabineros' aria-hidden='false' data-av_icon='\ue8f3' data-av_iconfont='entypo-fontello' title='' data-avia-related-tooltip='Compartir en Facebook' rel=\"noopener\"><span class='avia_hidden_link_text'>Compartir en Facebook<\/span><\/a><\/li><li class='av-share-link av-social-link-twitter' ><a target=\"_blank\" aria-label=\"Compartir en Twitter\" href='https:\/\/twitter.com\/share?text=Delegaci%C3%B3n%20Provincial%20de%20Ays%C3%A9n%20entrega%20mobiliario%20del%20General%20Marchant%20al%20Museo%20de%20Carabineros&#038;url=https:\/\/radiorevelacionfm.cl\/?p=63092' aria-hidden='false' data-av_icon='\ue8f1' data-av_iconfont='entypo-fontello' title='' data-avia-related-tooltip='Compartir en Twitter' rel=\"noopener\"><span class='avia_hidden_link_text'>Compartir en Twitter<\/span><\/a><\/li><li class='av-share-link av-social-link-whatsapp' ><a target=\"_blank\" aria-label=\"Compartir en Whatsapp\" href='https:\/\/api.whatsapp.com\/send?text=https:\/\/radiorevelacionfm.cl\/?p=63092' aria-hidden='false' data-av_icon='\uf232' data-av_iconfont='entypo-fontello' title='' data-avia-related-tooltip='Compartir en Whatsapp' rel=\"noopener\"><span class='avia_hidden_link_text'>Compartir en Whatsapp<\/span><\/a><\/li><li class='av-share-link av-social-link-linkedin' ><a target=\"_blank\" aria-label=\"Compartir en LinkedIn\" href='https:\/\/linkedin.com\/shareArticle?mini=true&#038;title=Delegaci%C3%B3n%20Provincial%20de%20Ays%C3%A9n%20entrega%20mobiliario%20del%20General%20Marchant%20al%20Museo%20de%20Carabineros&#038;url=https:\/\/radiorevelacionfm.cl\/?p=63092' aria-hidden='false' data-av_icon='\ue8fc' data-av_iconfont='entypo-fontello' title='' data-avia-related-tooltip='Compartir en LinkedIn' rel=\"noopener\"><span class='avia_hidden_link_text'>Compartir en LinkedIn<\/span><\/a><\/li><li class='av-share-link av-social-link-mail' ><a  aria-label=\"Compartir por correo\" href='mailto:?subject=Delegaci%C3%B3n%20Provincial%20de%20Ays%C3%A9n%20entrega%20mobiliario%20del%20General%20Marchant%20al%20Museo%20de%20Carabineros&#038;body=https:\/\/radiorevelacionfm.cl\/?p=63092' aria-hidden='false' data-av_icon='\ue805' data-av_iconfont='entypo-fontello' title='' data-avia-related-tooltip='Compartir por correo'><span class='avia_hidden_link_text'>Compartir por correo<\/span><\/a><\/li><\/ul><\/div><\/div>\n<div  style='height:50px' class='hr hr-invisible   avia-builder-el-8  el_after_av_social_share  el_before_av_comments_list '><span class='hr-inner ' ><span class='hr-inner-style'><\/span><\/span><\/div>\n<div  class='av-buildercomment  av-blog-meta-html-info-disabled av-blog-meta-tag-disabled  '><\/div>\n","protected":false},"excerpt":{"rendered":"","protected":false},"author":1,"featured_media":63093,"comment_status":"closed","ping_status":"closed","sticky":false,"template":"","format":"standard","meta":{"footnotes":""},"categories":[38],"tags":[],"class_list":["post-63092","post","type-post","status-publish","format-standard","has-post-thumbnail","hentry","category-regional"],"jetpack_featured_media_url":"https:\/\/radiorevelacionfm.cl\/wp-content\/uploads\/2026\/01\/muebles-para-museo-2-1_optimized-1.jpeg","_links":{"self":[{"href":"https:\/\/radiorevelacionfm.cl\/index.php?rest_route=\/wp\/v2\/posts\/63092","targetHints":{"allow":["GET"]}}],"collection":[{"href":"https:\/\/radiorevelacionfm.cl\/index.php?rest_route=\/wp\/v2\/posts"}],"about":[{"href":"https:\/\/radiorevelacionfm.cl\/index.php?rest_route=\/wp\/v2\/types\/post"}],"author":[{"embeddable":true,"href":"https:\/\/radiorevelacionfm.cl\/index.php?rest_route=\/wp\/v2\/users\/1"}],"replies":[{"embeddable":true,"href":"https:\/\/radiorevelacionfm.cl\/index.php?rest_route=%2Fwp%2Fv2%2Fcomments&post=63092"}],"version-history":[{"count":2,"href":"https:\/\/radiorevelacionfm.cl\/index.php?rest_route=\/wp\/v2\/posts\/63092\/revisions"}],"predecessor-version":[{"id":63095,"href":"https:\/\/radiorevelacionfm.cl\/index.php?rest_route=\/wp\/v2\/posts\/63092\/revisions\/63095"}],"wp:featuredmedia":[{"embeddable":true,"href":"https:\/\/radiorevelacionfm.cl\/index.php?rest_route=\/wp\/v2\/media\/63093"}],"wp:attachment":[{"href":"https:\/\/radiorevelacionfm.cl\/index.php?rest_route=%2Fwp%2Fv2%2Fmedia&parent=63092"}],"wp:term":[{"taxonomy":"category","embeddable":true,"href":"https:\/\/radiorevelacionfm.cl\/index.php?rest_route=%2Fwp%2Fv2%2Fcategories&post=63092"},{"taxonomy":"post_tag","embeddable":true,"href":"https:\/\/radiorevelacionfm.cl\/index.php?rest_route=%2Fwp%2Fv2%2Ftags&post=63092"}],"curies":[{"name":"wp","href":"https:\/\/api.w.org\/{rel}","templated":true}]}}