{"id":63088,"date":"2026-01-08T16:18:33","date_gmt":"2026-01-08T19:18:33","guid":{"rendered":"https:\/\/radiorevelacionfm.cl\/?p=63088"},"modified":"2026-01-08T16:18:33","modified_gmt":"2026-01-08T19:18:33","slug":"municipio-de-coyhaique-y-universidad-finis-terrae-lanzaron-la-tercera-version-de-misiones-medicas","status":"publish","type":"post","link":"https:\/\/radiorevelacionfm.cl\/?p=63088","title":{"rendered":"Municipio de Coyhaique y Universidad Finis Terrae lanzaron la tercera versi\u00f3n de \u201cMisiones M\u00e9dicas\u201d"},"content":{"rendered":"<div class=\"flex_column av_one_full  flex_column_div av-zero-column-padding first  avia-builder-el-0  el_before_av_one_full  avia-builder-el-first  \" style='border-radius:0px; '><div  class='avia-image-container  av-styling-    avia-builder-el-1  avia-builder-el-no-sibling  avia-align-center '  itemprop=\"image\" itemscope=\"itemscope\" itemtype=\"https:\/\/schema.org\/ImageObject\"  ><div class='avia-image-container-inner'><div class='avia-image-overlay-wrap'><img decoding=\"async\" class='wp-image-63089 avia-img-lazy-loading-not-63089 avia_image' src=\"https:\/\/radiorevelacionfm.cl\/wp-content\/uploads\/2026\/01\/misiones-3-1_optimized-1.jpeg\" alt='' title='misiones-3-(1)_optimized (1)' height=\"600\" width=\"800\"  itemprop=\"thumbnailUrl\" srcset=\"https:\/\/radiorevelacionfm.cl\/wp-content\/uploads\/2026\/01\/misiones-3-1_optimized-1.jpeg 800w, https:\/\/radiorevelacionfm.cl\/wp-content\/uploads\/2026\/01\/misiones-3-1_optimized-1-300x225.jpeg 300w, https:\/\/radiorevelacionfm.cl\/wp-content\/uploads\/2026\/01\/misiones-3-1_optimized-1-768x576.jpeg 768w, https:\/\/radiorevelacionfm.cl\/wp-content\/uploads\/2026\/01\/misiones-3-1_optimized-1-705x529.jpeg 705w, https:\/\/radiorevelacionfm.cl\/wp-content\/uploads\/2026\/01\/misiones-3-1_optimized-1-450x338.jpeg 450w, https:\/\/radiorevelacionfm.cl\/wp-content\/uploads\/2026\/01\/misiones-3-1_optimized-1-600x450.jpeg 600w\" sizes=\"(max-width: 800px) 100vw, 800px\" \/><\/div><\/div><\/div><\/div><div class=\"flex_column av_one_full  flex_column_div av-zero-column-padding first  avia-builder-el-2  el_after_av_one_full  el_before_av_one_full  column-top-margin\" style='border-radius:0px; '><section class=\"av_textblock_section \"  itemscope=\"itemscope\" itemtype=\"https:\/\/schema.org\/BlogPosting\" itemprop=\"blogPost\" ><div class='avia_textblock  '   itemprop=\"text\" ><p style=\"text-align: center;\"><strong><span style=\"font-size: 18pt;\">Municipio de Coyhaique y Universidad Finis Terrae lanzaron la tercera versi\u00f3n de \u201cMisiones M\u00e9dicas\u201d<\/span><\/strong><\/p>\n<div id=\"gtx-trans\" style=\"position: absolute; left: -50px; top: 4.31534px;\">\n<div class=\"gtx-trans-icon\"><\/div>\n<\/div>\n<\/div><\/section><\/div><div class=\"flex_column av_one_full  flex_column_div av-zero-column-padding first  avia-builder-el-4  el_after_av_one_full  el_before_av_hr  column-top-margin\" style='border-radius:0px; '><section class=\"av_textblock_section \"  itemscope=\"itemscope\" itemtype=\"https:\/\/schema.org\/BlogPosting\" itemprop=\"blogPost\" ><div class='avia_textblock  '   itemprop=\"text\" ><p style=\"text-align: justify;\">En una nueva muestra de compromiso con la salud y el bienestar de la comunidad, la Ilustre Municipalidad de Coyhaique, encabezada por el alcalde Carlos Gatica Villegas, junto a la Universidad Finis Terrae, dieron el vamos oficial a la tercera versi\u00f3n de las \u201cMisiones M\u00e9dicas\u201d, iniciativa que permitir\u00e1 entregar atenciones m\u00e9dicas gratuitas a la poblaci\u00f3n de distintos sectores de la comuna durante enero de 2026.<\/p>\n<p style=\"text-align: justify;\">Este programa \u2014fruto del convenio de colaboraci\u00f3n entre la Municipalidad y la casa de estudios\u2014 moviliza a profesionales de la salud y estudiantes de medicina, enfermer\u00eda, kinesiolog\u00eda, odontolog\u00eda, nutrici\u00f3n, psicolog\u00eda y otras \u00e1reas, quienes se desplegar\u00e1n en terreno para ofrecer prestaciones de salud sin costo, as\u00ed como talleres de promoci\u00f3n y prevenci\u00f3n.<\/p>\n<p style=\"text-align: justify;\">El Alcalde Carlos Gatica, presente en el hito de lanzamiento, hizo \u00e9nfasis en que \u201ccon estas misiones m\u00e9dicas reafirmamos nuestro compromiso con la comunidad coyhaiquina, acercando servicios de salud esenciales a cada rinc\u00f3n de nuestra comuna. Este trabajo colaborativo no solo apoya a las personas que m\u00e1s lo necesitan, sino que tambi\u00e9n fortalece la formaci\u00f3n profesional de nuestros futuros m\u00e9dicos y profesionales de la salud\u201d.<\/p>\n<p style=\"text-align: justify;\">Por su parte, Ang\u00e9lica Herrera, Directora de Pastoral de la Universidad Finis Terrae, destac\u00f3 la relevancia social del proyecto, recalcando que \u00a0\u201cpara nuestra universidad es un honor sumarnos a esta iniciativa con el Municipio de Coyhaique. A trav\u00e9s de la participaci\u00f3n activa de nuestros estudiantes y docentes, no s\u00f3lo entregamos atenciones, sino que tambi\u00e9n promovemos la formaci\u00f3n integral y el compromiso \u00e9tico con la comunidad\u201d.<\/p>\n<p style=\"text-align: justify;\"><strong>Fechas y lugares de atenci\u00f3n \u2013 Misiones M\u00e9dicas 2026<\/strong><\/p>\n<p style=\"text-align: justify;\">Las jornadas se desarrollar\u00e1n en distintos barrios y localidades de Coyhaique entre el 8 y el 14 de enero. El calendario programado es el siguiente:<\/p>\n<p style=\"text-align: justify;\">Jueves 8 de enero \u2013 <strong>Balmaceda<\/strong> (desde las 10:00 hrs)<\/p>\n<p style=\"text-align: justify;\">Viernes 9 de enero \u2013 <strong>Valle Simpson<\/strong> (desde las 09:30 hrs)<\/p>\n<p style=\"text-align: justify;\">S\u00e1bado 10 de enero \u2013 <strong>Villa Frei<\/strong> (desde las 11:00 hrs)<\/p>\n<p style=\"text-align: justify;\">Lunes 12 de enero \u2013 <strong>\u00d1irehuao<\/strong> (desde las 10:30 hrs)<\/p>\n<p style=\"text-align: justify;\">Martes 13 de enero \u2013 <strong>Casa Comunitaria de la Persona Mayor, Coyhaique<\/strong> (desde las 09:30 hrs)<\/p>\n<p style=\"text-align: justify;\">Mi\u00e9rcoles 14 de enero \u2013 <strong>Alto Ma\u00f1ihuales<\/strong> (desde las 11:30 hrs)<\/p>\n<p style=\"text-align: justify;\">En cada jornada se ofrecer\u00e1n atenciones m\u00e9dicas generales, odontol\u00f3gicas, de enfermer\u00eda, kinesiolog\u00eda, nutrici\u00f3n y psicolog\u00eda, entre otras prestaciones, adem\u00e1s de actividades de educaci\u00f3n en salud dirigidas a toda la familia.<\/p>\n<p style=\"text-align: justify;\">Universidad Finis Terrae<\/p>\n<p style=\"text-align: justify;\"><strong>Un convenio con impacto social<\/strong><\/p>\n<p style=\"text-align: justify;\">La alianza entre la Municipalidad de Coyhaique y la Universidad Finis Terrae se ha consolidado como un ejemplo de vinculaci\u00f3n entre el mundo acad\u00e9mico y la gesti\u00f3n p\u00fablica, canalizando recursos, profesionales y voluntariado acad\u00e9mico para apoyar directamente a la comunidad en temas de salud y prevenci\u00f3n.<\/p>\n<p style=\"text-align: justify;\">Este programa se enmarca en el compromiso institucional de la Universidad Finis Terrae con la formaci\u00f3n de profesionales con conciencia social y responsabilidad ciudadana, y en la apuesta del municipio por fortalecer la atenci\u00f3n primaria en salud en todos los territorios de la comuna.<\/p>\n<\/div><\/section><\/div><div  style='height:50px' class='hr hr-invisible   avia-builder-el-6  el_after_av_one_full  el_before_av_social_share '><span class='hr-inner ' ><span class='hr-inner-style'><\/span><\/span><\/div><\/p>\n<div  class='av-social-sharing-box  avia-builder-el-7  el_after_av_hr  el_before_av_hr  '><div class='av-share-box'><h5 class='av-share-link-description av-no-toc '>Compartir esta noticia<\/h5><ul class='av-share-box-list noLightbox'><li class='av-share-link av-social-link-facebook' ><a target=\"_blank\" aria-label=\"Compartir en Facebook\" href='https:\/\/www.facebook.com\/sharer.php?u=https:\/\/radiorevelacionfm.cl\/?p=63088&#038;t=Municipio%20de%20Coyhaique%20y%20Universidad%20Finis%20Terrae%20lanzaron%20la%20tercera%20versi%C3%B3n%20de%20%E2%80%9CMisiones%20M%C3%A9dicas%E2%80%9D' aria-hidden='false' data-av_icon='\ue8f3' data-av_iconfont='entypo-fontello' title='' data-avia-related-tooltip='Compartir en Facebook' rel=\"noopener\"><span class='avia_hidden_link_text'>Compartir en Facebook<\/span><\/a><\/li><li class='av-share-link av-social-link-twitter' ><a target=\"_blank\" aria-label=\"Compartir en Twitter\" href='https:\/\/twitter.com\/share?text=Municipio%20de%20Coyhaique%20y%20Universidad%20Finis%20Terrae%20lanzaron%20la%20tercera%20versi%C3%B3n%20de%20%E2%80%9CMisiones%20M%C3%A9dicas%E2%80%9D&#038;url=https:\/\/radiorevelacionfm.cl\/?p=63088' aria-hidden='false' data-av_icon='\ue8f1' data-av_iconfont='entypo-fontello' title='' data-avia-related-tooltip='Compartir en Twitter' rel=\"noopener\"><span class='avia_hidden_link_text'>Compartir en Twitter<\/span><\/a><\/li><li class='av-share-link av-social-link-whatsapp' ><a target=\"_blank\" aria-label=\"Compartir en Whatsapp\" href='https:\/\/api.whatsapp.com\/send?text=https:\/\/radiorevelacionfm.cl\/?p=63088' aria-hidden='false' data-av_icon='\uf232' data-av_iconfont='entypo-fontello' title='' data-avia-related-tooltip='Compartir en Whatsapp' rel=\"noopener\"><span class='avia_hidden_link_text'>Compartir en Whatsapp<\/span><\/a><\/li><li class='av-share-link av-social-link-linkedin' ><a target=\"_blank\" aria-label=\"Compartir en LinkedIn\" href='https:\/\/linkedin.com\/shareArticle?mini=true&#038;title=Municipio%20de%20Coyhaique%20y%20Universidad%20Finis%20Terrae%20lanzaron%20la%20tercera%20versi%C3%B3n%20de%20%E2%80%9CMisiones%20M%C3%A9dicas%E2%80%9D&#038;url=https:\/\/radiorevelacionfm.cl\/?p=63088' aria-hidden='false' data-av_icon='\ue8fc' data-av_iconfont='entypo-fontello' title='' data-avia-related-tooltip='Compartir en LinkedIn' rel=\"noopener\"><span class='avia_hidden_link_text'>Compartir en LinkedIn<\/span><\/a><\/li><li class='av-share-link av-social-link-mail' ><a  aria-label=\"Compartir por correo\" href='mailto:?subject=Municipio%20de%20Coyhaique%20y%20Universidad%20Finis%20Terrae%20lanzaron%20la%20tercera%20versi%C3%B3n%20de%20%E2%80%9CMisiones%20M%C3%A9dicas%E2%80%9D&#038;body=https:\/\/radiorevelacionfm.cl\/?p=63088' aria-hidden='false' data-av_icon='\ue805' data-av_iconfont='entypo-fontello' title='' data-avia-related-tooltip='Compartir por correo'><span class='avia_hidden_link_text'>Compartir por correo<\/span><\/a><\/li><\/ul><\/div><\/div>\n<div  style='height:50px' class='hr hr-invisible   avia-builder-el-8  el_after_av_social_share  el_before_av_comments_list '><span class='hr-inner ' ><span class='hr-inner-style'><\/span><\/span><\/div>\n<div  class='av-buildercomment  av-blog-meta-html-info-disabled av-blog-meta-tag-disabled  '><\/div>\n","protected":false},"excerpt":{"rendered":"","protected":false},"author":1,"featured_media":63089,"comment_status":"closed","ping_status":"closed","sticky":false,"template":"","format":"standard","meta":{"footnotes":""},"categories":[38],"tags":[],"class_list":["post-63088","post","type-post","status-publish","format-standard","has-post-thumbnail","hentry","category-regional"],"jetpack_featured_media_url":"https:\/\/radiorevelacionfm.cl\/wp-content\/uploads\/2026\/01\/misiones-3-1_optimized-1.jpeg","_links":{"self":[{"href":"https:\/\/radiorevelacionfm.cl\/index.php?rest_route=\/wp\/v2\/posts\/63088","targetHints":{"allow":["GET"]}}],"collection":[{"href":"https:\/\/radiorevelacionfm.cl\/index.php?rest_route=\/wp\/v2\/posts"}],"about":[{"href":"https:\/\/radiorevelacionfm.cl\/index.php?rest_route=\/wp\/v2\/types\/post"}],"author":[{"embeddable":true,"href":"https:\/\/radiorevelacionfm.cl\/index.php?rest_route=\/wp\/v2\/users\/1"}],"replies":[{"embeddable":true,"href":"https:\/\/radiorevelacionfm.cl\/index.php?rest_route=%2Fwp%2Fv2%2Fcomments&post=63088"}],"version-history":[{"count":2,"href":"https:\/\/radiorevelacionfm.cl\/index.php?rest_route=\/wp\/v2\/posts\/63088\/revisions"}],"predecessor-version":[{"id":63091,"href":"https:\/\/radiorevelacionfm.cl\/index.php?rest_route=\/wp\/v2\/posts\/63088\/revisions\/63091"}],"wp:featuredmedia":[{"embeddable":true,"href":"https:\/\/radiorevelacionfm.cl\/index.php?rest_route=\/wp\/v2\/media\/63089"}],"wp:attachment":[{"href":"https:\/\/radiorevelacionfm.cl\/index.php?rest_route=%2Fwp%2Fv2%2Fmedia&parent=63088"}],"wp:term":[{"taxonomy":"category","embeddable":true,"href":"https:\/\/radiorevelacionfm.cl\/index.php?rest_route=%2Fwp%2Fv2%2Fcategories&post=63088"},{"taxonomy":"post_tag","embeddable":true,"href":"https:\/\/radiorevelacionfm.cl\/index.php?rest_route=%2Fwp%2Fv2%2Ftags&post=63088"}],"curies":[{"name":"wp","href":"https:\/\/api.w.org\/{rel}","templated":true}]}}