{"id":63085,"date":"2026-01-09T10:55:06","date_gmt":"2026-01-09T13:55:06","guid":{"rendered":"https:\/\/radiorevelacionfm.cl\/?p=63085"},"modified":"2026-01-09T10:55:06","modified_gmt":"2026-01-09T13:55:06","slug":"ejecutivo-refuerza-agenda-legislativa-en-el-tramo-final-de-su-mandato","status":"publish","type":"post","link":"https:\/\/radiorevelacionfm.cl\/?p=63085","title":{"rendered":"Ejecutivo refuerza agenda legislativa en el tramo final de su mandato"},"content":{"rendered":"<div class=\"flex_column av_one_full  flex_column_div av-zero-column-padding first  avia-builder-el-0  el_before_av_one_full  avia-builder-el-first  \" style='border-radius:0px; '><div  class='avia-image-container  av-styling-    avia-builder-el-1  avia-builder-el-no-sibling  avia-align-center '  itemprop=\"image\" itemscope=\"itemscope\" itemtype=\"https:\/\/schema.org\/ImageObject\"  ><div class='avia-image-container-inner'><div class='avia-image-overlay-wrap'><img decoding=\"async\" class='wp-image-63086 avia-img-lazy-loading-not-63086 avia_image' src=\"https:\/\/radiorevelacionfm.cl\/wp-content\/uploads\/2026\/01\/Seremi-Ursula-Mix-1.jpg\" alt='' title='Seremi Ursula Mix (1)' height=\"600\" width=\"915\"  itemprop=\"thumbnailUrl\" srcset=\"https:\/\/radiorevelacionfm.cl\/wp-content\/uploads\/2026\/01\/Seremi-Ursula-Mix-1.jpg 915w, https:\/\/radiorevelacionfm.cl\/wp-content\/uploads\/2026\/01\/Seremi-Ursula-Mix-1-300x197.jpg 300w, https:\/\/radiorevelacionfm.cl\/wp-content\/uploads\/2026\/01\/Seremi-Ursula-Mix-1-768x504.jpg 768w, https:\/\/radiorevelacionfm.cl\/wp-content\/uploads\/2026\/01\/Seremi-Ursula-Mix-1-705x462.jpg 705w, https:\/\/radiorevelacionfm.cl\/wp-content\/uploads\/2026\/01\/Seremi-Ursula-Mix-1-450x295.jpg 450w, https:\/\/radiorevelacionfm.cl\/wp-content\/uploads\/2026\/01\/Seremi-Ursula-Mix-1-600x393.jpg 600w\" sizes=\"(max-width: 915px) 100vw, 915px\" \/><\/div><\/div><\/div><\/div><div class=\"flex_column av_one_full  flex_column_div av-zero-column-padding first  avia-builder-el-2  el_after_av_one_full  el_before_av_one_full  column-top-margin\" style='border-radius:0px; '><section class=\"av_textblock_section \"  itemscope=\"itemscope\" itemtype=\"https:\/\/schema.org\/BlogPosting\" itemprop=\"blogPost\" ><div class='avia_textblock  '   itemprop=\"text\" ><p style=\"text-align: center;\"><span style=\"font-size: 18pt;\"><b>Ejecutivo refuerza agenda legislativa en el tramo final de su mandato<\/b><\/span><\/p>\n<div id=\"gtx-trans\" style=\"position: absolute; left: -50px; top: 4.31534px;\">\n<div class=\"gtx-trans-icon\"><\/div>\n<\/div>\n<\/div><\/section><\/div><div class=\"flex_column av_one_full  flex_column_div av-zero-column-padding first  avia-builder-el-4  el_after_av_one_full  el_before_av_hr  column-top-margin\" style='border-radius:0px; '><section class=\"av_textblock_section \"  itemscope=\"itemscope\" itemtype=\"https:\/\/schema.org\/BlogPosting\" itemprop=\"blogPost\" ><div class='avia_textblock  '   itemprop=\"text\" ><p style=\"font-weight: 400; text-align: justify;\"><em>En el \u00faltimo tramo del per\u00edodo legislativo, el Gobierno del Presidente Gabriel Boric ha redoblado sus esfuerzos para avanzar en una agenda de transformaciones que mejoren de manera concreta la calidad de vida de las familias del pa\u00eds, especialmente en las regiones.<\/em><\/p>\n<p style=\"font-weight: 400; text-align: justify;\">En este \u00faltimo mes del a\u00f1o legislativo, el Gobierno est\u00e1 concentrado en sacar adelante proyectos de ley prioritarios que responden a compromisos asumidos con la ciudadan\u00eda. Entre ellos destaca el Sistema Nacional de Cuidados, que se encuentra en su etapa final de tramitaci\u00f3n en el Congreso Nacional y que constituye el cuarto pilar de la seguridad social, reconociendo y apoyando el trabajo de cuidados que hist\u00f3ricamente ha reca\u00eddo principalmente en las mujeres.<\/p>\n<p style=\"font-weight: 400; text-align: justify;\">Al respecto, la seremi de Gobierno de Ays\u00e9n, \u00darsula Mix, se\u00f1al\u00f3 que \u201ccomo Gobierno estamos haciendo un esfuerzo decidido por avanzar en iniciativas que impactan directamente en la vida cotidiana de las personas, especialmente en territorios como Ays\u00e9n, donde el cuidado, la corresponsabilidad y el acceso a derechos sociales son fundamentales para el bienestar de las familias\u201d.<\/p>\n<p style=\"font-weight: 400; text-align: justify;\">De igual manera, se ha priorizado el proyecto Sala Cuna para Chile, (aprobado por la Comisi\u00f3n de Trabajo del Senado y que avanz\u00f3 a la de Educaci\u00f3n para su discusi\u00f3n), el cual busca garantizar este derecho a madres y padres trabajadores, permitiendo la conciliaci\u00f3n entre la vida laboral y familiar, junto al subsidio unificado al empleo, que apunta a incentivar la inserci\u00f3n laboral, particularmente de las mujeres.<\/p>\n<p style=\"font-weight: 400; text-align: justify;\">En materia educacional, se impulsa el proyecto que crea un nuevo Sistema de Financiamiento de la Educaci\u00f3n Superior, junto con la condonaci\u00f3n parcial o total del CAE, dando as\u00ed una respuesta al endeudamiento que afecta a miles de familias del pa\u00eds.<\/p>\n<p style=\"font-weight: 400; text-align: justify;\">En el \u00e1mbito de la seguridad p\u00fablica, el Ejecutivo ingres\u00f3 la reforma a Gendarmer\u00eda, comprometida antes del t\u00e9rmino de 2025, fortaleciendo una instituci\u00f3n que es clave para el sistema penitenciario y la seguridad del pa\u00eds.<\/p>\n<p style=\"font-weight: 400; text-align: justify;\">Desde una mirada regional, el Gobierno ha puesto especial \u00e9nfasis en las necesidades de Ays\u00e9n, avanzando en conectividad, fortalecimiento de la red de salud, apoyo a la pesca artesanal y al desarrollo productivo local, adem\u00e1s de pol\u00edticas diferenciadas para zonas extremas que reconozcan las particularidades del territorio.<\/p>\n<p style=\"font-weight: 400; text-align: justify;\">En ese sentido, la seremi \u00darsula Mix destac\u00f3 que \u201cpara nuestra regi\u00f3n estas iniciativas son especialmente relevantes, porque permiten avanzar en mayor equidad territorial, m\u00e1s oportunidades laborales y mejores condiciones de vida para quienes habitan zonas aisladas. Con di\u00e1logo y acuerdos, esperamos cerrar este per\u00edodo legislativo con avances concretos para Ays\u00e9n y el pa\u00eds\u201d.<\/p>\n<p style=\"font-weight: 400; text-align: justify;\">El Gobierno conf\u00eda en que, mediante el di\u00e1logo democr\u00e1tico y la construcci\u00f3n de acuerdos en el Congreso, este \u00faltimo per\u00edodo legislativo permitir\u00e1 concretar avances significativos que beneficiar\u00e1n a las familias, a las regiones y aportar\u00e1 al desarrollo futuro de Chile.<\/p>\n<\/div><\/section><\/div><div  style='height:50px' class='hr hr-invisible   avia-builder-el-6  el_after_av_one_full  el_before_av_social_share '><span class='hr-inner ' ><span class='hr-inner-style'><\/span><\/span><\/div><\/p>\n<div  class='av-social-sharing-box  avia-builder-el-7  el_after_av_hr  el_before_av_hr  '><div class='av-share-box'><h5 class='av-share-link-description av-no-toc '>Compartir esta noticia<\/h5><ul class='av-share-box-list noLightbox'><li class='av-share-link av-social-link-facebook' ><a target=\"_blank\" aria-label=\"Compartir en Facebook\" href='https:\/\/www.facebook.com\/sharer.php?u=https:\/\/radiorevelacionfm.cl\/?p=63085&#038;t=Ejecutivo%20refuerza%20agenda%20legislativa%20en%20el%20tramo%20final%20de%20su%20mandato' aria-hidden='false' data-av_icon='\ue8f3' data-av_iconfont='entypo-fontello' title='' data-avia-related-tooltip='Compartir en Facebook' rel=\"noopener\"><span class='avia_hidden_link_text'>Compartir en Facebook<\/span><\/a><\/li><li class='av-share-link av-social-link-twitter' ><a target=\"_blank\" aria-label=\"Compartir en Twitter\" href='https:\/\/twitter.com\/share?text=Ejecutivo%20refuerza%20agenda%20legislativa%20en%20el%20tramo%20final%20de%20su%20mandato&#038;url=https:\/\/radiorevelacionfm.cl\/?p=63085' aria-hidden='false' data-av_icon='\ue8f1' data-av_iconfont='entypo-fontello' title='' data-avia-related-tooltip='Compartir en Twitter' rel=\"noopener\"><span class='avia_hidden_link_text'>Compartir en Twitter<\/span><\/a><\/li><li class='av-share-link av-social-link-whatsapp' ><a target=\"_blank\" aria-label=\"Compartir en Whatsapp\" href='https:\/\/api.whatsapp.com\/send?text=https:\/\/radiorevelacionfm.cl\/?p=63085' aria-hidden='false' data-av_icon='\uf232' data-av_iconfont='entypo-fontello' title='' data-avia-related-tooltip='Compartir en Whatsapp' rel=\"noopener\"><span class='avia_hidden_link_text'>Compartir en Whatsapp<\/span><\/a><\/li><li class='av-share-link av-social-link-linkedin' ><a target=\"_blank\" aria-label=\"Compartir en LinkedIn\" href='https:\/\/linkedin.com\/shareArticle?mini=true&#038;title=Ejecutivo%20refuerza%20agenda%20legislativa%20en%20el%20tramo%20final%20de%20su%20mandato&#038;url=https:\/\/radiorevelacionfm.cl\/?p=63085' aria-hidden='false' data-av_icon='\ue8fc' data-av_iconfont='entypo-fontello' title='' data-avia-related-tooltip='Compartir en LinkedIn' rel=\"noopener\"><span class='avia_hidden_link_text'>Compartir en LinkedIn<\/span><\/a><\/li><li class='av-share-link av-social-link-mail' ><a  aria-label=\"Compartir por correo\" href='mailto:?subject=Ejecutivo%20refuerza%20agenda%20legislativa%20en%20el%20tramo%20final%20de%20su%20mandato&#038;body=https:\/\/radiorevelacionfm.cl\/?p=63085' aria-hidden='false' data-av_icon='\ue805' data-av_iconfont='entypo-fontello' title='' data-avia-related-tooltip='Compartir por correo'><span class='avia_hidden_link_text'>Compartir por correo<\/span><\/a><\/li><\/ul><\/div><\/div>\n<div  style='height:50px' class='hr hr-invisible   avia-builder-el-8  el_after_av_social_share  el_before_av_comments_list '><span class='hr-inner ' ><span class='hr-inner-style'><\/span><\/span><\/div>\n<div  class='av-buildercomment  av-blog-meta-html-info-disabled av-blog-meta-tag-disabled  '><\/div>\n","protected":false},"excerpt":{"rendered":"","protected":false},"author":1,"featured_media":63086,"comment_status":"closed","ping_status":"closed","sticky":false,"template":"","format":"standard","meta":{"footnotes":""},"categories":[38],"tags":[],"class_list":["post-63085","post","type-post","status-publish","format-standard","has-post-thumbnail","hentry","category-regional"],"jetpack_featured_media_url":"https:\/\/radiorevelacionfm.cl\/wp-content\/uploads\/2026\/01\/Seremi-Ursula-Mix-1.jpg","_links":{"self":[{"href":"https:\/\/radiorevelacionfm.cl\/index.php?rest_route=\/wp\/v2\/posts\/63085","targetHints":{"allow":["GET"]}}],"collection":[{"href":"https:\/\/radiorevelacionfm.cl\/index.php?rest_route=\/wp\/v2\/posts"}],"about":[{"href":"https:\/\/radiorevelacionfm.cl\/index.php?rest_route=\/wp\/v2\/types\/post"}],"author":[{"embeddable":true,"href":"https:\/\/radiorevelacionfm.cl\/index.php?rest_route=\/wp\/v2\/users\/1"}],"replies":[{"embeddable":true,"href":"https:\/\/radiorevelacionfm.cl\/index.php?rest_route=%2Fwp%2Fv2%2Fcomments&post=63085"}],"version-history":[{"count":2,"href":"https:\/\/radiorevelacionfm.cl\/index.php?rest_route=\/wp\/v2\/posts\/63085\/revisions"}],"predecessor-version":[{"id":63114,"href":"https:\/\/radiorevelacionfm.cl\/index.php?rest_route=\/wp\/v2\/posts\/63085\/revisions\/63114"}],"wp:featuredmedia":[{"embeddable":true,"href":"https:\/\/radiorevelacionfm.cl\/index.php?rest_route=\/wp\/v2\/media\/63086"}],"wp:attachment":[{"href":"https:\/\/radiorevelacionfm.cl\/index.php?rest_route=%2Fwp%2Fv2%2Fmedia&parent=63085"}],"wp:term":[{"taxonomy":"category","embeddable":true,"href":"https:\/\/radiorevelacionfm.cl\/index.php?rest_route=%2Fwp%2Fv2%2Fcategories&post=63085"},{"taxonomy":"post_tag","embeddable":true,"href":"https:\/\/radiorevelacionfm.cl\/index.php?rest_route=%2Fwp%2Fv2%2Ftags&post=63085"}],"curies":[{"name":"wp","href":"https:\/\/api.w.org\/{rel}","templated":true}]}}