{"id":63080,"date":"2026-01-08T15:19:23","date_gmt":"2026-01-08T18:19:23","guid":{"rendered":"https:\/\/radiorevelacionfm.cl\/?p=63080"},"modified":"2026-01-08T15:19:23","modified_gmt":"2026-01-08T18:19:23","slug":"buzo-fallece-mientras-realizaba-labores-de-su-especialidad-en-centro-de-cultivo-martita-de-la-empresa-australis-mar","status":"publish","type":"post","link":"https:\/\/radiorevelacionfm.cl\/?p=63080","title":{"rendered":"Buzo fallece mientras realizaba labores de su especialidad en Centro de Cultivo \u00abMartita\u00bb de la empresa Australis Mar."},"content":{"rendered":"<div class=\"flex_column av_one_full  flex_column_div av-zero-column-padding first  avia-builder-el-0  el_before_av_one_full  avia-builder-el-first  \" style='border-radius:0px; '><div  class='avia-image-container  av-styling-    avia-builder-el-1  avia-builder-el-no-sibling  avia-align-center '  itemprop=\"image\" itemscope=\"itemscope\" itemtype=\"https:\/\/schema.org\/ImageObject\"  ><div class='avia-image-container-inner'><div class='avia-image-overlay-wrap'><img decoding=\"async\" class='wp-image-63081 avia-img-lazy-loading-not-63081 avia_image' src=\"https:\/\/radiorevelacionfm.cl\/wp-content\/uploads\/2026\/01\/images-12-1-1.jpg\" alt='' title='images (12) (1) (1)' height=\"600\" width=\"804\"  itemprop=\"thumbnailUrl\" srcset=\"https:\/\/radiorevelacionfm.cl\/wp-content\/uploads\/2026\/01\/images-12-1-1.jpg 804w, https:\/\/radiorevelacionfm.cl\/wp-content\/uploads\/2026\/01\/images-12-1-1-300x224.jpg 300w, https:\/\/radiorevelacionfm.cl\/wp-content\/uploads\/2026\/01\/images-12-1-1-768x573.jpg 768w, https:\/\/radiorevelacionfm.cl\/wp-content\/uploads\/2026\/01\/images-12-1-1-705x526.jpg 705w, https:\/\/radiorevelacionfm.cl\/wp-content\/uploads\/2026\/01\/images-12-1-1-450x336.jpg 450w, https:\/\/radiorevelacionfm.cl\/wp-content\/uploads\/2026\/01\/images-12-1-1-600x448.jpg 600w\" sizes=\"(max-width: 804px) 100vw, 804px\" \/><\/div><\/div><\/div><\/div><div class=\"flex_column av_one_full  flex_column_div av-zero-column-padding first  avia-builder-el-2  el_after_av_one_full  el_before_av_one_full  column-top-margin\" style='border-radius:0px; '><section class=\"av_textblock_section \"  itemscope=\"itemscope\" itemtype=\"https:\/\/schema.org\/BlogPosting\" itemprop=\"blogPost\" ><div class='avia_textblock  '   itemprop=\"text\" ><p style=\"text-align: center;\"><strong><span style=\"font-size: 18pt;\">Buzo fallece mientras realizaba labores de su especialidad en Centro de Cultivo \u00abMartita\u00bb de la empresa Australis Mar<\/span><\/strong><\/p>\n<div id=\"gtx-trans\" style=\"position: absolute; left: -50px; top: 4.31534px;\">\n<div class=\"gtx-trans-icon\"><\/div>\n<\/div>\n<\/div><\/section><\/div><div class=\"flex_column av_one_full  flex_column_div av-zero-column-padding first  avia-builder-el-4  el_after_av_one_full  el_before_av_hr  column-top-margin\" style='border-radius:0px; '><section class=\"av_textblock_section \"  itemscope=\"itemscope\" itemtype=\"https:\/\/schema.org\/BlogPosting\" itemprop=\"blogPost\" ><div class='avia_textblock  '   itemprop=\"text\" ><p style=\"text-align: justify;\">El lamentable suceso se registr\u00f3 esta ma\u00f1ana en el litoral de la regi\u00f3n de Ays\u00e9n, espec\u00edficamente en el Centro de Cultivo \u201cMartita\u201d perteneciente a la Empresa Australis Mar.<\/p>\n<p style=\"text-align: justify;\">Donde un buzo falleci\u00f3 mientras realizaba labores propias de su especialidad. De acuerdo a informaci\u00f3n entregada por el Gobernador Mar\u00edtimo de Ays\u00e9n, Octavio Valenzuela. \u201cA las 10:40 horas se recepcion\u00f3 un llamado telef\u00f3nico del centro \u00abMartita\u00bb de la Empresa Australis Mar, informando el lamentable fallecimiento del buzo se\u00f1or Manuel Matus Camayo (Q.E.P.D), quien habr\u00eda fallecido mientras se encontraba efectuando faenas de buceo\u201d.<\/p>\n<p style=\"text-align: justify;\">El Gobernador Mar\u00edtimo de Ays\u00e9n, detall\u00f3 adem\u00e1s que, \u201cpor este motivo, el capit\u00e1n de puerto de Melinka inform\u00f3 de los hechos al Ministerio P\u00fablico, a la fiscal de turno Sra. Marcela Vald\u00e9s Parada, quien instruy\u00f3 que personal de la SIP de Carabineros de Puerto Cisnes efectuara el procedimiento de rigor y el posterior traslado de la persona fallecida a esa ciudad\u201d.<\/p>\n<p style=\"text-align: justify;\">Finalmente, el comandante Octavio Valenzuela, se\u00f1al\u00f3 que \u201cLa Autoridad Mar\u00edtima adopt\u00f3 los procedimientos policiales disponiendo el zarpe desde el puerto de Melinka y de Puerto Cisnes al lugar de los hechos para tomar el procedimiento policial en conjunto con Carabineros de Chile y efectuar las primeras diligencias para realizar la investigaci\u00f3n sumaria administrativa mar\u00edtima que determinar\u00e1 las posibles causas, circunstancias y responsables de los hechos informados\u201d.<\/p>\n<p><em>Foto: Imagen Referencial<\/em><\/p>\n<\/div><\/section><\/div><div  style='height:50px' class='hr hr-invisible   avia-builder-el-6  el_after_av_one_full  el_before_av_social_share '><span class='hr-inner ' ><span class='hr-inner-style'><\/span><\/span><\/div><\/p>\n<div  class='av-social-sharing-box  avia-builder-el-7  el_after_av_hr  el_before_av_hr  '><div class='av-share-box'><h5 class='av-share-link-description av-no-toc '>Compartir esta noticia<\/h5><ul class='av-share-box-list noLightbox'><li class='av-share-link av-social-link-facebook' ><a target=\"_blank\" aria-label=\"Compartir en Facebook\" href='https:\/\/www.facebook.com\/sharer.php?u=https:\/\/radiorevelacionfm.cl\/?p=63080&#038;t=Buzo%20fallece%20mientras%20realizaba%20labores%20de%20su%20especialidad%20en%20Centro%20de%20Cultivo%20%C2%ABMartita%C2%BB%20de%20la%20empresa%20Australis%20Mar.' aria-hidden='false' data-av_icon='\ue8f3' data-av_iconfont='entypo-fontello' title='' data-avia-related-tooltip='Compartir en Facebook' rel=\"noopener\"><span class='avia_hidden_link_text'>Compartir en Facebook<\/span><\/a><\/li><li class='av-share-link av-social-link-twitter' ><a target=\"_blank\" aria-label=\"Compartir en Twitter\" href='https:\/\/twitter.com\/share?text=Buzo%20fallece%20mientras%20realizaba%20labores%20de%20su%20especialidad%20en%20Centro%20de%20Cultivo%20%C2%ABMartita%C2%BB%20de%20la%20empresa%20Australis%20Mar.&#038;url=https:\/\/radiorevelacionfm.cl\/?p=63080' aria-hidden='false' data-av_icon='\ue8f1' data-av_iconfont='entypo-fontello' title='' data-avia-related-tooltip='Compartir en Twitter' rel=\"noopener\"><span class='avia_hidden_link_text'>Compartir en Twitter<\/span><\/a><\/li><li class='av-share-link av-social-link-whatsapp' ><a target=\"_blank\" aria-label=\"Compartir en Whatsapp\" href='https:\/\/api.whatsapp.com\/send?text=https:\/\/radiorevelacionfm.cl\/?p=63080' aria-hidden='false' data-av_icon='\uf232' data-av_iconfont='entypo-fontello' title='' data-avia-related-tooltip='Compartir en Whatsapp' rel=\"noopener\"><span class='avia_hidden_link_text'>Compartir en Whatsapp<\/span><\/a><\/li><li class='av-share-link av-social-link-linkedin' ><a target=\"_blank\" aria-label=\"Compartir en LinkedIn\" href='https:\/\/linkedin.com\/shareArticle?mini=true&#038;title=Buzo%20fallece%20mientras%20realizaba%20labores%20de%20su%20especialidad%20en%20Centro%20de%20Cultivo%20%C2%ABMartita%C2%BB%20de%20la%20empresa%20Australis%20Mar.&#038;url=https:\/\/radiorevelacionfm.cl\/?p=63080' aria-hidden='false' data-av_icon='\ue8fc' data-av_iconfont='entypo-fontello' title='' data-avia-related-tooltip='Compartir en LinkedIn' rel=\"noopener\"><span class='avia_hidden_link_text'>Compartir en LinkedIn<\/span><\/a><\/li><li class='av-share-link av-social-link-mail' ><a  aria-label=\"Compartir por correo\" href='mailto:?subject=Buzo%20fallece%20mientras%20realizaba%20labores%20de%20su%20especialidad%20en%20Centro%20de%20Cultivo%20%C2%ABMartita%C2%BB%20de%20la%20empresa%20Australis%20Mar.&#038;body=https:\/\/radiorevelacionfm.cl\/?p=63080' aria-hidden='false' data-av_icon='\ue805' data-av_iconfont='entypo-fontello' title='' data-avia-related-tooltip='Compartir por correo'><span class='avia_hidden_link_text'>Compartir por correo<\/span><\/a><\/li><\/ul><\/div><\/div>\n<div  style='height:50px' class='hr hr-invisible   avia-builder-el-8  el_after_av_social_share  el_before_av_comments_list '><span class='hr-inner ' ><span class='hr-inner-style'><\/span><\/span><\/div>\n<div  class='av-buildercomment  av-blog-meta-html-info-disabled av-blog-meta-tag-disabled  '><\/div>\n","protected":false},"excerpt":{"rendered":"","protected":false},"author":1,"featured_media":63081,"comment_status":"closed","ping_status":"closed","sticky":false,"template":"","format":"standard","meta":{"footnotes":""},"categories":[38],"tags":[],"class_list":["post-63080","post","type-post","status-publish","format-standard","has-post-thumbnail","hentry","category-regional"],"jetpack_featured_media_url":"https:\/\/radiorevelacionfm.cl\/wp-content\/uploads\/2026\/01\/images-12-1-1.jpg","_links":{"self":[{"href":"https:\/\/radiorevelacionfm.cl\/index.php?rest_route=\/wp\/v2\/posts\/63080","targetHints":{"allow":["GET"]}}],"collection":[{"href":"https:\/\/radiorevelacionfm.cl\/index.php?rest_route=\/wp\/v2\/posts"}],"about":[{"href":"https:\/\/radiorevelacionfm.cl\/index.php?rest_route=\/wp\/v2\/types\/post"}],"author":[{"embeddable":true,"href":"https:\/\/radiorevelacionfm.cl\/index.php?rest_route=\/wp\/v2\/users\/1"}],"replies":[{"embeddable":true,"href":"https:\/\/radiorevelacionfm.cl\/index.php?rest_route=%2Fwp%2Fv2%2Fcomments&post=63080"}],"version-history":[{"count":2,"href":"https:\/\/radiorevelacionfm.cl\/index.php?rest_route=\/wp\/v2\/posts\/63080\/revisions"}],"predecessor-version":[{"id":63083,"href":"https:\/\/radiorevelacionfm.cl\/index.php?rest_route=\/wp\/v2\/posts\/63080\/revisions\/63083"}],"wp:featuredmedia":[{"embeddable":true,"href":"https:\/\/radiorevelacionfm.cl\/index.php?rest_route=\/wp\/v2\/media\/63081"}],"wp:attachment":[{"href":"https:\/\/radiorevelacionfm.cl\/index.php?rest_route=%2Fwp%2Fv2%2Fmedia&parent=63080"}],"wp:term":[{"taxonomy":"category","embeddable":true,"href":"https:\/\/radiorevelacionfm.cl\/index.php?rest_route=%2Fwp%2Fv2%2Fcategories&post=63080"},{"taxonomy":"post_tag","embeddable":true,"href":"https:\/\/radiorevelacionfm.cl\/index.php?rest_route=%2Fwp%2Fv2%2Ftags&post=63080"}],"curies":[{"name":"wp","href":"https:\/\/api.w.org\/{rel}","templated":true}]}}