{"id":6308,"date":"2021-07-15T11:49:54","date_gmt":"2021-07-15T14:49:54","guid":{"rendered":"https:\/\/radiorevelacionfm.cl\/?p=6308"},"modified":"2021-07-15T11:49:54","modified_gmt":"2021-07-15T14:49:54","slug":"autoridades-recuerdan-vigencia-de-ley-21-342-de-retorno-gradual-y-seguro-al-trabajo","status":"publish","type":"post","link":"https:\/\/radiorevelacionfm.cl\/?p=6308","title":{"rendered":"Autoridades recuerdan vigencia de Ley 21.342 de Retorno Gradual y Seguro al Trabajo"},"content":{"rendered":"<div class=\"flex_column av_one_full  flex_column_div av-zero-column-padding first  avia-builder-el-0  el_before_av_one_full  avia-builder-el-first  \" style='border-radius:0px; '><div  class='avia-image-container  av-styling-    avia-builder-el-1  avia-builder-el-no-sibling  avia-align-center '  itemprop=\"image\" itemscope=\"itemscope\" itemtype=\"https:\/\/schema.org\/ImageObject\"  ><div class='avia-image-container-inner'><div class='avia-image-overlay-wrap'><img decoding=\"async\" class='wp-image-0 avia-img-lazy-loading-not-0 avia_image' src=\"https:\/\/radiorevelacionfm.cl\/wp-content\/uploads\/2021\/07\/isl_ptoaysen_1-1_optimized.jpeg\" alt='' title=''   itemprop=\"thumbnailUrl\"  \/><\/div><\/div><\/div><\/div><div class=\"flex_column av_one_full  flex_column_div av-zero-column-padding first  avia-builder-el-2  el_after_av_one_full  el_before_av_one_full  column-top-margin\" style='border-radius:0px; '><section class=\"av_textblock_section \"  itemscope=\"itemscope\" itemtype=\"https:\/\/schema.org\/BlogPosting\" itemprop=\"blogPost\" ><div class='avia_textblock  '   itemprop=\"text\" ><p style=\"text-align: center;\"><span style=\"font-size: 18pt;\"><b>Autoridades recuerdan vigencia de Ley 21.342 de Retorno Gradual y Seguro al Trabajo<\/b><\/span><\/p>\n<div id=\"gtx-trans\" style=\"position: absolute; left: -50px; top: 4.31534px;\">\n<div class=\"gtx-trans-icon\"><\/div>\n<\/div>\n<\/div><\/section><\/div><div class=\"flex_column av_one_full  flex_column_div av-zero-column-padding first  avia-builder-el-4  el_after_av_one_full  el_before_av_hr  column-top-margin\" style='border-radius:0px; '><section class=\"av_textblock_section \"  itemscope=\"itemscope\" itemtype=\"https:\/\/schema.org\/BlogPosting\" itemprop=\"blogPost\" ><div class='avia_textblock  '   itemprop=\"text\" ><p class=\"v1MsoNormal\" style=\"text-align: justify;\"><span lang=\"ES\">Ya est\u00e1 en plena vigencia la nueva ley 21.342 de Retorno Gradual y Seguro al Trabajo, com\u00fanmente conocida como Ley Covid o Ley Protecci\u00f3n Covid, la cual dispone de medidas de\u00a0protecci\u00f3n en el \u00e1mbito laboral, en el marco de la crisis sanitaria por COVID-19. En este contexto, la Seremi del Trabajo y Previsi\u00f3n Social, Andrea Ponce y el Director Regional del Instituto de Seguridad Laboral, ISL, Mario Garay, han realizado difusi\u00f3n con gremios de empleadores y a trav\u00e9s de un Facebook live, llamando a informarse sobre esta normativa, sus derechos y obligaciones.<\/span><\/p>\n<p class=\"v1MsoNormal\" style=\"text-align: justify;\"><span lang=\"ES\">\u00abLa Ley 21.342 de retorno seguro y gradual al trabajo en contexto de la pandemia de Covid 19 es una de las nuevas leyes que est\u00e1 vigente y que invito a trabajadores y empleadores a informarse. Fue una iniciativa parlamentaria, que busca apoyar precisamente la salud y seguridad de los trabajadores y compatibilizar el trabajo\u00bb, afirm\u00f3 la Seremi Ponce.<\/span><\/p>\n<p class=\"v1MsoNormal\" style=\"text-align: justify;\"><span lang=\"ES\">Sobre los aspectos m\u00e1s relevantes de la nueva norma laboral, la titular de Trabajo y Previsi\u00f3n Social de Ays\u00e9n, Andrea Ponce, explic\u00f3: \u00abSon 4 los grandes ejes de esta ley: el pago de las licencias Covid inferiores a 11 d\u00edas, se pagar\u00e1n desde el d\u00eda 1; El segundo punto es la obligaci\u00f3n de los organismos administradores del seguro de la ley de accidentes del trabajo y enfermedades profesionales, m\u00e1s conocidas como mutualidades, de entregar y asesorar a las empresas en protocolos de seguridad; El tercer punto es la adquisici\u00f3n por parte de los empleadores de un Seguro de Salud y Vida Covid para cada uno de sus trabajadores C\u00f3digo del Trabajo, el cual tiene una duraci\u00f3n anual y cuyo valor oscila entre los 7 y 10 mil pesos; Por \u00faltimo, busca implementar el teletrabajo o trabajo a distancia para quienes tienen alguna enfermedad de riesgo, tengan m\u00e1s de 60 a\u00f1os o sean cuidadores de ni\u00f1os peque\u00f1os o adultos mayores. Finalmente, el objetivo de esta normativa es regresar al trabajo, pero con todos los cuidados posibles para disminuir los riesgos de contagio ante el coronavirus y proteger a los trabajadores\u00bb, concluy\u00f3.<\/span><\/p>\n<p class=\"v1MsoNormal\" style=\"text-align: justify;\"><span lang=\"ES\">Con respecto al rol de los organismos administradores del seguro de la ley de accidentes del trabajo y enfermedades profesionales (OAL), el director Regional del ISL, coment\u00f3 c\u00f3mo est\u00e1n desarrollando este tema como mutualidad del Estado, \u00abQuisiera comentarles que el Instituto de Seguridad Laboral tiene desplegado en su p\u00e1gina web\u00a0<a href=\"http:\/\/www.isl.gob.cl\/\" target=\"_blank\" rel=\"noopener noreferrer\">www.isl.gob.cl<\/a>\u00a0un link con la ley 21.342, ley que dispone de medidas de protecci\u00f3n para el retorno gradual y seguro al trabajo, en el marco de la crisis sanitaria de Covid 19. El objetivo de esta ley es reforzar la prevenci\u00f3n de los y las trabajadores frente al Covid 19 en su entorno de trabajo, a trav\u00e9s de la elaboraci\u00f3n de protocolos tipo, por parte de los organismos administradores del seguro de la ley de accidentes del trabajo. Por eso invitamos a nuestras empresas adherentes a ingresar a nuestro sitio web y descargar una gu\u00eda con orientaciones y definiciones para la confecci\u00f3n del protocolo laboral Covid 19 y a su vez tambi\u00e9n, podr\u00e1n descargar el protocolo de seguridad sanitaria laboral, el que les podr\u00e1 servir para generar un protocolo dentro de sus entornos laborales\u00bb, dijo Mario Garay.<\/span><\/p>\n<p class=\"v1MsoNormal\" style=\"text-align: justify;\"><span lang=\"ES\">Adem\u00e1s a\u00f1adi\u00f3 sobre la solicitud de apoyo en la Regi\u00f3n de Ays\u00e9n, \u00absi requieren ayuda de nuestros prevencionistas de riesgo, para la confecci\u00f3n e implementaci\u00f3n de estos protocolos, solo deben acudir a nuestros canales de atenci\u00f3n virtual, como son <a href=\"http:\/\/www.sucursalenlinea.cl\/\" target=\"_blank\" rel=\"noopener noreferrer\">www.sucursalenlinea.cl<\/a>\u00a0o al correo electr\u00f3nico de atenci\u00f3n\u00a0<a href=\"mailto:aysen@isl.gob.cl\" rel=\"noreferrer\">aysen@isl.gob.cl<\/a>, donde los esperamos\u00bb. \u00a0\u00a0<\/span><\/p>\n<p class=\"v1MsoNormal\" style=\"text-align: justify;\"><b><u><span lang=\"ES\">Algunos detalles pr\u00e1cticos de la Ley 21.342<\/span><\/u><\/b><\/p>\n<p style=\"text-align: justify;\"><span lang=\"ES\">&#8211; <\/span><b><span lang=\"ES\">Licencia por Covid:<\/span><\/b><span lang=\"ES\">\u00a0Se elimina la carencia de los 3 primeros d\u00edas, respecto del pago de licencias m\u00e9dicas por Covid-19 que hoy existe para enfermedades y accidentes comunes respecto de licencias inferiores a 11 d\u00edas. Es decir, el trabajador recibir\u00e1 el pago de esos 3 d\u00edas.<\/span><\/p>\n<p style=\"text-align: justify;\"><span lang=\"ES\">&#8211; <\/span><b><span lang=\"ES\">Seguro de salud y vida:<\/span><\/b><span lang=\"ES\">\u00a0el empleador tendr\u00e1 que contratarlo anualmente, siguiendo al trabajador si \u00e9ste se cambia de trabajo hasta completar el periodo. Esto solamente es para los trabajadores C\u00f3digo del Trabajo y que est\u00e9n en ejercicio, presencial o semipresencial. Financia o reembolsa los gastos de hospitalizaci\u00f3n y rehabilitaci\u00f3n en FONASA o en Isapres considerando, adem\u00e1s, una indemnizaci\u00f3n en caso de fallecimiento de 180 UF. Al contratarlo, el empleador debe entregarle una copia del seguro o envi\u00e1rselo v\u00eda mail al trabajador. Los empleadores que no contraten el seguro deber\u00e1n pagar las sumas que le habr\u00eda correspondido cubrir al asegurador, adem\u00e1s de asumir sanciones<\/span>.<\/p>\n<p style=\"text-align: justify;\"><span lang=\"ES\">&#8211; <\/span><b><span lang=\"ES\">Protocolos sanitarios:<\/span><\/b><span lang=\"ES\">\u00a0cada empresa debe tener un protocolo sanitario elaborado por su Organismo Administrador de Ley (OAL) basado en las instrucciones de la Superintendencia de Seguridad Social (SUSESO). Las empresas que no cuenten con \u00e9l, no podr\u00e1n retomar o iniciar la actividad laboral de car\u00e1cter presencial. El protocolo debe incluir como m\u00ednimo: Testeo diario de temperatura del personal, clientes y dem\u00e1s personas que ingresen al recinto de la empresa; Testeo de contagio seg\u00fan las normas y procedimiento que determine la autoridad sanitaria.; Medidas de distanciamiento f\u00edsico; Mantener agua, jab\u00f3n y alcohol gel; Medidas de sanitizaci\u00f3n peri\u00f3dica de las \u00e1reas de trabajo; Elementos de Protecci\u00f3n Personal: mascarillas, y cuando la actividad lo requiera guantes, lentes y ropa de trabajo, entregados por el empleador y que deben ser utilizadas por los trabajadores; Definici\u00f3n y control de aforo; Definici\u00f3n de turnos procurando evitar aglomeraciones; entre otros. Si alguien no sabe en cu\u00e1l mutualidad est\u00e1 afiliado, puede ingresar a la p\u00e1gina\u00a0<a href=\"http:\/\/www.suseso.cl\/\" target=\"_blank\" rel=\"noopener noreferrer\">www.suseso.cl<\/a>\u00a0donde encontrar\u00e1 la informaci\u00f3n ingresando sus datos.<\/span><\/p>\n<p style=\"text-align: justify;\"><span lang=\"ES\">&#8211; <\/span><b><span lang=\"ES\">Teletrabajo o trabajo a distancia:<\/span><\/b><span lang=\"ES\">\u00a0el empleador tiene que ofrecer esta modalidad a los trabajadores de alto riesgo de salud -enfermedades de base, mayores de 60 a\u00f1os- y por motivos de cuidado -de un menor de edad, adulto mayor o personas con discapacidad-. Si por la naturaleza del trabajo ello no es posible, de com\u00fan acuerdo, debe trasladarse al trabajador a un espacio donde no tenga contacto con clientes y est\u00e9 con todos los resguardos sanitarios.<b><\/b><\/span><\/p>\n<p class=\"v1MsoNormal\" style=\"text-align: justify;\"><span lang=\"ES\">Cabe destacar que al estar vigente la ley, todas sus partes deben estar en regla. La fiscalizaci\u00f3n de la existencia del protocolo est\u00e1 a cargo de la Direcci\u00f3n del Trabajo y la autoridad sanitaria correspondiente, pudiendo establecer multas y suspensi\u00f3n de las actividades presenciales en la empresa.<\/span>\u00a0La Seremi Andrea Ponce record\u00f3 que se pueden solicitar orientaciones y realizar denuncias en el correo electr\u00f3nico regional\u00a0<a href=\"mailto:upartesaysen@dt.gob.cl\" rel=\"noreferrer\">upartesaysen@dt.gob.cl<\/a>.<\/p>\n<div style=\"text-align: justify;\">Para tener mayores detalles, se pueden visitar las p\u00e1ginas de la Subsecretar\u00eda de Previsi\u00f3n Social,\u00a0<a href=\"http:\/\/www.previsionsocial.gob.cl\/sps\/ley-proteccion-covid\" target=\"_blank\" rel=\"noopener noreferrer\">www.previsionsocial.gob.cl\/sps\/ley-proteccion-covid<\/a>; la p\u00e1gina de la SUSESO\u00a0<a href=\"http:\/\/www.suseso.cl\/\" target=\"_blank\" rel=\"noopener noreferrer\">www.suseso.cl<\/a>\u00a0y de la Direcci\u00f3n del Trabajo\u00a0<a href=\"http:\/\/www.direcciondeltrabajo.cl\/\" target=\"_blank\" rel=\"noopener noreferrer\">www.direcciondeltrabajo.cl<\/a>.<\/div>\n<\/div><\/section><\/div><div  style='height:50px' class='hr hr-invisible   avia-builder-el-6  el_after_av_one_full  el_before_av_social_share '><span class='hr-inner ' ><span class='hr-inner-style'><\/span><\/span><\/div><\/p>\n<div  class='av-social-sharing-box  avia-builder-el-7  el_after_av_hr  el_before_av_hr  '><div class='av-share-box'><h5 class='av-share-link-description av-no-toc '>Compartir esta noticia<\/h5><ul class='av-share-box-list noLightbox'><li class='av-share-link av-social-link-facebook' ><a target=\"_blank\" aria-label=\"Compartir en Facebook\" href='https:\/\/www.facebook.com\/sharer.php?u=https:\/\/radiorevelacionfm.cl\/?p=6308&#038;t=Autoridades%20recuerdan%20vigencia%20de%20Ley%2021.342%20de%20Retorno%20Gradual%20y%20Seguro%20al%20Trabajo' aria-hidden='false' data-av_icon='\ue8f3' data-av_iconfont='entypo-fontello' title='' data-avia-related-tooltip='Compartir en Facebook' rel=\"noopener\"><span class='avia_hidden_link_text'>Compartir en Facebook<\/span><\/a><\/li><li class='av-share-link av-social-link-twitter' ><a target=\"_blank\" aria-label=\"Compartir en Twitter\" href='https:\/\/twitter.com\/share?text=Autoridades%20recuerdan%20vigencia%20de%20Ley%2021.342%20de%20Retorno%20Gradual%20y%20Seguro%20al%20Trabajo&#038;url=https:\/\/radiorevelacionfm.cl\/?p=6308' aria-hidden='false' data-av_icon='\ue8f1' data-av_iconfont='entypo-fontello' title='' data-avia-related-tooltip='Compartir en Twitter' rel=\"noopener\"><span class='avia_hidden_link_text'>Compartir en Twitter<\/span><\/a><\/li><li class='av-share-link av-social-link-whatsapp' ><a target=\"_blank\" aria-label=\"Compartir en Whatsapp\" href='https:\/\/api.whatsapp.com\/send?text=https:\/\/radiorevelacionfm.cl\/?p=6308' aria-hidden='false' data-av_icon='\uf232' data-av_iconfont='entypo-fontello' title='' data-avia-related-tooltip='Compartir en Whatsapp' rel=\"noopener\"><span class='avia_hidden_link_text'>Compartir en Whatsapp<\/span><\/a><\/li><li class='av-share-link av-social-link-linkedin' ><a target=\"_blank\" aria-label=\"Compartir en LinkedIn\" href='https:\/\/linkedin.com\/shareArticle?mini=true&#038;title=Autoridades%20recuerdan%20vigencia%20de%20Ley%2021.342%20de%20Retorno%20Gradual%20y%20Seguro%20al%20Trabajo&#038;url=https:\/\/radiorevelacionfm.cl\/?p=6308' aria-hidden='false' data-av_icon='\ue8fc' data-av_iconfont='entypo-fontello' title='' data-avia-related-tooltip='Compartir en LinkedIn' rel=\"noopener\"><span class='avia_hidden_link_text'>Compartir en LinkedIn<\/span><\/a><\/li><li class='av-share-link av-social-link-mail' ><a  aria-label=\"Compartir por correo\" href='mailto:?subject=Autoridades%20recuerdan%20vigencia%20de%20Ley%2021.342%20de%20Retorno%20Gradual%20y%20Seguro%20al%20Trabajo&#038;body=https:\/\/radiorevelacionfm.cl\/?p=6308' aria-hidden='false' data-av_icon='\ue805' data-av_iconfont='entypo-fontello' title='' data-avia-related-tooltip='Compartir por correo'><span class='avia_hidden_link_text'>Compartir por correo<\/span><\/a><\/li><\/ul><\/div><\/div>\n<div  style='height:50px' class='hr hr-invisible   avia-builder-el-8  el_after_av_social_share  el_before_av_comments_list '><span class='hr-inner ' ><span class='hr-inner-style'><\/span><\/span><\/div>\n<div  class='av-buildercomment  av-blog-meta-html-info-disabled av-blog-meta-tag-disabled  '><\/div>\n","protected":false},"excerpt":{"rendered":"","protected":false},"author":1,"featured_media":0,"comment_status":"open","ping_status":"open","sticky":false,"template":"","format":"standard","meta":{"footnotes":""},"categories":[56],"tags":[],"class_list":["post-6308","post","type-post","status-publish","format-standard","hentry","category-trabajo"],"jetpack_featured_media_url":"","_links":{"self":[{"href":"https:\/\/radiorevelacionfm.cl\/index.php?rest_route=\/wp\/v2\/posts\/6308","targetHints":{"allow":["GET"]}}],"collection":[{"href":"https:\/\/radiorevelacionfm.cl\/index.php?rest_route=\/wp\/v2\/posts"}],"about":[{"href":"https:\/\/radiorevelacionfm.cl\/index.php?rest_route=\/wp\/v2\/types\/post"}],"author":[{"embeddable":true,"href":"https:\/\/radiorevelacionfm.cl\/index.php?rest_route=\/wp\/v2\/users\/1"}],"replies":[{"embeddable":true,"href":"https:\/\/radiorevelacionfm.cl\/index.php?rest_route=%2Fwp%2Fv2%2Fcomments&post=6308"}],"version-history":[{"count":1,"href":"https:\/\/radiorevelacionfm.cl\/index.php?rest_route=\/wp\/v2\/posts\/6308\/revisions"}],"predecessor-version":[{"id":6310,"href":"https:\/\/radiorevelacionfm.cl\/index.php?rest_route=\/wp\/v2\/posts\/6308\/revisions\/6310"}],"wp:attachment":[{"href":"https:\/\/radiorevelacionfm.cl\/index.php?rest_route=%2Fwp%2Fv2%2Fmedia&parent=6308"}],"wp:term":[{"taxonomy":"category","embeddable":true,"href":"https:\/\/radiorevelacionfm.cl\/index.php?rest_route=%2Fwp%2Fv2%2Fcategories&post=6308"},{"taxonomy":"post_tag","embeddable":true,"href":"https:\/\/radiorevelacionfm.cl\/index.php?rest_route=%2Fwp%2Fv2%2Ftags&post=6308"}],"curies":[{"name":"wp","href":"https:\/\/api.w.org\/{rel}","templated":true}]}}