{"id":63077,"date":"2026-01-08T15:25:51","date_gmt":"2026-01-08T18:25:51","guid":{"rendered":"https:\/\/radiorevelacionfm.cl\/?p=63077"},"modified":"2026-01-08T15:25:51","modified_gmt":"2026-01-08T18:25:51","slug":"universidad-de-aysen-inaugura-la-escultura-constelacion-de-la-cruz-del-sur-en-campus-rio-coyhaique","status":"publish","type":"post","link":"https:\/\/radiorevelacionfm.cl\/?p=63077","title":{"rendered":"Universidad de Ays\u00e9n inaugura la escultura \u201cConstelaci\u00f3n de la Cruz del Sur\u201d en Campus R\u00edo Coyhaique"},"content":{"rendered":"<div class=\"flex_column av_one_full  flex_column_div av-zero-column-padding first  avia-builder-el-0  el_before_av_one_full  avia-builder-el-first  \" style='border-radius:0px; '><div  class='avia-image-container  av-styling-    avia-builder-el-1  avia-builder-el-no-sibling  avia-align-center '  itemprop=\"image\" itemscope=\"itemscope\" itemtype=\"https:\/\/schema.org\/ImageObject\"  ><div class='avia-image-container-inner'><div class='avia-image-overlay-wrap'><img decoding=\"async\" class='wp-image-63078 avia-img-lazy-loading-not-63078 avia_image' src=\"https:\/\/radiorevelacionfm.cl\/wp-content\/uploads\/2026\/01\/escultura-1-1_optimized.jpeg\" alt='' title='escultura-1-(1)_optimized' height=\"600\" width=\"1015\"  itemprop=\"thumbnailUrl\" srcset=\"https:\/\/radiorevelacionfm.cl\/wp-content\/uploads\/2026\/01\/escultura-1-1_optimized.jpeg 1015w, https:\/\/radiorevelacionfm.cl\/wp-content\/uploads\/2026\/01\/escultura-1-1_optimized-300x177.jpeg 300w, https:\/\/radiorevelacionfm.cl\/wp-content\/uploads\/2026\/01\/escultura-1-1_optimized-768x454.jpeg 768w, https:\/\/radiorevelacionfm.cl\/wp-content\/uploads\/2026\/01\/escultura-1-1_optimized-705x417.jpeg 705w, https:\/\/radiorevelacionfm.cl\/wp-content\/uploads\/2026\/01\/escultura-1-1_optimized-450x266.jpeg 450w, https:\/\/radiorevelacionfm.cl\/wp-content\/uploads\/2026\/01\/escultura-1-1_optimized-600x355.jpeg 600w\" sizes=\"(max-width: 1015px) 100vw, 1015px\" \/><\/div><\/div><\/div><\/div><div class=\"flex_column av_one_full  flex_column_div av-zero-column-padding first  avia-builder-el-2  el_after_av_one_full  el_before_av_one_full  column-top-margin\" style='border-radius:0px; '><section class=\"av_textblock_section \"  itemscope=\"itemscope\" itemtype=\"https:\/\/schema.org\/BlogPosting\" itemprop=\"blogPost\" ><div class='avia_textblock  '   itemprop=\"text\" ><p style=\"text-align: center;\"><strong><span style=\"font-size: 18pt;\">Universidad de Ays\u00e9n inaugura la escultura \u201cConstelaci\u00f3n de la Cruz del Sur\u201d en Campus R\u00edo Coyhaique<\/span><\/strong><\/p>\n<div id=\"gtx-trans\" style=\"position: absolute; left: -50px; top: 4.31534px;\">\n<div class=\"gtx-trans-icon\"><\/div>\n<\/div>\n<\/div><\/section><\/div><div class=\"flex_column av_one_full  flex_column_div av-zero-column-padding first  avia-builder-el-4  el_after_av_one_full  el_before_av_hr  column-top-margin\" style='border-radius:0px; '><section class=\"av_textblock_section \"  itemscope=\"itemscope\" itemtype=\"https:\/\/schema.org\/BlogPosting\" itemprop=\"blogPost\" ><div class='avia_textblock  '   itemprop=\"text\" ><ul>\n<li dir=\"ltr\">\n<p dir=\"ltr\" style=\"text-align: justify;\" role=\"presentation\"><em>La ceremonia de inauguraci\u00f3n de \u201cConstelaci\u00f3n de la Cruz del Sur\u201d constituye el primer hito del proceso de construcci\u00f3n y desarrollo del Campus R\u00edo Coyhaique, proyectando este espacio como un referente acad\u00e9mico y cultural para la regi\u00f3n.<\/em><\/p>\n<\/li>\n<\/ul>\n<p dir=\"ltr\" style=\"text-align: justify;\">La Universidad de Ays\u00e9n inaugur\u00f3 este mi\u00e9rcoles 7 de enero la escultura \u201cConstelaci\u00f3n de la Cruz del Sur\u201d del escultor Francisco Gazit\u00faa Costabal, Premio Nacional de Artes Pl\u00e1sticas, en el Campus R\u00edo Coyhaique. Ceremonia que marca el puntapi\u00e9 inicial del proceso de construcci\u00f3n y desarrollo del futuro campus universitario.<\/p>\n<p dir=\"ltr\" style=\"text-align: justify;\">El acto fue encabezado por el Administrador Provisional de la UAys\u00e9n, Juan Pablo Prieto Cox, quien destac\u00f3 el valor cultural y simb\u00f3lico de la obra, relevando su importancia para la regi\u00f3n y la comunidad universitaria. \u201cEstamos ante la pieza de arte p\u00fablico m\u00e1s importante y valiosa de nuestra regi\u00f3n y al situarla aqu\u00ed, en el coraz\u00f3n de nuestra universidad, estamos declarando que Ays\u00e9n es un territorio f\u00e9rtil para la excelencia. Esta obra no es un ornamento, es un faro que sit\u00faa a nuestra regi\u00f3n en el mapa de la gran creaci\u00f3n contempor\u00e1nea, otorgando a nuestros estudiantes y ciudadanos un acceso democr\u00e1tico a la belleza de nivel mundial\u201d, se\u00f1al\u00f3 el Administrador Provisional.<\/p>\n<p dir=\"ltr\" style=\"text-align: justify;\">Por su parte, el escultor Francisco Gazit\u00faa, Premio Nacional de Artes Pl\u00e1sticas y autor de la obra, destac\u00f3 el valor simb\u00f3lico de emplazar esta escultura en el contexto universitario y austral. \u201cEl rumbo, a la vez est\u00e9tico y cient\u00edfico se\u00f1alado por ella, se constituye en la esencia de la docencia y la investigaci\u00f3n de la Universidad de Ays\u00e9n y a la vez en un poderoso elemento de extensi\u00f3n cultural para toda la ciudad de Coyhaique y para la regi\u00f3n. La Cruz del Sur, instrumento de navegaci\u00f3n\u201d, se\u00f1al\u00f3. En esa l\u00ednea, explic\u00f3 que la obra se compone de \u201ccinco estrellas sostenidas y centradas en el espacio por la flexibilidad del acero y la permanencia de la piedra, utilizando granito que dialoga directamente con el fundamento geol\u00f3gico de Coyhaique\u201d, proyect\u00e1ndose como un elemento permanente de reflexi\u00f3n e identidad para la comunidad universitaria y regional.<\/p>\n<p dir=\"ltr\" style=\"text-align: justify;\">Francisco Gazit\u00faa Costabal es escultor chileno de reconocida proyecci\u00f3n internacional, con m\u00e1s de 70 esculturas monumentales emplazadas en el espacio p\u00fablico, 50 de ellas en Chile y 23 en el extranjero, presentes en ciudades y parques escult\u00f3ricos de Am\u00e9rica, Europa y Medio Oriente. Sus obras han dado lugar a hitos urbanos de alcance global, entre los que destaca la gran escultura transitable Puente de Luz, de 100 metros de largo, convertida en un referente de la ciudad de Toronto, Canad\u00e1. En 2021 fue distinguido con el Premio Nacional de Artes Pl\u00e1sticas de Chile y es adem\u00e1s descendiente directo de Enrique Simpson, marino y explorador del siglo XIX que recorri\u00f3 y cartografi\u00f3 extensos territorios de la Patagonia, dando nombre al r\u00edo Simpson, antecedente que refuerza el v\u00ednculo hist\u00f3rico y territorial presente en su obra.<\/p>\n<p dir=\"ltr\" style=\"text-align: justify;\">En la ceremonia tambi\u00e9n estuvo presente Pedro Emilio Zamorano, doctor en Historia del Arte y miembro de la Academia Chilena de la Historia, quien estuvo a cargo de la presentaci\u00f3n de la obra y enfatiz\u00f3 que \u201cese di\u00e1logo silencioso que se produce cuando un estudiante pasa frente a una escultura. Quiz\u00e1s no tenga herramientas te\u00f3ricas para explicarla, pero ya establece una comunicaci\u00f3n est\u00e9tica\u201d. Desde esa mirada, agreg\u00f3 que \u201cestos proyectos generan interacci\u00f3n con las localidades, con la comunidad local y esto es parte de una universidad p\u00fablica. La universidad p\u00fablica tiene que generar bienes p\u00fablicos\u201d.<\/p>\n<p dir=\"ltr\" style=\"text-align: justify;\">La escultura dispone sus elementos seg\u00fan la orientaci\u00f3n real de la Cruz del Sur en el hemisferio sur, reforzando su dimensi\u00f3n simb\u00f3lica y espacial. Se trata de una obra monumental de aproximadamente 15 metros de altura y 6 metros de ancho, construida con una estructura de acero en planchas de cinco mil\u00edmetros de espesor, anclada a una placa base de una pulgada que asegura su estabilidad estructural. Adem\u00e1s, incorpora una gran piedra de origen natural, extra\u00edda de la cantera del propio artista en la ribera del r\u00edo Maipo, cuyos materiales (granito y basalto), dialogan con el basamento geol\u00f3gico del territorio austral. Su proceso de construcci\u00f3n fue desarrollado de manera colaborativa junto a soldadores, maestros escultores e ingenieros, quienes combinaron la flexibilidad del acero y la permanencia de la piedra, expresando una relaci\u00f3n simb\u00f3lica entre cultura y paisaje, reforzando el v\u00ednculo de la obra con el territorio y su emplazamiento en el futuro campus universitario.<\/p>\n<p dir=\"ltr\" style=\"text-align: justify;\">La jornada culmin\u00f3 con el acto oficial de develaci\u00f3n de la escultura, consolidando este hito como el puntapi\u00e9 inicial del proyecto de desarrollo del Campus R\u00edo Coyhaique. La obra \u201cConstelaci\u00f3n de la Cruz del Sur\u201d se proyecta as\u00ed como un referente art\u00edstico, identitario y cultural, destinado a perdurar como parte del patrimonio universitario y regional, fortaleciendo el v\u00ednculo entre la Universidad de Ays\u00e9n, el territorio y la creaci\u00f3n art\u00edstica contempor\u00e1nea.<\/p>\n<\/div><\/section><\/div><div  style='height:50px' class='hr hr-invisible   avia-builder-el-6  el_after_av_one_full  el_before_av_social_share '><span class='hr-inner ' ><span class='hr-inner-style'><\/span><\/span><\/div><\/p>\n<div  class='av-social-sharing-box  avia-builder-el-7  el_after_av_hr  el_before_av_hr  '><div class='av-share-box'><h5 class='av-share-link-description av-no-toc '>Compartir esta noticia<\/h5><ul class='av-share-box-list noLightbox'><li class='av-share-link av-social-link-facebook' ><a target=\"_blank\" aria-label=\"Compartir en Facebook\" href='https:\/\/www.facebook.com\/sharer.php?u=https:\/\/radiorevelacionfm.cl\/?p=63077&#038;t=Universidad%20de%20Ays%C3%A9n%20inaugura%20la%20escultura%20%E2%80%9CConstelaci%C3%B3n%20de%20la%20Cruz%20del%20Sur%E2%80%9D%20en%20Campus%20R%C3%ADo%20Coyhaique' aria-hidden='false' data-av_icon='\ue8f3' data-av_iconfont='entypo-fontello' title='' data-avia-related-tooltip='Compartir en Facebook' rel=\"noopener\"><span class='avia_hidden_link_text'>Compartir en Facebook<\/span><\/a><\/li><li class='av-share-link av-social-link-twitter' ><a target=\"_blank\" aria-label=\"Compartir en Twitter\" href='https:\/\/twitter.com\/share?text=Universidad%20de%20Ays%C3%A9n%20inaugura%20la%20escultura%20%E2%80%9CConstelaci%C3%B3n%20de%20la%20Cruz%20del%20Sur%E2%80%9D%20en%20Campus%20R%C3%ADo%20Coyhaique&#038;url=https:\/\/radiorevelacionfm.cl\/?p=63077' aria-hidden='false' data-av_icon='\ue8f1' data-av_iconfont='entypo-fontello' title='' data-avia-related-tooltip='Compartir en Twitter' rel=\"noopener\"><span class='avia_hidden_link_text'>Compartir en Twitter<\/span><\/a><\/li><li class='av-share-link av-social-link-whatsapp' ><a target=\"_blank\" aria-label=\"Compartir en Whatsapp\" href='https:\/\/api.whatsapp.com\/send?text=https:\/\/radiorevelacionfm.cl\/?p=63077' aria-hidden='false' data-av_icon='\uf232' data-av_iconfont='entypo-fontello' title='' data-avia-related-tooltip='Compartir en Whatsapp' rel=\"noopener\"><span class='avia_hidden_link_text'>Compartir en Whatsapp<\/span><\/a><\/li><li class='av-share-link av-social-link-linkedin' ><a target=\"_blank\" aria-label=\"Compartir en LinkedIn\" href='https:\/\/linkedin.com\/shareArticle?mini=true&#038;title=Universidad%20de%20Ays%C3%A9n%20inaugura%20la%20escultura%20%E2%80%9CConstelaci%C3%B3n%20de%20la%20Cruz%20del%20Sur%E2%80%9D%20en%20Campus%20R%C3%ADo%20Coyhaique&#038;url=https:\/\/radiorevelacionfm.cl\/?p=63077' aria-hidden='false' data-av_icon='\ue8fc' data-av_iconfont='entypo-fontello' title='' data-avia-related-tooltip='Compartir en LinkedIn' rel=\"noopener\"><span class='avia_hidden_link_text'>Compartir en LinkedIn<\/span><\/a><\/li><li class='av-share-link av-social-link-mail' ><a  aria-label=\"Compartir por correo\" href='mailto:?subject=Universidad%20de%20Ays%C3%A9n%20inaugura%20la%20escultura%20%E2%80%9CConstelaci%C3%B3n%20de%20la%20Cruz%20del%20Sur%E2%80%9D%20en%20Campus%20R%C3%ADo%20Coyhaique&#038;body=https:\/\/radiorevelacionfm.cl\/?p=63077' aria-hidden='false' data-av_icon='\ue805' data-av_iconfont='entypo-fontello' title='' data-avia-related-tooltip='Compartir por correo'><span class='avia_hidden_link_text'>Compartir por correo<\/span><\/a><\/li><\/ul><\/div><\/div>\n<div  style='height:50px' class='hr hr-invisible   avia-builder-el-8  el_after_av_social_share  el_before_av_comments_list '><span class='hr-inner ' ><span class='hr-inner-style'><\/span><\/span><\/div>\n<div  class='av-buildercomment  av-blog-meta-html-info-disabled av-blog-meta-tag-disabled  '><\/div>\n","protected":false},"excerpt":{"rendered":"","protected":false},"author":1,"featured_media":63078,"comment_status":"closed","ping_status":"closed","sticky":false,"template":"","format":"standard","meta":{"footnotes":""},"categories":[49],"tags":[],"class_list":["post-63077","post","type-post","status-publish","format-standard","has-post-thumbnail","hentry","category-educacion"],"jetpack_featured_media_url":"https:\/\/radiorevelacionfm.cl\/wp-content\/uploads\/2026\/01\/escultura-1-1_optimized.jpeg","_links":{"self":[{"href":"https:\/\/radiorevelacionfm.cl\/index.php?rest_route=\/wp\/v2\/posts\/63077","targetHints":{"allow":["GET"]}}],"collection":[{"href":"https:\/\/radiorevelacionfm.cl\/index.php?rest_route=\/wp\/v2\/posts"}],"about":[{"href":"https:\/\/radiorevelacionfm.cl\/index.php?rest_route=\/wp\/v2\/types\/post"}],"author":[{"embeddable":true,"href":"https:\/\/radiorevelacionfm.cl\/index.php?rest_route=\/wp\/v2\/users\/1"}],"replies":[{"embeddable":true,"href":"https:\/\/radiorevelacionfm.cl\/index.php?rest_route=%2Fwp%2Fv2%2Fcomments&post=63077"}],"version-history":[{"count":2,"href":"https:\/\/radiorevelacionfm.cl\/index.php?rest_route=\/wp\/v2\/posts\/63077\/revisions"}],"predecessor-version":[{"id":63084,"href":"https:\/\/radiorevelacionfm.cl\/index.php?rest_route=\/wp\/v2\/posts\/63077\/revisions\/63084"}],"wp:featuredmedia":[{"embeddable":true,"href":"https:\/\/radiorevelacionfm.cl\/index.php?rest_route=\/wp\/v2\/media\/63078"}],"wp:attachment":[{"href":"https:\/\/radiorevelacionfm.cl\/index.php?rest_route=%2Fwp%2Fv2%2Fmedia&parent=63077"}],"wp:term":[{"taxonomy":"category","embeddable":true,"href":"https:\/\/radiorevelacionfm.cl\/index.php?rest_route=%2Fwp%2Fv2%2Fcategories&post=63077"},{"taxonomy":"post_tag","embeddable":true,"href":"https:\/\/radiorevelacionfm.cl\/index.php?rest_route=%2Fwp%2Fv2%2Ftags&post=63077"}],"curies":[{"name":"wp","href":"https:\/\/api.w.org\/{rel}","templated":true}]}}