{"id":63073,"date":"2026-01-09T11:16:31","date_gmt":"2026-01-09T14:16:31","guid":{"rendered":"https:\/\/radiorevelacionfm.cl\/?p=63073"},"modified":"2026-01-09T11:16:31","modified_gmt":"2026-01-09T14:16:31","slug":"nuevo-avance-proyecto-de-ley-de-ferias-libres-fue-despachado-por-comision-de-hacienda-del-senado","status":"publish","type":"post","link":"https:\/\/radiorevelacionfm.cl\/?p=63073","title":{"rendered":"Nuevo avance: Proyecto de ley de Ferias Libres fue despachado por Comisi\u00f3n de Hacienda del Senado"},"content":{"rendered":"<div class=\"flex_column av_one_full  flex_column_div av-zero-column-padding first  avia-builder-el-0  el_before_av_one_full  avia-builder-el-first  \" style='border-radius:0px; '><div  class='avia-image-container  av-styling-    avia-builder-el-1  avia-builder-el-no-sibling  avia-align-center '  itemprop=\"image\" itemscope=\"itemscope\" itemtype=\"https:\/\/schema.org\/ImageObject\"  ><div class='avia-image-container-inner'><div class='avia-image-overlay-wrap'><img decoding=\"async\" class='wp-image-63074 avia-img-lazy-loading-not-63074 avia_image' src=\"https:\/\/radiorevelacionfm.cl\/wp-content\/uploads\/2026\/01\/55029058838_c9f8384e71_o-1_optimized-1.jpg\" alt='' title='55029058838_c9f8384e71_o-(1)_optimized (1)' height=\"600\" width=\"900\"  itemprop=\"thumbnailUrl\" srcset=\"https:\/\/radiorevelacionfm.cl\/wp-content\/uploads\/2026\/01\/55029058838_c9f8384e71_o-1_optimized-1.jpg 900w, https:\/\/radiorevelacionfm.cl\/wp-content\/uploads\/2026\/01\/55029058838_c9f8384e71_o-1_optimized-1-300x200.jpg 300w, https:\/\/radiorevelacionfm.cl\/wp-content\/uploads\/2026\/01\/55029058838_c9f8384e71_o-1_optimized-1-768x512.jpg 768w, https:\/\/radiorevelacionfm.cl\/wp-content\/uploads\/2026\/01\/55029058838_c9f8384e71_o-1_optimized-1-705x470.jpg 705w, https:\/\/radiorevelacionfm.cl\/wp-content\/uploads\/2026\/01\/55029058838_c9f8384e71_o-1_optimized-1-450x300.jpg 450w, https:\/\/radiorevelacionfm.cl\/wp-content\/uploads\/2026\/01\/55029058838_c9f8384e71_o-1_optimized-1-600x400.jpg 600w\" sizes=\"(max-width: 900px) 100vw, 900px\" \/><\/div><\/div><\/div><\/div><div class=\"flex_column av_one_full  flex_column_div av-zero-column-padding first  avia-builder-el-2  el_after_av_one_full  el_before_av_one_full  column-top-margin\" style='border-radius:0px; '><section class=\"av_textblock_section \"  itemscope=\"itemscope\" itemtype=\"https:\/\/schema.org\/BlogPosting\" itemprop=\"blogPost\" ><div class='avia_textblock  '   itemprop=\"text\" ><p style=\"text-align: center;\"><strong><span style=\"font-size: 18pt;\">Nuevo avance: Proyecto de ley de Ferias Libres fue despachado por Comisi\u00f3n de Hacienda del Senado<\/span><\/strong><\/p>\n<div id=\"gtx-trans\" style=\"position: absolute; left: -50px; top: 4.31534px;\">\n<div class=\"gtx-trans-icon\"><\/div>\n<\/div>\n<\/div><\/section><\/div><div class=\"flex_column av_one_full  flex_column_div av-zero-column-padding first  avia-builder-el-4  el_after_av_one_full  el_before_av_hr  column-top-margin\" style='border-radius:0px; '><section class=\"av_textblock_section \"  itemscope=\"itemscope\" itemtype=\"https:\/\/schema.org\/BlogPosting\" itemprop=\"blogPost\" ><div class='avia_textblock  '   itemprop=\"text\" ><ul>\n<li style=\"text-align: justify;\"><em>Subsecretaria de Econom\u00eda y Empresas de Menor Tama\u00f1o, Javiera Petersen: \u201cEste paso nos deja muy cerca de la aprobaci\u00f3n definitiva de la ley y, con esto, del reconocimiento de un sector econ\u00f3mico fundamental, que genera empleo y cumple un rol central en la alimentaci\u00f3n de las familias a lo largo del pa\u00eds\u201d.<\/em><\/li>\n<li style=\"text-align: justify;\"><em>El proyecto busca reconocer y fortalecer a las ferias libres, identific\u00e1ndolas como un pilar de la alimentaci\u00f3n y desarrollo social.<\/em><\/li>\n<\/ul>\n<p style=\"text-align: justify;\">Despu\u00e9s de revisar los art\u00edculos del proyecto de ley que reconoce y fortalece las ferias libres como un pilar de alimentaci\u00f3n y desarrollo local, la iniciativa fue aprobada, en particular, por la comisi\u00f3n de Hacienda del Senado y despachada a la sala de la c\u00e1mara alta. Esta iniciativa ya fue aprobada por amplia mayor\u00eda en la C\u00e1mara de Diputados.<\/p>\n<p style=\"text-align: justify;\">El proyecto de ley de Fortalecimiento de Ferias Libres contempla estos espacios como sectores clave dentro de la econom\u00eda popular y en el abastecimiento de alimentos. Establece un marco jur\u00eddico integral que contempla, entre otras cosas, el reconocimiento de las ferias, sus trabajadores, y la formalizaci\u00f3n de instancias representativas como, por ejemplo, una Asamblea General y un Comit\u00e9 de Representaci\u00f3n.<\/p>\n<p style=\"text-align: justify;\">Tras la votaci\u00f3n, la subsecretaria de Econom\u00eda y Empresas de Menor Tama\u00f1o, Javiera Petersen, indic\u00f3 que \u201cestamos muy contentos de este avance que fue logrado gracias al trabajo que, como Gobierno, hemos realizado con las organizaciones del sector. Este paso nos deja muy cerca de la aprobaci\u00f3n definitiva de la ley y, con esto, del reconocimiento de un sector econ\u00f3mico fundamental, que genera empleo para miles de trabajadores y trabajadoras y cumple un rol central en la alimentaci\u00f3n de las familias a lo largo del pa\u00eds\u201d.<\/p>\n<p style=\"text-align: justify;\">El texto se construy\u00f3 con la Confederaci\u00f3n Gremial Nacional de Organizaciones de Ferias Libres (ASOF C.G.), la Federaci\u00f3n Nacional de Sindicatos de Trabajadores Independientes de Ferias Libres, Persas y Anexos (FETRACOM) y la Coordinadora Nacional de Ferias Libres.<\/p>\n<p style=\"text-align: justify;\">El vocero de la Coordinadora Nacional de Ferias Libres, Mario Cornejo L\u00f3pez, valor\u00f3 el avance de la iniciativa se\u00f1alando que \u201chemos luchado por a\u00f1os para ser reconocidos. Es cierto que hoy nos regimos por ordenanzas comunales pero eso no basta, necesitamos un marco jur\u00eddico\u201d.<\/p>\n<p style=\"text-align: justify;\">El proyecto, adem\u00e1s, formaliza la relaci\u00f3n entre ferias y municipios, promoviendo una mejor gesti\u00f3n y regulaci\u00f3n local, a la vez que defiende los intereses de los vecinos al incorporar procedimientos transparentes y participativos para la creaci\u00f3n de nuevas ferias.<\/p>\n<p style=\"text-align: justify;\">La presidenta de ASOF, Paola Morales, hizo un llamado a las y los parlamentarios de cara a la futura discusi\u00f3n en particular que se realizar\u00e1 en la sala del Senado: \u201cEsperamos que nos entreguen su respaldo. Despu\u00e9s de m\u00e1s de 200 a\u00f1os de existencia, es primera vez que las ferias libres podr\u00edamos tener un reconocimiento jur\u00eddico y a la labor que ejecutamos d\u00eda a d\u00eda\u201d, asegur\u00f3.<\/p>\n<p style=\"text-align: justify;\">En tanto, el presidente de la FETRACOM, Arnaldo Romero, sostuvo: \u201ccreemos que es positivo que se generen las condiciones adecuadas para nuestro sector. Confiamos en que no vamos a tener tantas dificultades y el proyecto va a salir adelante\u201d.<\/p>\n<p style=\"text-align: justify;\">Entre los cambios incorporados al texto en el Senado, se encuentra una disposici\u00f3n que permite a los municipios, en coordinaci\u00f3n con las ferias libres y sus organizaciones, implementar medidas para prevenir el desperdicio de alimentos, reducir la generaci\u00f3n de residuos y fomentar el reciclaje, la reutilizaci\u00f3n o la valorizaci\u00f3n de subproductos.<\/p>\n<\/div><\/section><\/div><div  style='height:50px' class='hr hr-invisible   avia-builder-el-6  el_after_av_one_full  el_before_av_social_share '><span class='hr-inner ' ><span class='hr-inner-style'><\/span><\/span><\/div><\/p>\n<div  class='av-social-sharing-box  avia-builder-el-7  el_after_av_hr  el_before_av_hr  '><div class='av-share-box'><h5 class='av-share-link-description av-no-toc '>Compartir esta noticia<\/h5><ul class='av-share-box-list noLightbox'><li class='av-share-link av-social-link-facebook' ><a target=\"_blank\" aria-label=\"Compartir en Facebook\" href='https:\/\/www.facebook.com\/sharer.php?u=https:\/\/radiorevelacionfm.cl\/?p=63073&#038;t=Nuevo%20avance%3A%20Proyecto%20de%20ley%20de%20Ferias%20Libres%20fue%20despachado%20por%20Comisi%C3%B3n%20de%20Hacienda%20del%20Senado' aria-hidden='false' data-av_icon='\ue8f3' data-av_iconfont='entypo-fontello' title='' data-avia-related-tooltip='Compartir en Facebook' rel=\"noopener\"><span class='avia_hidden_link_text'>Compartir en Facebook<\/span><\/a><\/li><li class='av-share-link av-social-link-twitter' ><a target=\"_blank\" aria-label=\"Compartir en Twitter\" href='https:\/\/twitter.com\/share?text=Nuevo%20avance%3A%20Proyecto%20de%20ley%20de%20Ferias%20Libres%20fue%20despachado%20por%20Comisi%C3%B3n%20de%20Hacienda%20del%20Senado&#038;url=https:\/\/radiorevelacionfm.cl\/?p=63073' aria-hidden='false' data-av_icon='\ue8f1' data-av_iconfont='entypo-fontello' title='' data-avia-related-tooltip='Compartir en Twitter' rel=\"noopener\"><span class='avia_hidden_link_text'>Compartir en Twitter<\/span><\/a><\/li><li class='av-share-link av-social-link-whatsapp' ><a target=\"_blank\" aria-label=\"Compartir en Whatsapp\" href='https:\/\/api.whatsapp.com\/send?text=https:\/\/radiorevelacionfm.cl\/?p=63073' aria-hidden='false' data-av_icon='\uf232' data-av_iconfont='entypo-fontello' title='' data-avia-related-tooltip='Compartir en Whatsapp' rel=\"noopener\"><span class='avia_hidden_link_text'>Compartir en Whatsapp<\/span><\/a><\/li><li class='av-share-link av-social-link-linkedin' ><a target=\"_blank\" aria-label=\"Compartir en LinkedIn\" href='https:\/\/linkedin.com\/shareArticle?mini=true&#038;title=Nuevo%20avance%3A%20Proyecto%20de%20ley%20de%20Ferias%20Libres%20fue%20despachado%20por%20Comisi%C3%B3n%20de%20Hacienda%20del%20Senado&#038;url=https:\/\/radiorevelacionfm.cl\/?p=63073' aria-hidden='false' data-av_icon='\ue8fc' data-av_iconfont='entypo-fontello' title='' data-avia-related-tooltip='Compartir en LinkedIn' rel=\"noopener\"><span class='avia_hidden_link_text'>Compartir en LinkedIn<\/span><\/a><\/li><li class='av-share-link av-social-link-mail' ><a  aria-label=\"Compartir por correo\" href='mailto:?subject=Nuevo%20avance%3A%20Proyecto%20de%20ley%20de%20Ferias%20Libres%20fue%20despachado%20por%20Comisi%C3%B3n%20de%20Hacienda%20del%20Senado&#038;body=https:\/\/radiorevelacionfm.cl\/?p=63073' aria-hidden='false' data-av_icon='\ue805' data-av_iconfont='entypo-fontello' title='' data-avia-related-tooltip='Compartir por correo'><span class='avia_hidden_link_text'>Compartir por correo<\/span><\/a><\/li><\/ul><\/div><\/div>\n<div  style='height:50px' class='hr hr-invisible   avia-builder-el-8  el_after_av_social_share  el_before_av_comments_list '><span class='hr-inner ' ><span class='hr-inner-style'><\/span><\/span><\/div>\n<div  class='av-buildercomment  av-blog-meta-html-info-disabled av-blog-meta-tag-disabled  '><\/div>\n","protected":false},"excerpt":{"rendered":"","protected":false},"author":1,"featured_media":63074,"comment_status":"closed","ping_status":"closed","sticky":false,"template":"","format":"standard","meta":{"footnotes":""},"categories":[61],"tags":[],"class_list":["post-63073","post","type-post","status-publish","format-standard","has-post-thumbnail","hentry","category-nacional"],"jetpack_featured_media_url":"https:\/\/radiorevelacionfm.cl\/wp-content\/uploads\/2026\/01\/55029058838_c9f8384e71_o-1_optimized-1.jpg","_links":{"self":[{"href":"https:\/\/radiorevelacionfm.cl\/index.php?rest_route=\/wp\/v2\/posts\/63073","targetHints":{"allow":["GET"]}}],"collection":[{"href":"https:\/\/radiorevelacionfm.cl\/index.php?rest_route=\/wp\/v2\/posts"}],"about":[{"href":"https:\/\/radiorevelacionfm.cl\/index.php?rest_route=\/wp\/v2\/types\/post"}],"author":[{"embeddable":true,"href":"https:\/\/radiorevelacionfm.cl\/index.php?rest_route=\/wp\/v2\/users\/1"}],"replies":[{"embeddable":true,"href":"https:\/\/radiorevelacionfm.cl\/index.php?rest_route=%2Fwp%2Fv2%2Fcomments&post=63073"}],"version-history":[{"count":2,"href":"https:\/\/radiorevelacionfm.cl\/index.php?rest_route=\/wp\/v2\/posts\/63073\/revisions"}],"predecessor-version":[{"id":63115,"href":"https:\/\/radiorevelacionfm.cl\/index.php?rest_route=\/wp\/v2\/posts\/63073\/revisions\/63115"}],"wp:featuredmedia":[{"embeddable":true,"href":"https:\/\/radiorevelacionfm.cl\/index.php?rest_route=\/wp\/v2\/media\/63074"}],"wp:attachment":[{"href":"https:\/\/radiorevelacionfm.cl\/index.php?rest_route=%2Fwp%2Fv2%2Fmedia&parent=63073"}],"wp:term":[{"taxonomy":"category","embeddable":true,"href":"https:\/\/radiorevelacionfm.cl\/index.php?rest_route=%2Fwp%2Fv2%2Fcategories&post=63073"},{"taxonomy":"post_tag","embeddable":true,"href":"https:\/\/radiorevelacionfm.cl\/index.php?rest_route=%2Fwp%2Fv2%2Ftags&post=63073"}],"curies":[{"name":"wp","href":"https:\/\/api.w.org\/{rel}","templated":true}]}}