{"id":63070,"date":"2026-01-08T11:54:28","date_gmt":"2026-01-08T14:54:28","guid":{"rendered":"https:\/\/radiorevelacionfm.cl\/?p=63070"},"modified":"2026-01-08T11:54:28","modified_gmt":"2026-01-08T14:54:28","slug":"fundacion-integra-capacita-a-equipos-educativos-de-aysen-para-el-programa-vacaciones-en-mi-jardin","status":"publish","type":"post","link":"https:\/\/radiorevelacionfm.cl\/?p=63070","title":{"rendered":"Fundaci\u00f3n Integra capacita a equipos educativos de Ays\u00e9n para el programa \u201cVacaciones en Mi Jard\u00edn\u201d"},"content":{"rendered":"<div class=\"flex_column av_one_full  flex_column_div av-zero-column-padding first  avia-builder-el-0  el_before_av_one_full  avia-builder-el-first  \" style='border-radius:0px; '><div  class='avia-image-container  av-styling-    avia-builder-el-1  avia-builder-el-no-sibling  avia-align-center '  itemprop=\"image\" itemscope=\"itemscope\" itemtype=\"https:\/\/schema.org\/ImageObject\"  ><div class='avia-image-container-inner'><div class='avia-image-overlay-wrap'><img decoding=\"async\" class='wp-image-63071 avia-img-lazy-loading-not-63071 avia_image' src=\"https:\/\/radiorevelacionfm.cl\/wp-content\/uploads\/2026\/01\/MG_0646-min-1-1.jpg\" alt='' title='_MG_0646-min (1) (1)' height=\"600\" width=\"900\"  itemprop=\"thumbnailUrl\" srcset=\"https:\/\/radiorevelacionfm.cl\/wp-content\/uploads\/2026\/01\/MG_0646-min-1-1.jpg 900w, https:\/\/radiorevelacionfm.cl\/wp-content\/uploads\/2026\/01\/MG_0646-min-1-1-300x200.jpg 300w, https:\/\/radiorevelacionfm.cl\/wp-content\/uploads\/2026\/01\/MG_0646-min-1-1-768x512.jpg 768w, https:\/\/radiorevelacionfm.cl\/wp-content\/uploads\/2026\/01\/MG_0646-min-1-1-705x470.jpg 705w, https:\/\/radiorevelacionfm.cl\/wp-content\/uploads\/2026\/01\/MG_0646-min-1-1-450x300.jpg 450w, https:\/\/radiorevelacionfm.cl\/wp-content\/uploads\/2026\/01\/MG_0646-min-1-1-600x400.jpg 600w\" sizes=\"(max-width: 900px) 100vw, 900px\" \/><\/div><\/div><\/div><\/div><div class=\"flex_column av_one_full  flex_column_div av-zero-column-padding first  avia-builder-el-2  el_after_av_one_full  el_before_av_one_full  column-top-margin\" style='border-radius:0px; '><section class=\"av_textblock_section \"  itemscope=\"itemscope\" itemtype=\"https:\/\/schema.org\/BlogPosting\" itemprop=\"blogPost\" ><div class='avia_textblock  '   itemprop=\"text\" ><p style=\"text-align: center;\"><strong><span style=\"font-size: 18pt;\">Fundaci\u00f3n Integra capacita a equipos educativos de Ays\u00e9n para el programa \u201cVacaciones en Mi Jard\u00edn\u201d<\/span><\/strong><\/p>\n<div id=\"gtx-trans\" style=\"position: absolute; left: -50px; top: 4.31534px;\">\n<div class=\"gtx-trans-icon\"><\/div>\n<\/div>\n<\/div><\/section><\/div><div class=\"flex_column av_one_full  flex_column_div av-zero-column-padding first  avia-builder-el-4  el_after_av_one_full  el_before_av_hr  column-top-margin\" style='border-radius:0px; '><section class=\"av_textblock_section \"  itemscope=\"itemscope\" itemtype=\"https:\/\/schema.org\/BlogPosting\" itemprop=\"blogPost\" ><div class='avia_textblock  '   itemprop=\"text\" ><p style=\"font-weight: 400; text-align: justify;\"><em>Las jornadas de capacitaci\u00f3n se desarrollaron en la sede de Inacap en Coyhaique y beneficiaron a 42 personas, permitiendo con esto fortalecer sus competencias pedag\u00f3gicas y de cuidado que los equipos educativos implementar\u00e1n en el desarrollo de este Programa.<\/em><\/p>\n<p style=\"font-weight: 400; text-align: justify;\">Con el objetivo de asegurar experiencias educativas de calidad, seguras y significativas para ni\u00f1as y ni\u00f1os durante el per\u00edodo estival, Fundaci\u00f3n Integra realiz\u00f3 en la regi\u00f3n de Ays\u00e9n la capacitaci\u00f3n de los equipos educativos que participar\u00e1n en el programa \u201cVacaciones en Mi Jard\u00edn\u201d 2026, iniciativa que se implementar\u00e1 en los jardines infantiles \u201cLas Araucarias\u201d de Coyhaique, y \u201cLos Chilcos\u201d de Puerto Ays\u00e9n.<\/p>\n<p style=\"font-weight: 400; text-align: justify;\">Las jornadas formativas estuvieron orientadas a reforzar los lineamientos pedag\u00f3gicos, el enfoque de bienestar integral, la convivencia bientratante y la promoci\u00f3n de los derechos de ni\u00f1as y ni\u00f1os, ejes centrales del programa Vacaciones en Mi Jard\u00edn (VMJ). A trav\u00e9s de estos espacios, los equipos educativos profundizan en estrategias de juego, contenci\u00f3n emocional, trabajo colaborativo y generaci\u00f3n de ambientes seguros y acogedores, acordes a las necesidades de la primera infancia.<\/p>\n<p style=\"font-weight: 400; text-align: justify;\">La directora regional de Fundaci\u00f3n Integra de Ays\u00e9n, Leticia Araya Norambuena, destac\u00f3 la importancia de esta preparaci\u00f3n previa, se\u00f1alando que \u201cVacaciones en Mi Jard\u00edn es una oportunidad para seguir acompa\u00f1ando a las ni\u00f1as y ni\u00f1os desde el juego, el afecto y el cuidado, incluso durante el receso estival. Estas capacitaciones permiten que nuestros equipos se sientan seguros, fortalecidos y alineados con una educaci\u00f3n inicial centrada en el bienestar y los derechos de la ni\u00f1ez\u201d.<\/p>\n<p style=\"font-weight: 400; text-align: justify;\">El programa Vacaciones en Mi Jard\u00edn busca apoyar a las familias durante el verano, ofreciendo a ni\u00f1as y ni\u00f1os experiencias educativas l\u00fadicas, espacios de recreaci\u00f3n, alimentaci\u00f3n equilibrada y un acompa\u00f1amiento respetuoso, en contextos especialmente dise\u00f1ados para esta etapa.<\/p>\n<p style=\"font-weight: 400; text-align: justify;\">La directora regional de Fundaci\u00f3n Integra de Ays\u00e9n refuerza que \u201cestas capacitaciones nos permiten planificar con mayor claridad el trabajo del verano, poniendo siempre en el centro a los ni\u00f1os y ni\u00f1as. Es un espacio donde compartimos experiencias, reforzamos pr\u00e1cticas y renovamos nuestro compromiso con una educaci\u00f3n amorosa y respetuosa\u201d.<\/p>\n<p style=\"font-weight: 400; text-align: justify;\">Desde la instituci\u00f3n refuerzan que el VMJ no es solo cuidado, es aprendizaje a trav\u00e9s del juego. Ofreciendo espacios seguros, cercanos y lleno de experiencias significativas para los ni\u00f1os y ni\u00f1as y que entrega tranquilidad a las familias que forman parte del programa.<\/p>\n<p style=\"font-weight: 400; text-align: justify;\">Fundaci\u00f3n Integra, con m\u00e1s de 34 a\u00f1os de trayectoria y m\u00e1s de 1.200 jardines infantiles gratuitos a lo largo del pa\u00eds, contin\u00faa trabajando para brindar espacios educativos inclusivos, diversos y de calidad que promuevan el desarrollo integral y bienestar de la primera infancia.<\/p>\n<\/div><\/section><\/div><div  style='height:50px' class='hr hr-invisible   avia-builder-el-6  el_after_av_one_full  el_before_av_social_share '><span class='hr-inner ' ><span class='hr-inner-style'><\/span><\/span><\/div><\/p>\n<div  class='av-social-sharing-box  avia-builder-el-7  el_after_av_hr  el_before_av_hr  '><div class='av-share-box'><h5 class='av-share-link-description av-no-toc '>Compartir esta noticia<\/h5><ul class='av-share-box-list noLightbox'><li class='av-share-link av-social-link-facebook' ><a target=\"_blank\" aria-label=\"Compartir en Facebook\" href='https:\/\/www.facebook.com\/sharer.php?u=https:\/\/radiorevelacionfm.cl\/?p=63070&#038;t=Fundaci%C3%B3n%20Integra%20capacita%20a%20equipos%20educativos%20de%20Ays%C3%A9n%20para%20el%20programa%20%E2%80%9CVacaciones%20en%20Mi%20Jard%C3%ADn%E2%80%9D' aria-hidden='false' data-av_icon='\ue8f3' data-av_iconfont='entypo-fontello' title='' data-avia-related-tooltip='Compartir en Facebook' rel=\"noopener\"><span class='avia_hidden_link_text'>Compartir en Facebook<\/span><\/a><\/li><li class='av-share-link av-social-link-twitter' ><a target=\"_blank\" aria-label=\"Compartir en Twitter\" href='https:\/\/twitter.com\/share?text=Fundaci%C3%B3n%20Integra%20capacita%20a%20equipos%20educativos%20de%20Ays%C3%A9n%20para%20el%20programa%20%E2%80%9CVacaciones%20en%20Mi%20Jard%C3%ADn%E2%80%9D&#038;url=https:\/\/radiorevelacionfm.cl\/?p=63070' aria-hidden='false' data-av_icon='\ue8f1' data-av_iconfont='entypo-fontello' title='' data-avia-related-tooltip='Compartir en Twitter' rel=\"noopener\"><span class='avia_hidden_link_text'>Compartir en Twitter<\/span><\/a><\/li><li class='av-share-link av-social-link-whatsapp' ><a target=\"_blank\" aria-label=\"Compartir en Whatsapp\" href='https:\/\/api.whatsapp.com\/send?text=https:\/\/radiorevelacionfm.cl\/?p=63070' aria-hidden='false' data-av_icon='\uf232' data-av_iconfont='entypo-fontello' title='' data-avia-related-tooltip='Compartir en Whatsapp' rel=\"noopener\"><span class='avia_hidden_link_text'>Compartir en Whatsapp<\/span><\/a><\/li><li class='av-share-link av-social-link-linkedin' ><a target=\"_blank\" aria-label=\"Compartir en LinkedIn\" href='https:\/\/linkedin.com\/shareArticle?mini=true&#038;title=Fundaci%C3%B3n%20Integra%20capacita%20a%20equipos%20educativos%20de%20Ays%C3%A9n%20para%20el%20programa%20%E2%80%9CVacaciones%20en%20Mi%20Jard%C3%ADn%E2%80%9D&#038;url=https:\/\/radiorevelacionfm.cl\/?p=63070' aria-hidden='false' data-av_icon='\ue8fc' data-av_iconfont='entypo-fontello' title='' data-avia-related-tooltip='Compartir en LinkedIn' rel=\"noopener\"><span class='avia_hidden_link_text'>Compartir en LinkedIn<\/span><\/a><\/li><li class='av-share-link av-social-link-mail' ><a  aria-label=\"Compartir por correo\" href='mailto:?subject=Fundaci%C3%B3n%20Integra%20capacita%20a%20equipos%20educativos%20de%20Ays%C3%A9n%20para%20el%20programa%20%E2%80%9CVacaciones%20en%20Mi%20Jard%C3%ADn%E2%80%9D&#038;body=https:\/\/radiorevelacionfm.cl\/?p=63070' aria-hidden='false' data-av_icon='\ue805' data-av_iconfont='entypo-fontello' title='' data-avia-related-tooltip='Compartir por correo'><span class='avia_hidden_link_text'>Compartir por correo<\/span><\/a><\/li><\/ul><\/div><\/div>\n<div  style='height:50px' class='hr hr-invisible   avia-builder-el-8  el_after_av_social_share  el_before_av_comments_list '><span class='hr-inner ' ><span class='hr-inner-style'><\/span><\/span><\/div>\n<div  class='av-buildercomment  av-blog-meta-html-info-disabled av-blog-meta-tag-disabled  '><\/div>\n","protected":false},"excerpt":{"rendered":"","protected":false},"author":1,"featured_media":63071,"comment_status":"closed","ping_status":"closed","sticky":false,"template":"","format":"standard","meta":{"footnotes":""},"categories":[49],"tags":[],"class_list":["post-63070","post","type-post","status-publish","format-standard","has-post-thumbnail","hentry","category-educacion"],"jetpack_featured_media_url":"https:\/\/radiorevelacionfm.cl\/wp-content\/uploads\/2026\/01\/MG_0646-min-1-1.jpg","_links":{"self":[{"href":"https:\/\/radiorevelacionfm.cl\/index.php?rest_route=\/wp\/v2\/posts\/63070","targetHints":{"allow":["GET"]}}],"collection":[{"href":"https:\/\/radiorevelacionfm.cl\/index.php?rest_route=\/wp\/v2\/posts"}],"about":[{"href":"https:\/\/radiorevelacionfm.cl\/index.php?rest_route=\/wp\/v2\/types\/post"}],"author":[{"embeddable":true,"href":"https:\/\/radiorevelacionfm.cl\/index.php?rest_route=\/wp\/v2\/users\/1"}],"replies":[{"embeddable":true,"href":"https:\/\/radiorevelacionfm.cl\/index.php?rest_route=%2Fwp%2Fv2%2Fcomments&post=63070"}],"version-history":[{"count":2,"href":"https:\/\/radiorevelacionfm.cl\/index.php?rest_route=\/wp\/v2\/posts\/63070\/revisions"}],"predecessor-version":[{"id":63076,"href":"https:\/\/radiorevelacionfm.cl\/index.php?rest_route=\/wp\/v2\/posts\/63070\/revisions\/63076"}],"wp:featuredmedia":[{"embeddable":true,"href":"https:\/\/radiorevelacionfm.cl\/index.php?rest_route=\/wp\/v2\/media\/63071"}],"wp:attachment":[{"href":"https:\/\/radiorevelacionfm.cl\/index.php?rest_route=%2Fwp%2Fv2%2Fmedia&parent=63070"}],"wp:term":[{"taxonomy":"category","embeddable":true,"href":"https:\/\/radiorevelacionfm.cl\/index.php?rest_route=%2Fwp%2Fv2%2Fcategories&post=63070"},{"taxonomy":"post_tag","embeddable":true,"href":"https:\/\/radiorevelacionfm.cl\/index.php?rest_route=%2Fwp%2Fv2%2Ftags&post=63070"}],"curies":[{"name":"wp","href":"https:\/\/api.w.org\/{rel}","templated":true}]}}