{"id":63066,"date":"2026-01-08T11:29:08","date_gmt":"2026-01-08T14:29:08","guid":{"rendered":"https:\/\/radiorevelacionfm.cl\/?p=63066"},"modified":"2026-01-08T11:29:08","modified_gmt":"2026-01-08T14:29:08","slug":"festival-chivero-de-rio-ibanez-culmino-con-lanzamiento-de-chorizos-de-cabrito-como-simbolo-de-innovacion-y-trabajo-asociativo","status":"publish","type":"post","link":"https:\/\/radiorevelacionfm.cl\/?p=63066","title":{"rendered":"Festival Chivero de R\u00edo Ib\u00e1\u00f1ez culmin\u00f3 con lanzamiento de chorizos de cabrito como s\u00edmbolo de innovaci\u00f3n y trabajo asociativo"},"content":{"rendered":"<div class=\"flex_column av_one_full  flex_column_div av-zero-column-padding first  avia-builder-el-0  el_before_av_one_full  avia-builder-el-first  \" style='border-radius:0px; '><div  class='avia-image-container  av-styling-    avia-builder-el-1  avia-builder-el-no-sibling  avia-align-center '  itemprop=\"image\" itemscope=\"itemscope\" itemtype=\"https:\/\/schema.org\/ImageObject\"  ><div class='avia-image-container-inner'><div class='avia-image-overlay-wrap'><img decoding=\"async\" class='wp-image-63067 avia-img-lazy-loading-not-63067 avia_image' src=\"https:\/\/radiorevelacionfm.cl\/wp-content\/uploads\/2026\/01\/whatsapp-image-2026-01-07-at-19_optimized.00.29-1-1.jpeg\" alt='' title='whatsapp-image-2026-01-07-at-19_optimized.00.29-(1)-(1)' height=\"600\" width=\"800\"  itemprop=\"thumbnailUrl\" srcset=\"https:\/\/radiorevelacionfm.cl\/wp-content\/uploads\/2026\/01\/whatsapp-image-2026-01-07-at-19_optimized.00.29-1-1.jpeg 800w, https:\/\/radiorevelacionfm.cl\/wp-content\/uploads\/2026\/01\/whatsapp-image-2026-01-07-at-19_optimized.00.29-1-1-300x225.jpeg 300w, https:\/\/radiorevelacionfm.cl\/wp-content\/uploads\/2026\/01\/whatsapp-image-2026-01-07-at-19_optimized.00.29-1-1-768x576.jpeg 768w, https:\/\/radiorevelacionfm.cl\/wp-content\/uploads\/2026\/01\/whatsapp-image-2026-01-07-at-19_optimized.00.29-1-1-705x529.jpeg 705w, https:\/\/radiorevelacionfm.cl\/wp-content\/uploads\/2026\/01\/whatsapp-image-2026-01-07-at-19_optimized.00.29-1-1-450x338.jpeg 450w, https:\/\/radiorevelacionfm.cl\/wp-content\/uploads\/2026\/01\/whatsapp-image-2026-01-07-at-19_optimized.00.29-1-1-600x450.jpeg 600w\" sizes=\"(max-width: 800px) 100vw, 800px\" \/><\/div><\/div><\/div><\/div><div class=\"flex_column av_one_full  flex_column_div av-zero-column-padding first  avia-builder-el-2  el_after_av_one_full  el_before_av_one_full  column-top-margin\" style='border-radius:0px; '><section class=\"av_textblock_section \"  itemscope=\"itemscope\" itemtype=\"https:\/\/schema.org\/BlogPosting\" itemprop=\"blogPost\" ><div class='avia_textblock  '   itemprop=\"text\" ><p style=\"text-align: center;\"><strong><span style=\"font-size: 18pt;\">Festival Chivero de R\u00edo Ib\u00e1\u00f1ez culmin\u00f3 con lanzamiento de chorizos de cabrito como s\u00edmbolo de innovaci\u00f3n y trabajo asociativo<\/span><\/strong><\/p>\n<div id=\"gtx-trans\" style=\"position: absolute; left: -50px; top: 4.31534px;\">\n<div class=\"gtx-trans-icon\"><\/div>\n<\/div>\n<\/div><\/section><\/div><div class=\"flex_column av_one_full  flex_column_div av-zero-column-padding first  avia-builder-el-4  el_after_av_one_full  el_before_av_hr  column-top-margin\" style='border-radius:0px; '><section class=\"av_textblock_section \"  itemscope=\"itemscope\" itemtype=\"https:\/\/schema.org\/BlogPosting\" itemprop=\"blogPost\" ><div class='avia_textblock  '   itemprop=\"text\" ><p style=\"text-align: justify;\"><em>Productores, autoridades y una empresa regional se unieron para dar valor agregado a la carne caprina, presentando embutidos innovadores que buscan diversificar y potenciar el rubro en la comuna.<\/em><\/p>\n<p style=\"text-align: justify;\">Durante la reciente celebraci\u00f3n del Festival Chivero de R\u00edo Ib\u00e1\u00f1ez, un hito marc\u00f3 el camino hacia la innovaci\u00f3n: la entrega oficial de los primeros chorizos elaborados con carne de caprino local. Esta iniciativa, resultado de una colaboraci\u00f3n entre el Comit\u00e9 Caprino de R\u00edo Ib\u00e1\u00f1ez, la Seremi de Agricultura, INDAP y la empresa regional Pampa y Fiordo, represent\u00f3 un salto cualitativo en la b\u00fasqueda de nuevas alternativas comerciales para un rubro hist\u00f3rico. El acto no solo entreg\u00f3 un producto terminado, sino tambi\u00e9n la receta y el conocimiento para que los propios productores lo repliquen en su futura sala de proceso.<\/p>\n<p style=\"text-align: justify;\">El Seremi de Agricultura de Ays\u00e9n, Eugenio Ruiz, destac\u00f3 que la entrega de estos subproductos es \u00abfruto de un trabajo colaborativo.\u00bb Lo anterior permitir\u00e1 al Comit\u00e9 una receta de elaboraci\u00f3n que podr\u00e1n utilizar cuando su Sala de Proceso sea construida con los fondos del Programa de Fortalecimiento Rubro Caprino\u00bb, explic\u00f3 la autoridad. Eugenio Ruiz enfatiz\u00f3 que acciones como esta fortalecieron el trabajo asociativo y el \u00e1rea de comercializaci\u00f3n.<\/p>\n<p style=\"text-align: justify;\">Por su parte, Yessica Lagos, directora regional de INDAP Ays\u00e9n, recalc\u00f3 que el Festival Chivero fue \u00abuna instancia de difusi\u00f3n y puesta en valor de la producci\u00f3n caprina regional\u00bb. Este espacio, dijo, visibiliz\u00f3 \u00ablos esfuerzos realizados durante a\u00f1os por los miembros del comit\u00e9 con el apoyo del Estado\u00bb, posicionando al rubro como \u00abun elemento relevante en la matriz productiva de la peque\u00f1a agricultura de la comuna\u00bb.<\/p>\n<p style=\"text-align: justify;\">La apuesta por la innovaci\u00f3n y la diversificaci\u00f3n de productos tuvo un aliado clave en los asesores t\u00e9cnicos. Rodrigo Castillo, m\u00e9dico veterinario, y asesor del Programa de Fortalecimiento Caprino, financiado por el Gobierno Regional y su Consejo, detall\u00f3 que el objetivo es \u00abmostrar otros subproductos alternativos dentro de los embutidos, charcuter\u00eda, para ver opciones que puedan hacer que este rubro sea un poco m\u00e1s rentable\u00bb. Para los productores, esta transferencia de conocimiento fue vital.<\/p>\n<p style=\"text-align: justify;\">Por su parte, C\u00e9sar G\u00f3mez, de la empresa Pampa y Fiordo, empresa creadora de la receta y que cuenta con la resoluci\u00f3n sanitaria respectiva, valor\u00f3 la alianza p\u00fablico-privada. \u00abA trav\u00e9s de este tipo de procesamiento se puede poner en valor la carne de chivo\u00bb, se\u00f1al\u00f3. G\u00f3mez destac\u00f3 la oportunidad de \u00abbuscar la innovaci\u00f3n y poner en valor otras materias primas\u00bb. Su visi\u00f3n apunt\u00f3 a un cambio de paradigma \u00abesa parte que muchas veces pasa a ser como merma, en realidad ya tambi\u00e9n la podemos aprovechar con productos como el chorizo, el charqui, la hamburguesa\u00bb.<\/p>\n<p style=\"text-align: justify;\">En la actividad tambi\u00e9n estuvo presente INIA Tamel Aike quienes participaron con un stand informativo orientado a difundir los principales trabajos que desarrolla la instituci\u00f3n en el \u00e1mbito ganadero. Al respecto, Camila Reyes, directora regional de INIA Tamel Aike, explic\u00f3 que este instrumento, NIRS port\u00e1til, adquirido en el marco del Programa Caprino, permite determinar de manera r\u00e1pida y precisa, \u201cla calidad de los recursos forrajeros disponibles en los predios, lo que facilita el ajuste de los balances ganaderos y la formulaci\u00f3n de dietas m\u00e1s eficientes para los animales.\u201d<\/p>\n<p style=\"text-align: justify;\">Diversificar con nuevos productos y diversas alternativas \u2013como embutidos, hamburguesas o charqui\u2013 no es solo una estrategia comercial; es una lecci\u00f3n de innovaci\u00f3n. Significa darle m\u00e1s valor a lo que ya se produce, abrir la puerta a nuevos mercados y, en esencia, escribir un nuevo cap\u00edtulo para una actividad ligada al campo, que busca transformar este rubro hist\u00f3rico en una fuente inagotable de innovaci\u00f3n, sabor y comercializaci\u00f3n para la agricultura familiar campesina de Ays\u00e9n.<\/p>\n<\/div><\/section><\/div><div  style='height:50px' class='hr hr-invisible   avia-builder-el-6  el_after_av_one_full  el_before_av_social_share '><span class='hr-inner ' ><span class='hr-inner-style'><\/span><\/span><\/div><\/p>\n<div  class='av-social-sharing-box  avia-builder-el-7  el_after_av_hr  el_before_av_hr  '><div class='av-share-box'><h5 class='av-share-link-description av-no-toc '>Compartir esta noticia<\/h5><ul class='av-share-box-list noLightbox'><li class='av-share-link av-social-link-facebook' ><a target=\"_blank\" aria-label=\"Compartir en Facebook\" href='https:\/\/www.facebook.com\/sharer.php?u=https:\/\/radiorevelacionfm.cl\/?p=63066&#038;t=Festival%20Chivero%20de%20R%C3%ADo%20Ib%C3%A1%C3%B1ez%20culmin%C3%B3%20con%20lanzamiento%20de%20chorizos%20de%20cabrito%20como%20s%C3%ADmbolo%20de%20innovaci%C3%B3n%20y%20trabajo%20asociativo' aria-hidden='false' data-av_icon='\ue8f3' data-av_iconfont='entypo-fontello' title='' data-avia-related-tooltip='Compartir en Facebook' rel=\"noopener\"><span class='avia_hidden_link_text'>Compartir en Facebook<\/span><\/a><\/li><li class='av-share-link av-social-link-twitter' ><a target=\"_blank\" aria-label=\"Compartir en Twitter\" href='https:\/\/twitter.com\/share?text=Festival%20Chivero%20de%20R%C3%ADo%20Ib%C3%A1%C3%B1ez%20culmin%C3%B3%20con%20lanzamiento%20de%20chorizos%20de%20cabrito%20como%20s%C3%ADmbolo%20de%20innovaci%C3%B3n%20y%20trabajo%20asociativo&#038;url=https:\/\/radiorevelacionfm.cl\/?p=63066' aria-hidden='false' data-av_icon='\ue8f1' data-av_iconfont='entypo-fontello' title='' data-avia-related-tooltip='Compartir en Twitter' rel=\"noopener\"><span class='avia_hidden_link_text'>Compartir en Twitter<\/span><\/a><\/li><li class='av-share-link av-social-link-whatsapp' ><a target=\"_blank\" aria-label=\"Compartir en Whatsapp\" href='https:\/\/api.whatsapp.com\/send?text=https:\/\/radiorevelacionfm.cl\/?p=63066' aria-hidden='false' data-av_icon='\uf232' data-av_iconfont='entypo-fontello' title='' data-avia-related-tooltip='Compartir en Whatsapp' rel=\"noopener\"><span class='avia_hidden_link_text'>Compartir en Whatsapp<\/span><\/a><\/li><li class='av-share-link av-social-link-linkedin' ><a target=\"_blank\" aria-label=\"Compartir en LinkedIn\" href='https:\/\/linkedin.com\/shareArticle?mini=true&#038;title=Festival%20Chivero%20de%20R%C3%ADo%20Ib%C3%A1%C3%B1ez%20culmin%C3%B3%20con%20lanzamiento%20de%20chorizos%20de%20cabrito%20como%20s%C3%ADmbolo%20de%20innovaci%C3%B3n%20y%20trabajo%20asociativo&#038;url=https:\/\/radiorevelacionfm.cl\/?p=63066' aria-hidden='false' data-av_icon='\ue8fc' data-av_iconfont='entypo-fontello' title='' data-avia-related-tooltip='Compartir en LinkedIn' rel=\"noopener\"><span class='avia_hidden_link_text'>Compartir en LinkedIn<\/span><\/a><\/li><li class='av-share-link av-social-link-mail' ><a  aria-label=\"Compartir por correo\" href='mailto:?subject=Festival%20Chivero%20de%20R%C3%ADo%20Ib%C3%A1%C3%B1ez%20culmin%C3%B3%20con%20lanzamiento%20de%20chorizos%20de%20cabrito%20como%20s%C3%ADmbolo%20de%20innovaci%C3%B3n%20y%20trabajo%20asociativo&#038;body=https:\/\/radiorevelacionfm.cl\/?p=63066' aria-hidden='false' data-av_icon='\ue805' data-av_iconfont='entypo-fontello' title='' data-avia-related-tooltip='Compartir por correo'><span class='avia_hidden_link_text'>Compartir por correo<\/span><\/a><\/li><\/ul><\/div><\/div>\n<div  style='height:50px' class='hr hr-invisible   avia-builder-el-8  el_after_av_social_share  el_before_av_comments_list '><span class='hr-inner ' ><span class='hr-inner-style'><\/span><\/span><\/div>\n<div  class='av-buildercomment  av-blog-meta-html-info-disabled av-blog-meta-tag-disabled  '><\/div>\n","protected":false},"excerpt":{"rendered":"","protected":false},"author":1,"featured_media":63067,"comment_status":"closed","ping_status":"closed","sticky":false,"template":"","format":"standard","meta":{"footnotes":""},"categories":[38],"tags":[],"class_list":["post-63066","post","type-post","status-publish","format-standard","has-post-thumbnail","hentry","category-regional"],"jetpack_featured_media_url":"https:\/\/radiorevelacionfm.cl\/wp-content\/uploads\/2026\/01\/whatsapp-image-2026-01-07-at-19_optimized.00.29-1-1.jpeg","_links":{"self":[{"href":"https:\/\/radiorevelacionfm.cl\/index.php?rest_route=\/wp\/v2\/posts\/63066","targetHints":{"allow":["GET"]}}],"collection":[{"href":"https:\/\/radiorevelacionfm.cl\/index.php?rest_route=\/wp\/v2\/posts"}],"about":[{"href":"https:\/\/radiorevelacionfm.cl\/index.php?rest_route=\/wp\/v2\/types\/post"}],"author":[{"embeddable":true,"href":"https:\/\/radiorevelacionfm.cl\/index.php?rest_route=\/wp\/v2\/users\/1"}],"replies":[{"embeddable":true,"href":"https:\/\/radiorevelacionfm.cl\/index.php?rest_route=%2Fwp%2Fv2%2Fcomments&post=63066"}],"version-history":[{"count":2,"href":"https:\/\/radiorevelacionfm.cl\/index.php?rest_route=\/wp\/v2\/posts\/63066\/revisions"}],"predecessor-version":[{"id":63069,"href":"https:\/\/radiorevelacionfm.cl\/index.php?rest_route=\/wp\/v2\/posts\/63066\/revisions\/63069"}],"wp:featuredmedia":[{"embeddable":true,"href":"https:\/\/radiorevelacionfm.cl\/index.php?rest_route=\/wp\/v2\/media\/63067"}],"wp:attachment":[{"href":"https:\/\/radiorevelacionfm.cl\/index.php?rest_route=%2Fwp%2Fv2%2Fmedia&parent=63066"}],"wp:term":[{"taxonomy":"category","embeddable":true,"href":"https:\/\/radiorevelacionfm.cl\/index.php?rest_route=%2Fwp%2Fv2%2Fcategories&post=63066"},{"taxonomy":"post_tag","embeddable":true,"href":"https:\/\/radiorevelacionfm.cl\/index.php?rest_route=%2Fwp%2Fv2%2Ftags&post=63066"}],"curies":[{"name":"wp","href":"https:\/\/api.w.org\/{rel}","templated":true}]}}