{"id":63059,"date":"2026-01-07T19:56:12","date_gmt":"2026-01-07T22:56:12","guid":{"rendered":"https:\/\/radiorevelacionfm.cl\/?p=63059"},"modified":"2026-01-07T19:56:12","modified_gmt":"2026-01-07T22:56:12","slug":"vialidad-repone-pavimento-en-camino-de-acceso-a-ensenada-valle-simpson","status":"publish","type":"post","link":"https:\/\/radiorevelacionfm.cl\/?p=63059","title":{"rendered":"Vialidad repone pavimento en camino de acceso a Ensenada Valle Simpson"},"content":{"rendered":"<div class=\"flex_column av_one_full  flex_column_div av-zero-column-padding first  avia-builder-el-0  el_before_av_one_full  avia-builder-el-first  \" style='border-radius:0px; '><div  class='avia-image-container  av-styling-    avia-builder-el-1  avia-builder-el-no-sibling  avia-align-center '  itemprop=\"image\" itemscope=\"itemscope\" itemtype=\"https:\/\/schema.org\/ImageObject\"  ><div class='avia-image-container-inner'><div class='avia-image-overlay-wrap'><img decoding=\"async\" class='wp-image-63060 avia-img-lazy-loading-not-63060 avia_image' src=\"https:\/\/radiorevelacionfm.cl\/wp-content\/uploads\/2026\/01\/img_0750-1_optimized-1.jpg\" alt='' title='img_0750-(1)_optimized (1)' height=\"600\" width=\"1069\"  itemprop=\"thumbnailUrl\" srcset=\"https:\/\/radiorevelacionfm.cl\/wp-content\/uploads\/2026\/01\/img_0750-1_optimized-1.jpg 1069w, https:\/\/radiorevelacionfm.cl\/wp-content\/uploads\/2026\/01\/img_0750-1_optimized-1-300x168.jpg 300w, https:\/\/radiorevelacionfm.cl\/wp-content\/uploads\/2026\/01\/img_0750-1_optimized-1-1030x578.jpg 1030w, https:\/\/radiorevelacionfm.cl\/wp-content\/uploads\/2026\/01\/img_0750-1_optimized-1-768x431.jpg 768w, https:\/\/radiorevelacionfm.cl\/wp-content\/uploads\/2026\/01\/img_0750-1_optimized-1-705x396.jpg 705w, https:\/\/radiorevelacionfm.cl\/wp-content\/uploads\/2026\/01\/img_0750-1_optimized-1-450x253.jpg 450w, https:\/\/radiorevelacionfm.cl\/wp-content\/uploads\/2026\/01\/img_0750-1_optimized-1-600x337.jpg 600w\" sizes=\"(max-width: 1069px) 100vw, 1069px\" \/><\/div><\/div><\/div><\/div><div class=\"flex_column av_one_full  flex_column_div av-zero-column-padding first  avia-builder-el-2  el_after_av_one_full  el_before_av_one_full  column-top-margin\" style='border-radius:0px; '><section class=\"av_textblock_section \"  itemscope=\"itemscope\" itemtype=\"https:\/\/schema.org\/BlogPosting\" itemprop=\"blogPost\" ><div class='avia_textblock  '   itemprop=\"text\" ><p style=\"text-align: center;\"><strong><span style=\"font-size: 18pt;\">Vialidad repone pavimento en camino de acceso a Ensenada Valle Simpson<\/span><\/strong><\/p>\n<div id=\"gtx-trans\" style=\"position: absolute; left: -50px; top: 4.31534px;\">\n<div class=\"gtx-trans-icon\"><\/div>\n<\/div>\n<\/div><\/section><\/div><div class=\"flex_column av_one_full  flex_column_div av-zero-column-padding first  avia-builder-el-4  el_after_av_one_full  el_before_av_hr  column-top-margin\" style='border-radius:0px; '><section class=\"av_textblock_section \"  itemscope=\"itemscope\" itemtype=\"https:\/\/schema.org\/BlogPosting\" itemprop=\"blogPost\" ><div class='avia_textblock  '   itemprop=\"text\" ><p style=\"text-align: justify;\">La Direcci\u00f3n de Vialidad inform\u00f3 que personal de Administraci\u00f3n Directa esta semana repuso el pavimento del camino de acceso a Ensenada Valle Simpson, las losas que cubr\u00edan 30 metros cuadrados aproximadamente, debido a las altas temperaturas acontecidas recientemente se dilataron y se levantaron.<\/p>\n<p style=\"text-align: justify;\">\u201cCon Ministerio de Obras P\u00fablicas hemos dado una r\u00e1pida respuesta a la contingencia que se dio durante este fin de semana a prop\u00f3sito de la ola de calor. Decirle a los vecinos y vecinas de Valle Simpson que para nosotros fue primordial volver a recuperar la calidad de nuestros pavimentos, y eso ha sido una obra que se ha realizado gracias al gran trabajo de nuestra Oficina Provincial de Vialidad Coyhaique\u201d, destac\u00f3 la Seremi del MOP Paloma Jara Vald\u00e9s.<\/p>\n<p style=\"text-align: justify;\">Por su parte, el director regional de Vialidad del MOP, Renzo Sanders Cort\u00e9s, al respecto indic\u00f3 que \u201ccomo primera medida el fin de semana se dej\u00f3 se\u00f1alizado el sector y el 06 de enero con maquinaria pudimos sacar las losas que estaban en mal estado, se mejoraron ambos costados del camino y se gener\u00f3 un bypass para dar continuidad permanente al tr\u00e1nsito vehicular con seguridad tanto para los y las vecinas que transitan por este sector diariamente, as\u00ed como tambi\u00e9n para nuestro personal de la Oficina Provincial de Vialidad Coyhaique quienes v\u00eda Administraci\u00f3n Directa y con maquinaria deb\u00edan circular por este lugar mientras ejecutaban los trabajos de levantamiento de las losas y preparar la subrasante del camino. De esta forma, hoy 07 de enero restablecimos el pavimento completo de las losas y ahora vamos a esperar a que frag\u00fce para poder habilitar la conectividad 100% por este sector dentro de la pr\u00f3xima semana\u201d.<\/p>\n<\/div><\/section><\/div><div  style='height:50px' class='hr hr-invisible   avia-builder-el-6  el_after_av_one_full  el_before_av_social_share '><span class='hr-inner ' ><span class='hr-inner-style'><\/span><\/span><\/div><\/p>\n<div  class='av-social-sharing-box  avia-builder-el-7  el_after_av_hr  el_before_av_hr  '><div class='av-share-box'><h5 class='av-share-link-description av-no-toc '>Compartir esta noticia<\/h5><ul class='av-share-box-list noLightbox'><li class='av-share-link av-social-link-facebook' ><a target=\"_blank\" aria-label=\"Compartir en Facebook\" href='https:\/\/www.facebook.com\/sharer.php?u=https:\/\/radiorevelacionfm.cl\/?p=63059&#038;t=Vialidad%20repone%20pavimento%20en%20camino%20de%20acceso%20a%20Ensenada%20Valle%20Simpson' aria-hidden='false' data-av_icon='\ue8f3' data-av_iconfont='entypo-fontello' title='' data-avia-related-tooltip='Compartir en Facebook' rel=\"noopener\"><span class='avia_hidden_link_text'>Compartir en Facebook<\/span><\/a><\/li><li class='av-share-link av-social-link-twitter' ><a target=\"_blank\" aria-label=\"Compartir en Twitter\" href='https:\/\/twitter.com\/share?text=Vialidad%20repone%20pavimento%20en%20camino%20de%20acceso%20a%20Ensenada%20Valle%20Simpson&#038;url=https:\/\/radiorevelacionfm.cl\/?p=63059' aria-hidden='false' data-av_icon='\ue8f1' data-av_iconfont='entypo-fontello' title='' data-avia-related-tooltip='Compartir en Twitter' rel=\"noopener\"><span class='avia_hidden_link_text'>Compartir en Twitter<\/span><\/a><\/li><li class='av-share-link av-social-link-whatsapp' ><a target=\"_blank\" aria-label=\"Compartir en Whatsapp\" href='https:\/\/api.whatsapp.com\/send?text=https:\/\/radiorevelacionfm.cl\/?p=63059' aria-hidden='false' data-av_icon='\uf232' data-av_iconfont='entypo-fontello' title='' data-avia-related-tooltip='Compartir en Whatsapp' rel=\"noopener\"><span class='avia_hidden_link_text'>Compartir en Whatsapp<\/span><\/a><\/li><li class='av-share-link av-social-link-linkedin' ><a target=\"_blank\" aria-label=\"Compartir en LinkedIn\" href='https:\/\/linkedin.com\/shareArticle?mini=true&#038;title=Vialidad%20repone%20pavimento%20en%20camino%20de%20acceso%20a%20Ensenada%20Valle%20Simpson&#038;url=https:\/\/radiorevelacionfm.cl\/?p=63059' aria-hidden='false' data-av_icon='\ue8fc' data-av_iconfont='entypo-fontello' title='' data-avia-related-tooltip='Compartir en LinkedIn' rel=\"noopener\"><span class='avia_hidden_link_text'>Compartir en LinkedIn<\/span><\/a><\/li><li class='av-share-link av-social-link-mail' ><a  aria-label=\"Compartir por correo\" href='mailto:?subject=Vialidad%20repone%20pavimento%20en%20camino%20de%20acceso%20a%20Ensenada%20Valle%20Simpson&#038;body=https:\/\/radiorevelacionfm.cl\/?p=63059' aria-hidden='false' data-av_icon='\ue805' data-av_iconfont='entypo-fontello' title='' data-avia-related-tooltip='Compartir por correo'><span class='avia_hidden_link_text'>Compartir por correo<\/span><\/a><\/li><\/ul><\/div><\/div>\n<div  style='height:50px' class='hr hr-invisible   avia-builder-el-8  el_after_av_social_share  el_before_av_comments_list '><span class='hr-inner ' ><span class='hr-inner-style'><\/span><\/span><\/div>\n<div  class='av-buildercomment  av-blog-meta-html-info-disabled av-blog-meta-tag-disabled  '><\/div>\n","protected":false},"excerpt":{"rendered":"","protected":false},"author":1,"featured_media":63060,"comment_status":"closed","ping_status":"closed","sticky":false,"template":"","format":"standard","meta":{"footnotes":""},"categories":[38],"tags":[],"class_list":["post-63059","post","type-post","status-publish","format-standard","has-post-thumbnail","hentry","category-regional"],"jetpack_featured_media_url":"https:\/\/radiorevelacionfm.cl\/wp-content\/uploads\/2026\/01\/img_0750-1_optimized-1.jpg","_links":{"self":[{"href":"https:\/\/radiorevelacionfm.cl\/index.php?rest_route=\/wp\/v2\/posts\/63059","targetHints":{"allow":["GET"]}}],"collection":[{"href":"https:\/\/radiorevelacionfm.cl\/index.php?rest_route=\/wp\/v2\/posts"}],"about":[{"href":"https:\/\/radiorevelacionfm.cl\/index.php?rest_route=\/wp\/v2\/types\/post"}],"author":[{"embeddable":true,"href":"https:\/\/radiorevelacionfm.cl\/index.php?rest_route=\/wp\/v2\/users\/1"}],"replies":[{"embeddable":true,"href":"https:\/\/radiorevelacionfm.cl\/index.php?rest_route=%2Fwp%2Fv2%2Fcomments&post=63059"}],"version-history":[{"count":2,"href":"https:\/\/radiorevelacionfm.cl\/index.php?rest_route=\/wp\/v2\/posts\/63059\/revisions"}],"predecessor-version":[{"id":63062,"href":"https:\/\/radiorevelacionfm.cl\/index.php?rest_route=\/wp\/v2\/posts\/63059\/revisions\/63062"}],"wp:featuredmedia":[{"embeddable":true,"href":"https:\/\/radiorevelacionfm.cl\/index.php?rest_route=\/wp\/v2\/media\/63060"}],"wp:attachment":[{"href":"https:\/\/radiorevelacionfm.cl\/index.php?rest_route=%2Fwp%2Fv2%2Fmedia&parent=63059"}],"wp:term":[{"taxonomy":"category","embeddable":true,"href":"https:\/\/radiorevelacionfm.cl\/index.php?rest_route=%2Fwp%2Fv2%2Fcategories&post=63059"},{"taxonomy":"post_tag","embeddable":true,"href":"https:\/\/radiorevelacionfm.cl\/index.php?rest_route=%2Fwp%2Fv2%2Ftags&post=63059"}],"curies":[{"name":"wp","href":"https:\/\/api.w.org\/{rel}","templated":true}]}}