{"id":63057,"date":"2026-01-07T21:11:56","date_gmt":"2026-01-08T00:11:56","guid":{"rendered":"https:\/\/radiorevelacionfm.cl\/?p=63057"},"modified":"2026-01-07T21:11:56","modified_gmt":"2026-01-08T00:11:56","slug":"marcia-raphael-aprobo-proyecto-que-modifica-los-slep-y-reconoce-asignacion-de-zona-a-asistentes-de-la-educacion","status":"publish","type":"post","link":"https:\/\/radiorevelacionfm.cl\/?p=63057","title":{"rendered":"Marcia Raphael aprob\u00f3 proyecto que modifica los SLEP y reconoce asignaci\u00f3n de zona a asistentes de la educaci\u00f3n"},"content":{"rendered":"<div class=\"flex_column av_one_full  flex_column_div av-zero-column-padding first  avia-builder-el-0  el_before_av_one_full  avia-builder-el-first  \" style='border-radius:0px; '><div  class='avia-image-container  av-styling-    avia-builder-el-1  avia-builder-el-no-sibling  avia-align-center '  itemprop=\"image\" itemscope=\"itemscope\" itemtype=\"https:\/\/schema.org\/ImageObject\"  ><div class='avia-image-container-inner'><div class='avia-image-overlay-wrap'><img decoding=\"async\" class='wp-image-53054 avia-img-lazy-loading-not-53054 avia_image' src=\"https:\/\/radiorevelacionfm.cl\/wp-content\/uploads\/2025\/04\/Foto-diputada-M-Raphael-1-1.jpeg\" alt='' title='Foto diputada M Raphael (1) (1)' height=\"600\" width=\"901\"  itemprop=\"thumbnailUrl\" srcset=\"https:\/\/radiorevelacionfm.cl\/wp-content\/uploads\/2025\/04\/Foto-diputada-M-Raphael-1-1.jpeg 901w, https:\/\/radiorevelacionfm.cl\/wp-content\/uploads\/2025\/04\/Foto-diputada-M-Raphael-1-1-300x200.jpeg 300w, https:\/\/radiorevelacionfm.cl\/wp-content\/uploads\/2025\/04\/Foto-diputada-M-Raphael-1-1-768x511.jpeg 768w, https:\/\/radiorevelacionfm.cl\/wp-content\/uploads\/2025\/04\/Foto-diputada-M-Raphael-1-1-705x469.jpeg 705w, https:\/\/radiorevelacionfm.cl\/wp-content\/uploads\/2025\/04\/Foto-diputada-M-Raphael-1-1-450x300.jpeg 450w, https:\/\/radiorevelacionfm.cl\/wp-content\/uploads\/2025\/04\/Foto-diputada-M-Raphael-1-1-600x400.jpeg 600w\" sizes=\"(max-width: 901px) 100vw, 901px\" \/><\/div><\/div><\/div><\/div><div class=\"flex_column av_one_full  flex_column_div av-zero-column-padding first  avia-builder-el-2  el_after_av_one_full  el_before_av_one_full  column-top-margin\" style='border-radius:0px; '><section class=\"av_textblock_section \"  itemscope=\"itemscope\" itemtype=\"https:\/\/schema.org\/BlogPosting\" itemprop=\"blogPost\" ><div class='avia_textblock  '   itemprop=\"text\" ><p style=\"text-align: center;\"><strong><span style=\"font-size: 18pt;\">Marcia Raphael aprob\u00f3 proyecto que modifica los SLEP y reconoce asignaci\u00f3n de zona a asistentes de la educaci\u00f3n<\/span><\/strong><\/p>\n<div id=\"gtx-trans\" style=\"position: absolute; left: -50px; top: 4.31534px;\">\n<div class=\"gtx-trans-icon\"><\/div>\n<\/div>\n<\/div><\/section><\/div><div class=\"flex_column av_one_full  flex_column_div av-zero-column-padding first  avia-builder-el-4  el_after_av_one_full  el_before_av_hr  column-top-margin\" style='border-radius:0px; '><section class=\"av_textblock_section \"  itemscope=\"itemscope\" itemtype=\"https:\/\/schema.org\/BlogPosting\" itemprop=\"blogPost\" ><div class='avia_textblock  '   itemprop=\"text\" ><p style=\"font-weight: 400; text-align: justify;\"><em>Durante su intervenci\u00f3n en sala, la representante de Ays\u00e9n resalt\u00f3 que este logro se dio gracias al trabajo conjunto y constante con las Asociaciones de Asistentes de Educaci\u00f3n de nuestra regi\u00f3n.<\/em><\/p>\n<p style=\"font-weight: 400; text-align: justify;\">En el marco de la discusi\u00f3n legislativa sobre la modificaci\u00f3n a la normativa que regula los Servicios Locales de Educaci\u00f3n P\u00fablica (SLEP), la diputada por la Regi\u00f3n de Ays\u00e9n,\u00a0<strong>Marcia Raphael<\/strong>, vot\u00f3 favorablemente el proyecto que introduce ajustes al sistema, enfatizando en que se deben dotar de mayores herramientas a este servicio para planificar, administrar y responder a las necesidades de los establecimientos.<\/p>\n<p style=\"font-weight: 400; text-align: justify;\">Durante su intervenci\u00f3n, la parlamentaria destac\u00f3 que la iniciativa aborda uno de los desaf\u00edos m\u00e1s relevantes para el sistema\u00a0educacional. \u201c<strong>Hoy discutimos un \u00a0uno de los desaf\u00edos m\u00e1s relevantes del Estado: consolidar un Sistema de Educaci\u00f3n P\u00fablica que funcione bien, con foco en los estudiantes, las comunidades educativas y los territorios<\/strong>\u201d, se\u00f1al\u00f3, subrayando que, si bien no se entregan todas las soluciones, existen avances significativos para regiones como Ays\u00e9n.<\/p>\n<p style=\"font-weight: 400; text-align: justify;\">La diputada record\u00f3 que la Ley N\u00b0 21.040 implic\u00f3 un cambio estructural en la educaci\u00f3n p\u00fablica, pero que su implementaci\u00f3n ha evidenciado tambi\u00e9n problemas. \u201c<strong>Su implementaci\u00f3n ha evidenciado dificultades de gesti\u00f3n, vac\u00edos normativos y rigideces administrativas que, de no corregirse, terminan afectando la continuidad del servicio educativo y la confianza de las comunidades<\/strong>\u201d, afirm\u00f3.<\/p>\n<p style=\"font-weight: 400; text-align: justify;\">En esa l\u00ednea, Raphael Mora recalc\u00f3 la necesidad de fortalecer las capacidades de los SLEP. \u201c<strong>Es fundamental que logremos entregarles mayores herramientas para planificar, administrar recursos y responder oportunamente a las necesidades de los establecimientos. No se trata solo de m\u00e1s normas, sino de mejor capacidad de gesti\u00f3n, mayor claridad de roles y mejores mecanismos de acompa\u00f1amiento y control<\/strong>\u201d, sostuvo.<\/p>\n<p style=\"font-weight: 400; text-align: justify;\">Uno de los puntos que la parlamentaria valor\u00f3 especialmente fue el reconocimiento a las particularidades territoriales y, en particular, a las zonas extremas. \u201c<strong>Este proyecto introduce mejoras relevantes en los procesos de instalaci\u00f3n del sistema, reconociendo que los territorios no son iguales y que el Estado debe actuar con flexibilidad, responsabilidad y realismo<\/strong>\u201d, indic\u00f3, destacando adem\u00e1s el reconocimiento de derechos largamente demandados por los asistentes de la educaci\u00f3n. \u201cTras varios a\u00f1os de alzar esta demanda,\u00a0<strong>hemos logrado que se les reconozca este derecho<\/strong>, y desde aqu\u00ed hago un reconocimiento a sus dirigentes y asociaciones con quienes hemos trabajado en conjunto\u201d, agreg\u00f3.<\/p>\n<p style=\"font-weight: 400; text-align: justify;\">Finalmente, la diputada enfatiz\u00f3 que las modificaciones deben resguardar tanto el derecho a la educaci\u00f3n de ni\u00f1os, ni\u00f1as y j\u00f3venes como las garant\u00edas laborales de los funcionarios. \u201c<strong>Es fundamental evitar interrupciones administrativas, velar por el cumplimiento de los pagos de deudas previsionales y fortalecer la continuidad de los proyectos educativos, as\u00ed como el uso eficiente de los recursos p\u00fablicos<\/strong>\u201d, puntualiz\u00f3.<\/p>\n<p style=\"font-weight: 400; text-align: justify;\">\u201c<strong>Votar a favor de este proyecto es hacerse cargo de la realidad de nuestra zona y del reconocimiento a los asistentes de la educaci\u00f3n, quienes son pilar fundamental del sistema educativo<\/strong>\u201d, concluy\u00f3 la diputada Marcia Raphael Mora.<\/p>\n<\/div><\/section><\/div><div  style='height:50px' class='hr hr-invisible   avia-builder-el-6  el_after_av_one_full  el_before_av_social_share '><span class='hr-inner ' ><span class='hr-inner-style'><\/span><\/span><\/div><\/p>\n<div  class='av-social-sharing-box  avia-builder-el-7  el_after_av_hr  el_before_av_hr  '><div class='av-share-box'><h5 class='av-share-link-description av-no-toc '>Compartir esta noticia<\/h5><ul class='av-share-box-list noLightbox'><li class='av-share-link av-social-link-facebook' ><a target=\"_blank\" aria-label=\"Compartir en Facebook\" href='https:\/\/www.facebook.com\/sharer.php?u=https:\/\/radiorevelacionfm.cl\/?p=63057&#038;t=Marcia%20Raphael%20aprob%C3%B3%20proyecto%20que%20modifica%20los%20SLEP%20y%20reconoce%20asignaci%C3%B3n%20de%20zona%20a%20asistentes%20de%20la%20educaci%C3%B3n' aria-hidden='false' data-av_icon='\ue8f3' data-av_iconfont='entypo-fontello' title='' data-avia-related-tooltip='Compartir en Facebook' rel=\"noopener\"><span class='avia_hidden_link_text'>Compartir en Facebook<\/span><\/a><\/li><li class='av-share-link av-social-link-twitter' ><a target=\"_blank\" aria-label=\"Compartir en Twitter\" href='https:\/\/twitter.com\/share?text=Marcia%20Raphael%20aprob%C3%B3%20proyecto%20que%20modifica%20los%20SLEP%20y%20reconoce%20asignaci%C3%B3n%20de%20zona%20a%20asistentes%20de%20la%20educaci%C3%B3n&#038;url=https:\/\/radiorevelacionfm.cl\/?p=63057' aria-hidden='false' data-av_icon='\ue8f1' data-av_iconfont='entypo-fontello' title='' data-avia-related-tooltip='Compartir en Twitter' rel=\"noopener\"><span class='avia_hidden_link_text'>Compartir en Twitter<\/span><\/a><\/li><li class='av-share-link av-social-link-whatsapp' ><a target=\"_blank\" aria-label=\"Compartir en Whatsapp\" href='https:\/\/api.whatsapp.com\/send?text=https:\/\/radiorevelacionfm.cl\/?p=63057' aria-hidden='false' data-av_icon='\uf232' data-av_iconfont='entypo-fontello' title='' data-avia-related-tooltip='Compartir en Whatsapp' rel=\"noopener\"><span class='avia_hidden_link_text'>Compartir en Whatsapp<\/span><\/a><\/li><li class='av-share-link av-social-link-linkedin' ><a target=\"_blank\" aria-label=\"Compartir en LinkedIn\" href='https:\/\/linkedin.com\/shareArticle?mini=true&#038;title=Marcia%20Raphael%20aprob%C3%B3%20proyecto%20que%20modifica%20los%20SLEP%20y%20reconoce%20asignaci%C3%B3n%20de%20zona%20a%20asistentes%20de%20la%20educaci%C3%B3n&#038;url=https:\/\/radiorevelacionfm.cl\/?p=63057' aria-hidden='false' data-av_icon='\ue8fc' data-av_iconfont='entypo-fontello' title='' data-avia-related-tooltip='Compartir en LinkedIn' rel=\"noopener\"><span class='avia_hidden_link_text'>Compartir en LinkedIn<\/span><\/a><\/li><li class='av-share-link av-social-link-mail' ><a  aria-label=\"Compartir por correo\" href='mailto:?subject=Marcia%20Raphael%20aprob%C3%B3%20proyecto%20que%20modifica%20los%20SLEP%20y%20reconoce%20asignaci%C3%B3n%20de%20zona%20a%20asistentes%20de%20la%20educaci%C3%B3n&#038;body=https:\/\/radiorevelacionfm.cl\/?p=63057' aria-hidden='false' data-av_icon='\ue805' data-av_iconfont='entypo-fontello' title='' data-avia-related-tooltip='Compartir por correo'><span class='avia_hidden_link_text'>Compartir por correo<\/span><\/a><\/li><\/ul><\/div><\/div>\n<div  style='height:50px' class='hr hr-invisible   avia-builder-el-8  el_after_av_social_share  el_before_av_comments_list '><span class='hr-inner ' ><span class='hr-inner-style'><\/span><\/span><\/div>\n<div  class='av-buildercomment  av-blog-meta-html-info-disabled av-blog-meta-tag-disabled  '><\/div>\n","protected":false},"excerpt":{"rendered":"","protected":false},"author":1,"featured_media":53054,"comment_status":"closed","ping_status":"closed","sticky":false,"template":"","format":"standard","meta":{"footnotes":""},"categories":[35],"tags":[],"class_list":["post-63057","post","type-post","status-publish","format-standard","has-post-thumbnail","hentry","category-politica"],"jetpack_featured_media_url":"https:\/\/radiorevelacionfm.cl\/wp-content\/uploads\/2025\/04\/Foto-diputada-M-Raphael-1-1.jpeg","_links":{"self":[{"href":"https:\/\/radiorevelacionfm.cl\/index.php?rest_route=\/wp\/v2\/posts\/63057","targetHints":{"allow":["GET"]}}],"collection":[{"href":"https:\/\/radiorevelacionfm.cl\/index.php?rest_route=\/wp\/v2\/posts"}],"about":[{"href":"https:\/\/radiorevelacionfm.cl\/index.php?rest_route=\/wp\/v2\/types\/post"}],"author":[{"embeddable":true,"href":"https:\/\/radiorevelacionfm.cl\/index.php?rest_route=\/wp\/v2\/users\/1"}],"replies":[{"embeddable":true,"href":"https:\/\/radiorevelacionfm.cl\/index.php?rest_route=%2Fwp%2Fv2%2Fcomments&post=63057"}],"version-history":[{"count":2,"href":"https:\/\/radiorevelacionfm.cl\/index.php?rest_route=\/wp\/v2\/posts\/63057\/revisions"}],"predecessor-version":[{"id":63063,"href":"https:\/\/radiorevelacionfm.cl\/index.php?rest_route=\/wp\/v2\/posts\/63057\/revisions\/63063"}],"wp:featuredmedia":[{"embeddable":true,"href":"https:\/\/radiorevelacionfm.cl\/index.php?rest_route=\/wp\/v2\/media\/53054"}],"wp:attachment":[{"href":"https:\/\/radiorevelacionfm.cl\/index.php?rest_route=%2Fwp%2Fv2%2Fmedia&parent=63057"}],"wp:term":[{"taxonomy":"category","embeddable":true,"href":"https:\/\/radiorevelacionfm.cl\/index.php?rest_route=%2Fwp%2Fv2%2Fcategories&post=63057"},{"taxonomy":"post_tag","embeddable":true,"href":"https:\/\/radiorevelacionfm.cl\/index.php?rest_route=%2Fwp%2Fv2%2Ftags&post=63057"}],"curies":[{"name":"wp","href":"https:\/\/api.w.org\/{rel}","templated":true}]}}