{"id":63051,"date":"2026-01-08T10:24:06","date_gmt":"2026-01-08T13:24:06","guid":{"rendered":"https:\/\/radiorevelacionfm.cl\/?p=63051"},"modified":"2026-01-08T10:24:06","modified_gmt":"2026-01-08T13:24:06","slug":"mop-y-fao-invitan-a-participar-en-talleres-para-construir-los-primeros-indicadores-de-seguridad-hidrica-a-nivel-de-cuenca","status":"publish","type":"post","link":"https:\/\/radiorevelacionfm.cl\/?p=63051","title":{"rendered":"MOP y FAO invitan a participar en talleres para construir los primeros indicadores de seguridad h\u00eddrica a nivel de cuenca"},"content":{"rendered":"<div class=\"flex_column av_one_full  flex_column_div av-zero-column-padding first  avia-builder-el-0  el_before_av_one_full  avia-builder-el-first  \" style='border-radius:0px; '><div  class='avia-image-container  av-styling-    avia-builder-el-1  avia-builder-el-no-sibling  avia-align-center '  itemprop=\"image\" itemscope=\"itemscope\" itemtype=\"https:\/\/schema.org\/ImageObject\"  ><div class='avia-image-container-inner'><div class='avia-image-overlay-wrap'><img decoding=\"async\" class='wp-image-63052 avia-img-lazy-loading-not-63052 avia_image' src=\"https:\/\/radiorevelacionfm.cl\/wp-content\/uploads\/2026\/01\/rio-futaleufu-1_optimized-1.jpeg\" alt='' title='r\u00edo-futaleuf\u00fa-(1)_optimized (1)' height=\"600\" width=\"899\"  itemprop=\"thumbnailUrl\" srcset=\"https:\/\/radiorevelacionfm.cl\/wp-content\/uploads\/2026\/01\/rio-futaleufu-1_optimized-1.jpeg 899w, https:\/\/radiorevelacionfm.cl\/wp-content\/uploads\/2026\/01\/rio-futaleufu-1_optimized-1-300x200.jpeg 300w, https:\/\/radiorevelacionfm.cl\/wp-content\/uploads\/2026\/01\/rio-futaleufu-1_optimized-1-768x513.jpeg 768w, https:\/\/radiorevelacionfm.cl\/wp-content\/uploads\/2026\/01\/rio-futaleufu-1_optimized-1-705x471.jpeg 705w, https:\/\/radiorevelacionfm.cl\/wp-content\/uploads\/2026\/01\/rio-futaleufu-1_optimized-1-450x300.jpeg 450w, https:\/\/radiorevelacionfm.cl\/wp-content\/uploads\/2026\/01\/rio-futaleufu-1_optimized-1-600x400.jpeg 600w\" sizes=\"(max-width: 899px) 100vw, 899px\" \/><\/div><\/div><\/div><\/div><div class=\"flex_column av_one_full  flex_column_div av-zero-column-padding first  avia-builder-el-2  el_after_av_one_full  el_before_av_one_full  column-top-margin\" style='border-radius:0px; '><section class=\"av_textblock_section \"  itemscope=\"itemscope\" itemtype=\"https:\/\/schema.org\/BlogPosting\" itemprop=\"blogPost\" ><div class='avia_textblock  '   itemprop=\"text\" ><p style=\"text-align: center;\"><strong><span style=\"font-size: 18pt;\">MOP y FAO invitan a participar en talleres para construir los primeros indicadores de seguridad h\u00eddrica a nivel de cuenca<\/span><\/strong><\/p>\n<div id=\"gtx-trans\" style=\"position: absolute; left: -50px; top: 4.31534px;\">\n<div class=\"gtx-trans-icon\"><\/div>\n<\/div>\n<\/div><\/section><\/div><div class=\"flex_column av_one_full  flex_column_div av-zero-column-padding first  avia-builder-el-4  el_after_av_one_full  el_before_av_hr  column-top-margin\" style='border-radius:0px; '><section class=\"av_textblock_section \"  itemscope=\"itemscope\" itemtype=\"https:\/\/schema.org\/BlogPosting\" itemprop=\"blogPost\" ><div class='avia_textblock  '   itemprop=\"text\" ><ul>\n<li style=\"text-align: justify;\"><em>Los talleres se realizar\u00e1n entre el 08 y el 23 de enero y est\u00e1n dirigidos a actores del \u00e1mbito p\u00fablico y privado, la academia, mujeres vinculadas a la gesti\u00f3n del agua y sociedad civil.<\/em><\/li>\n<\/ul>\n<p style=\"text-align: justify;\">La Direcci\u00f3n General de Aguas (DGA) del Ministerio de Obras P\u00fablicas (MOP) junto con la Organizaci\u00f3n de las Naciones Unidas para la Alimentaci\u00f3n y la Agricultura (FAO), invitan a participar en el ciclo de talleres virtuales \u201cConstruyendo Indicadores para la Seguridad H\u00eddrica\u201d, enmarcado en el Plan de Adaptaci\u00f3n al Cambio Clim\u00e1tico para el sector de los Recursos H\u00eddricos (PACC-RH), el que cuenta con financiamiento del Fondo Verde para el Clima (FVC).<\/p>\n<p style=\"text-align: justify;\">Al respecto, la Secretaria Regional Ministerial de Obras P\u00fablicas, Paloma Jara Vald\u00e9s destac\u00f3 la relevancia de vincular a las comunidades en la gesti\u00f3n de los recursos h\u00eddricos. \u201cComo gobierno del Presidente Boric, para nosotros ha sido muy importante vincular a las comunidades en la gesti\u00f3n de los recursos h\u00eddricos, por eso invitar a las personas a\u00a0 participar en esta instancia, quiz\u00e1s en nuestra regi\u00f3n no se ven tanto las Cuencas que son subterr\u00e1neas, pero son de vital importancia para todas nuestras nuevas generaciones, as\u00ed que sean parte, participen y se involucren en las decisiones h\u00eddricas de nuestra regi\u00f3n\u201d.<\/p>\n<p style=\"text-align: justify;\">Por su parte, el director de Aguas del MOP en la Regi\u00f3n de Ays\u00e9n, H\u00e9ctor Cort\u00e9s Gaete indic\u00f3 que es de inter\u00e9s para este Servicio que se participe colectivamente en esta instancia, as\u00ed como tambi\u00e9n fortalecer la preocupaci\u00f3n por hacer una observaci\u00f3n cada vez m\u00e1s directa por parte de la ciudadan\u00eda de nuestros recursos h\u00eddricos, principalmente en este contexto del cambio clim\u00e1tico, junto con valorar los efectos de las medidas y de las acciones que se tomen dentro de una Cuenca respecto a la seguridad h\u00eddrica.<\/p>\n<p style=\"text-align: justify;\">\u201cLa seguridad h\u00eddrica est\u00e1 relacionada con el concepto de la oferta y la demanda y en este contexto, la demanda siempre es algo que nosotros podemos estimar aproximadamente, pero la oferta es bastante m\u00e1s incierta, sobre todo en estos escenarios de cambio clim\u00e1tico. Por lo tanto, relevar la importancia de tener buena informaci\u00f3n, relevar la importancia de que las comunidades aprendan y analicen de una mejor forma el aprovechamiento del recurso h\u00eddrico. Los indicadores son elementos mediante el cual podemos medir el efecto de adoptar determinadas acciones dentro de la Cuenca en particular, y ello, entre m\u00e1s democr\u00e1tica y participativa sea su elaboraci\u00f3n, dar\u00e1 cuenta finalmente de c\u00f3mo podemos ir integrando las diferentes visiones que existen dentro de la Cuenca, considerando que todos son diferentes tipos de usuarios y usuarias, para finalmente, si bien no vamos a poder proyectar con mucho tiempo el concepto de la oferta h\u00eddrica, si podremos establecer c\u00f3mo podemos administrar la demanda. En este contexto, la elaboraci\u00f3n y funcionamiento de las Mesas Estrat\u00e9gicas del Recurso H\u00eddrico y los Planes Estrat\u00e9gicos del Recurso H\u00eddrico que considera el C\u00f3digo de Aguas son instancias que nos pueden permitir ir generando informaci\u00f3n para la construcci\u00f3n de estos indicadores de seguridad\u201d, expres\u00f3 H\u00e9ctor Cort\u00e9s Gaete.<\/p>\n<p style=\"text-align: justify;\">Este ciclo de cinco talleres, que se desarrollar\u00e1 entre el 8 y el 23 de enero, forma parte de un proceso participativo orientado a construir los primeros indicadores de seguridad h\u00eddrica a nivel de cuenca en el pa\u00eds, incorporando conocimientos de actores clave vinculados al agua, tales como instituciones p\u00fablicas, sector privado, sociedad civil, academia y promoviendo la participaci\u00f3n activa de mujeres. La inscripci\u00f3n debe realizarse en <a href=\"https:\/\/bit.ly\/4aqRJQD\"><strong>https:\/\/bit.ly\/4aqRJQD<\/strong><\/a><\/p>\n<p style=\"text-align: justify;\">Con las percepciones, criterios y experiencias que aporten los asistentes a los talleres, junto con la revisi\u00f3n de experiencias nacionales e internacionales y el an\u00e1lisis de disponibilidad de datos en el pa\u00eds, y con el apoyo t\u00e9cnico del Laboratorio de An\u00e1lisis Territorial (LAT) de la Facultad de Ciencias Agron\u00f3micas de la Universidad de Chile, se elaborar\u00e1n los indicadores de seguridad h\u00eddrica que durante el 2026 se aplicar\u00e1 en cuatro Cuencas piloto representativas de las 4 macrozonas de Chile (norte, centro, sur y austral).<\/p>\n<p style=\"text-align: justify;\"><strong><u>CALENDARIZACI\u00d3N DE LOS TALLERES VIRTUALES: <\/u><\/strong><\/p>\n<p style=\"text-align: justify;\"><strong>-Taller \u201cMujeres y Agua: Construyendo Indicadores de Seguridad H\u00eddrica\u201d<\/strong><br \/>\nJueves 8 de enero | 11:00\u201313:00 hrs.<\/p>\n<p style=\"text-align: justify;\"><strong>-Taller \u201cInstituciones p\u00fablicas y Seguridad H\u00eddrica: Construyendo Indicadores para la Gesti\u00f3n de Cuencas\u201d<\/strong><br \/>\nMartes 13 de enero | 11:00\u201313:00 hrs.<\/p>\n<p style=\"text-align: justify;\"><strong>-Taller \u201cProductividad y Agua: Indicadores para la Seguridad H\u00eddrica del Sector Privado\u201d<\/strong><br \/>\nMi\u00e9rcoles 14 de enero | 11:00\u201313:00 hrs.<\/p>\n<p style=\"text-align: justify;\"><strong>-Taller \u201cConocimiento y Evidencia para Indicadores de Seguridad H\u00eddrica a Nivel de Cuenca\u201d<\/strong><br \/>\nJueves 15 de enero | 11:00\u201313:00 hrs.<\/p>\n<p style=\"text-align: justify;\"><strong>-Taller \u201cSociedad Civil: Seguridad H\u00eddrica desde los Territorios\u201d<\/strong><br \/>\nViernes 23 de enero | 10:00\u201312:00 hrs.<\/p>\n<\/div><\/section><\/div><div  style='height:50px' class='hr hr-invisible   avia-builder-el-6  el_after_av_one_full  el_before_av_social_share '><span class='hr-inner ' ><span class='hr-inner-style'><\/span><\/span><\/div><\/p>\n<div  class='av-social-sharing-box  avia-builder-el-7  el_after_av_hr  el_before_av_hr  '><div class='av-share-box'><h5 class='av-share-link-description av-no-toc '>Compartir esta noticia<\/h5><ul class='av-share-box-list noLightbox'><li class='av-share-link av-social-link-facebook' ><a target=\"_blank\" aria-label=\"Compartir en Facebook\" href='https:\/\/www.facebook.com\/sharer.php?u=https:\/\/radiorevelacionfm.cl\/?p=63051&#038;t=MOP%20y%20FAO%20invitan%20a%20participar%20en%20talleres%20para%20construir%20los%20primeros%20indicadores%20de%20seguridad%20h%C3%ADdrica%20a%20nivel%20de%20cuenca' aria-hidden='false' data-av_icon='\ue8f3' data-av_iconfont='entypo-fontello' title='' data-avia-related-tooltip='Compartir en Facebook' rel=\"noopener\"><span class='avia_hidden_link_text'>Compartir en Facebook<\/span><\/a><\/li><li class='av-share-link av-social-link-twitter' ><a target=\"_blank\" aria-label=\"Compartir en Twitter\" href='https:\/\/twitter.com\/share?text=MOP%20y%20FAO%20invitan%20a%20participar%20en%20talleres%20para%20construir%20los%20primeros%20indicadores%20de%20seguridad%20h%C3%ADdrica%20a%20nivel%20de%20cuenca&#038;url=https:\/\/radiorevelacionfm.cl\/?p=63051' aria-hidden='false' data-av_icon='\ue8f1' data-av_iconfont='entypo-fontello' title='' data-avia-related-tooltip='Compartir en Twitter' rel=\"noopener\"><span class='avia_hidden_link_text'>Compartir en Twitter<\/span><\/a><\/li><li class='av-share-link av-social-link-whatsapp' ><a target=\"_blank\" aria-label=\"Compartir en Whatsapp\" href='https:\/\/api.whatsapp.com\/send?text=https:\/\/radiorevelacionfm.cl\/?p=63051' aria-hidden='false' data-av_icon='\uf232' data-av_iconfont='entypo-fontello' title='' data-avia-related-tooltip='Compartir en Whatsapp' rel=\"noopener\"><span class='avia_hidden_link_text'>Compartir en Whatsapp<\/span><\/a><\/li><li class='av-share-link av-social-link-linkedin' ><a target=\"_blank\" aria-label=\"Compartir en LinkedIn\" href='https:\/\/linkedin.com\/shareArticle?mini=true&#038;title=MOP%20y%20FAO%20invitan%20a%20participar%20en%20talleres%20para%20construir%20los%20primeros%20indicadores%20de%20seguridad%20h%C3%ADdrica%20a%20nivel%20de%20cuenca&#038;url=https:\/\/radiorevelacionfm.cl\/?p=63051' aria-hidden='false' data-av_icon='\ue8fc' data-av_iconfont='entypo-fontello' title='' data-avia-related-tooltip='Compartir en LinkedIn' rel=\"noopener\"><span class='avia_hidden_link_text'>Compartir en LinkedIn<\/span><\/a><\/li><li class='av-share-link av-social-link-mail' ><a  aria-label=\"Compartir por correo\" href='mailto:?subject=MOP%20y%20FAO%20invitan%20a%20participar%20en%20talleres%20para%20construir%20los%20primeros%20indicadores%20de%20seguridad%20h%C3%ADdrica%20a%20nivel%20de%20cuenca&#038;body=https:\/\/radiorevelacionfm.cl\/?p=63051' aria-hidden='false' data-av_icon='\ue805' data-av_iconfont='entypo-fontello' title='' data-avia-related-tooltip='Compartir por correo'><span class='avia_hidden_link_text'>Compartir por correo<\/span><\/a><\/li><\/ul><\/div><\/div>\n<div  style='height:50px' class='hr hr-invisible   avia-builder-el-8  el_after_av_social_share  el_before_av_comments_list '><span class='hr-inner ' ><span class='hr-inner-style'><\/span><\/span><\/div>\n<div  class='av-buildercomment  av-blog-meta-html-info-disabled av-blog-meta-tag-disabled  '><\/div>\n","protected":false},"excerpt":{"rendered":"","protected":false},"author":1,"featured_media":63052,"comment_status":"closed","ping_status":"closed","sticky":false,"template":"","format":"standard","meta":{"footnotes":""},"categories":[38],"tags":[],"class_list":["post-63051","post","type-post","status-publish","format-standard","has-post-thumbnail","hentry","category-regional"],"jetpack_featured_media_url":"https:\/\/radiorevelacionfm.cl\/wp-content\/uploads\/2026\/01\/rio-futaleufu-1_optimized-1.jpeg","_links":{"self":[{"href":"https:\/\/radiorevelacionfm.cl\/index.php?rest_route=\/wp\/v2\/posts\/63051","targetHints":{"allow":["GET"]}}],"collection":[{"href":"https:\/\/radiorevelacionfm.cl\/index.php?rest_route=\/wp\/v2\/posts"}],"about":[{"href":"https:\/\/radiorevelacionfm.cl\/index.php?rest_route=\/wp\/v2\/types\/post"}],"author":[{"embeddable":true,"href":"https:\/\/radiorevelacionfm.cl\/index.php?rest_route=\/wp\/v2\/users\/1"}],"replies":[{"embeddable":true,"href":"https:\/\/radiorevelacionfm.cl\/index.php?rest_route=%2Fwp%2Fv2%2Fcomments&post=63051"}],"version-history":[{"count":2,"href":"https:\/\/radiorevelacionfm.cl\/index.php?rest_route=\/wp\/v2\/posts\/63051\/revisions"}],"predecessor-version":[{"id":63064,"href":"https:\/\/radiorevelacionfm.cl\/index.php?rest_route=\/wp\/v2\/posts\/63051\/revisions\/63064"}],"wp:featuredmedia":[{"embeddable":true,"href":"https:\/\/radiorevelacionfm.cl\/index.php?rest_route=\/wp\/v2\/media\/63052"}],"wp:attachment":[{"href":"https:\/\/radiorevelacionfm.cl\/index.php?rest_route=%2Fwp%2Fv2%2Fmedia&parent=63051"}],"wp:term":[{"taxonomy":"category","embeddable":true,"href":"https:\/\/radiorevelacionfm.cl\/index.php?rest_route=%2Fwp%2Fv2%2Fcategories&post=63051"},{"taxonomy":"post_tag","embeddable":true,"href":"https:\/\/radiorevelacionfm.cl\/index.php?rest_route=%2Fwp%2Fv2%2Ftags&post=63051"}],"curies":[{"name":"wp","href":"https:\/\/api.w.org\/{rel}","templated":true}]}}