{"id":6305,"date":"2021-07-15T11:11:52","date_gmt":"2021-07-15T14:11:52","guid":{"rendered":"https:\/\/radiorevelacionfm.cl\/?p=6305"},"modified":"2021-07-15T11:11:52","modified_gmt":"2021-07-15T14:11:52","slug":"alcaldes-del-litoral-regional-se-unen-para-impulsar-sus-territorios-a-traves-de-una-corporacion-de-desarrollo","status":"publish","type":"post","link":"https:\/\/radiorevelacionfm.cl\/?p=6305","title":{"rendered":"Alcaldes del Litoral regional se unen para impulsar sus territorios a trav\u00e9s de una Corporaci\u00f3n de Desarrollo"},"content":{"rendered":"<div class=\"flex_column av_one_full  flex_column_div av-zero-column-padding first  avia-builder-el-0  el_before_av_one_full  avia-builder-el-first  \" style='border-radius:0px; '><div  class='avia-image-container  av-styling-    avia-builder-el-1  avia-builder-el-no-sibling  avia-align-center '  itemprop=\"image\" itemscope=\"itemscope\" itemtype=\"https:\/\/schema.org\/ImageObject\"  ><div class='avia-image-container-inner'><div class='avia-image-overlay-wrap'><img decoding=\"async\" class='wp-image-6306 avia-img-lazy-loading-not-6306 avia_image' src=\"https:\/\/radiorevelacionfm.cl\/wp-content\/uploads\/2021\/07\/IMG-CorpLitoral2-1.jpeg\" alt='' title='IMG-CorpLitoral2 (1)' height=\"601\" width=\"803\"  itemprop=\"thumbnailUrl\" srcset=\"https:\/\/radiorevelacionfm.cl\/wp-content\/uploads\/2021\/07\/IMG-CorpLitoral2-1.jpeg 803w, https:\/\/radiorevelacionfm.cl\/wp-content\/uploads\/2021\/07\/IMG-CorpLitoral2-1-300x225.jpeg 300w, https:\/\/radiorevelacionfm.cl\/wp-content\/uploads\/2021\/07\/IMG-CorpLitoral2-1-768x575.jpeg 768w, https:\/\/radiorevelacionfm.cl\/wp-content\/uploads\/2021\/07\/IMG-CorpLitoral2-1-705x528.jpeg 705w, https:\/\/radiorevelacionfm.cl\/wp-content\/uploads\/2021\/07\/IMG-CorpLitoral2-1-600x449.jpeg 600w\" sizes=\"(max-width: 803px) 100vw, 803px\" \/><\/div><\/div><\/div><\/div><div class=\"flex_column av_one_full  flex_column_div av-zero-column-padding first  avia-builder-el-2  el_after_av_one_full  el_before_av_one_full  column-top-margin\" style='border-radius:0px; '><section class=\"av_textblock_section \"  itemscope=\"itemscope\" itemtype=\"https:\/\/schema.org\/BlogPosting\" itemprop=\"blogPost\" ><div class='avia_textblock  '   itemprop=\"text\" ><p style=\"text-align: center;\"><strong><span style=\"font-size: 18pt;\">Alcaldes del Litoral regional se unen para impulsar sus territorios a trav\u00e9s de una Corporaci\u00f3n de Desarrollo <\/span><\/strong><\/p>\n<div id=\"gtx-trans\" style=\"position: absolute; left: -50px; top: 4.31534px;\">\n<div class=\"gtx-trans-icon\"><\/div>\n<\/div>\n<\/div><\/section><\/div><div class=\"flex_column av_one_full  flex_column_div av-zero-column-padding first  avia-builder-el-4  el_after_av_one_full  el_before_av_hr  column-top-margin\" style='border-radius:0px; '><section class=\"av_textblock_section \"  itemscope=\"itemscope\" itemtype=\"https:\/\/schema.org\/BlogPosting\" itemprop=\"blogPost\" ><div class='avia_textblock  '   itemprop=\"text\" ><p style=\"text-align: justify;\">Con motivo de promover el bienestar, el desarrollo arm\u00f3nico y sustentable en cada una de sus comunas. Los alcaldes de Ays\u00e9n, Cisnes, Guaitecas y Tortel; Julio Uribe, Francisco Roncagliolo, Marcos Silva y Abel Becerra respectivamente, firmaron un manifiesto para entregar a la gobernadora regional, Andrea Mac\u00edas, su compromiso para trabajar en conjunto y crear la Corporaci\u00f3n de Desarrollo Productivo y Social del Litoral de Ays\u00e9n, buscando con ello tambi\u00e9n su apoyo en esta iniciativa que pretende entre otras cosas, cambiar la l\u00f3gica actual que poseen los municipios con los habitantes de estas zonas.<\/p>\n<p style=\"text-align: justify;\">Bajo el lema \u201cLitoral Ays\u00e9n: Un territorio, un destino\u201d el documento expone una serie de puntos orientados a la investigaci\u00f3n a trav\u00e9s de Centros de Estudios y Tecnol\u00f3gicos; la protecci\u00f3n de ecosistemas marinos \u00fanicos y vulnerables; la promoci\u00f3n, asistencia y coordinaci\u00f3n de iniciativas de \u00edndole urban\u00edstica, ambiental y productivas, entre otras materias. Adem\u00e1s, de la actuaci\u00f3n como organismo t\u00e9cnico ante entidades nacionales e internacionales.<\/p>\n<p style=\"text-align: justify;\">Al respecto, el alcalde de Ays\u00e9n y propulsor de esta instancia, Julio Uribe, manifest\u00f3 que \u201cpara nosotros es muy importante como municipios del litoral tener una mirada hacia el mar, una mirada de investigaci\u00f3n, de desarrollo productivo y eso es lo que nos puede cambiar la concepci\u00f3n que se ha tenido en los \u00faltimos a\u00f1os respecto a que los municipios no han tenido participaci\u00f3n en todos los proyectos de estas zonas. Hoy d\u00eda queremos ser parte de esos proyectos, de esas iniciativas y queremos tambi\u00e9n poder potenciar y tener profesionales que nos puedan apoyar, por eso estamos dando el primer paso para agruparnos en una corporaci\u00f3n de desarrollo productivo\u201d.<\/p>\n<p style=\"text-align: justify;\">Relevando adem\u00e1s, el car\u00e1cter pionero de esta articulaci\u00f3n entre las cuatro casas edilicias, considerando que el \u00e1rea en intervenci\u00f3n considera uno de los litorales m\u00e1s grandes del pa\u00eds y del mundo. \u201cPor lo tanto estamos con todas las ganas de iniciar un nuevo proceso y de impulsar. Esperamos tener el apoyo de nuestra gobernadora para que podamos desarrollarnos de mejor forma en todos los quehaceres de la biolog\u00eda marina, de la parte pesca, de la investigaci\u00f3n, de la contaminaci\u00f3n\u201d enfatiz\u00f3 Uribe.<\/p>\n<p style=\"text-align: justify;\">En tanto, Francisco Roncagliolo, alcalde de Cisnes abord\u00f3 que esta nueva Corporaci\u00f3n apunta directamente al fortalecimiento del trabajo colaborativo para sacar adelante las necesidades compartidas en todos los territorios de acci\u00f3n, unir voluntades, esfuerzos y visiones pol\u00edticas de distintos sectores para buscar una relaci\u00f3n armoniosa con las actividades productivas, pero tambi\u00e9n con las organizaciones que representan a las comunidades.<\/p>\n<p style=\"text-align: justify;\">Por su parte, el l\u00edder comunal de Guaitecas Marcos Silva, junto con abordar el proceso de descentralizaci\u00f3n que atraviesa la regi\u00f3n por medio de la nueva institucionalidad abog\u00f3 por esta nueva instancia de uni\u00f3n para el litoral \u201cque permita hoy d\u00eda con la nueva autoridad apostar al desarrollo local y hoy d\u00eda estas cuatro municipalidades o estas cuatro comunas tenemos algo en com\u00fan que es fortalecer en el \u00e1mbito productivo y creo que en eso no es m\u00e1s ni menos que poder mejorar la calidad de vida y trabajar por el desarrollo para nuestras comunas\u201d.<\/p>\n<p style=\"text-align: justify;\">Finalmente, Abel Becerra, alcalde de Tortel, al igual que sus pares ayseninos expuso el car\u00e1cter transformador de esta nueva agrupaci\u00f3n con las zonas extremas costeras y en la cual se espera contar con el apoyo de la gobernadora Mac\u00edas, ya que, en sus palabras \u201clos actores, las administraciones cambian, pero las necesidades siguen siendo las mismas. As\u00ed es que, no me cabe duda que este convenio que acabamos de firmar va a ser un instrumento muy necesario\u201d sentenci\u00f3 el l\u00edder comunal de Tortel.<\/p>\n<\/div><\/section><\/div><div  style='height:50px' class='hr hr-invisible   avia-builder-el-6  el_after_av_one_full  el_before_av_social_share '><span class='hr-inner ' ><span class='hr-inner-style'><\/span><\/span><\/div><\/p>\n<div  class='av-social-sharing-box  avia-builder-el-7  el_after_av_hr  el_before_av_hr  '><div class='av-share-box'><h5 class='av-share-link-description av-no-toc '>Compartir esta noticia<\/h5><ul class='av-share-box-list noLightbox'><li class='av-share-link av-social-link-facebook' ><a target=\"_blank\" aria-label=\"Compartir en Facebook\" href='https:\/\/www.facebook.com\/sharer.php?u=https:\/\/radiorevelacionfm.cl\/?p=6305&#038;t=Alcaldes%20del%20Litoral%20regional%20se%20unen%20para%20impulsar%20sus%20territorios%20a%20trav%C3%A9s%20de%20una%20Corporaci%C3%B3n%20de%20Desarrollo' aria-hidden='false' data-av_icon='\ue8f3' data-av_iconfont='entypo-fontello' title='' data-avia-related-tooltip='Compartir en Facebook' rel=\"noopener\"><span class='avia_hidden_link_text'>Compartir en Facebook<\/span><\/a><\/li><li class='av-share-link av-social-link-twitter' ><a target=\"_blank\" aria-label=\"Compartir en Twitter\" href='https:\/\/twitter.com\/share?text=Alcaldes%20del%20Litoral%20regional%20se%20unen%20para%20impulsar%20sus%20territorios%20a%20trav%C3%A9s%20de%20una%20Corporaci%C3%B3n%20de%20Desarrollo&#038;url=https:\/\/radiorevelacionfm.cl\/?p=6305' aria-hidden='false' data-av_icon='\ue8f1' data-av_iconfont='entypo-fontello' title='' data-avia-related-tooltip='Compartir en Twitter' rel=\"noopener\"><span class='avia_hidden_link_text'>Compartir en Twitter<\/span><\/a><\/li><li class='av-share-link av-social-link-whatsapp' ><a target=\"_blank\" aria-label=\"Compartir en Whatsapp\" href='https:\/\/api.whatsapp.com\/send?text=https:\/\/radiorevelacionfm.cl\/?p=6305' aria-hidden='false' data-av_icon='\uf232' data-av_iconfont='entypo-fontello' title='' data-avia-related-tooltip='Compartir en Whatsapp' rel=\"noopener\"><span class='avia_hidden_link_text'>Compartir en Whatsapp<\/span><\/a><\/li><li class='av-share-link av-social-link-linkedin' ><a target=\"_blank\" aria-label=\"Compartir en LinkedIn\" href='https:\/\/linkedin.com\/shareArticle?mini=true&#038;title=Alcaldes%20del%20Litoral%20regional%20se%20unen%20para%20impulsar%20sus%20territorios%20a%20trav%C3%A9s%20de%20una%20Corporaci%C3%B3n%20de%20Desarrollo&#038;url=https:\/\/radiorevelacionfm.cl\/?p=6305' aria-hidden='false' data-av_icon='\ue8fc' data-av_iconfont='entypo-fontello' title='' data-avia-related-tooltip='Compartir en LinkedIn' rel=\"noopener\"><span class='avia_hidden_link_text'>Compartir en LinkedIn<\/span><\/a><\/li><li class='av-share-link av-social-link-mail' ><a  aria-label=\"Compartir por correo\" href='mailto:?subject=Alcaldes%20del%20Litoral%20regional%20se%20unen%20para%20impulsar%20sus%20territorios%20a%20trav%C3%A9s%20de%20una%20Corporaci%C3%B3n%20de%20Desarrollo&#038;body=https:\/\/radiorevelacionfm.cl\/?p=6305' aria-hidden='false' data-av_icon='\ue805' data-av_iconfont='entypo-fontello' title='' data-avia-related-tooltip='Compartir por correo'><span class='avia_hidden_link_text'>Compartir por correo<\/span><\/a><\/li><\/ul><\/div><\/div>\n<div  style='height:50px' class='hr hr-invisible   avia-builder-el-8  el_after_av_social_share  el_before_av_comments_list '><span class='hr-inner ' ><span class='hr-inner-style'><\/span><\/span><\/div>\n<div  class='av-buildercomment  av-blog-meta-html-info-disabled av-blog-meta-tag-disabled  '><\/div>\n","protected":false},"excerpt":{"rendered":"","protected":false},"author":1,"featured_media":6306,"comment_status":"open","ping_status":"open","sticky":false,"template":"","format":"standard","meta":{"footnotes":""},"categories":[38],"tags":[],"class_list":["post-6305","post","type-post","status-publish","format-standard","has-post-thumbnail","hentry","category-regional"],"jetpack_featured_media_url":"https:\/\/radiorevelacionfm.cl\/wp-content\/uploads\/2021\/07\/IMG-CorpLitoral2-1.jpeg","_links":{"self":[{"href":"https:\/\/radiorevelacionfm.cl\/index.php?rest_route=\/wp\/v2\/posts\/6305","targetHints":{"allow":["GET"]}}],"collection":[{"href":"https:\/\/radiorevelacionfm.cl\/index.php?rest_route=\/wp\/v2\/posts"}],"about":[{"href":"https:\/\/radiorevelacionfm.cl\/index.php?rest_route=\/wp\/v2\/types\/post"}],"author":[{"embeddable":true,"href":"https:\/\/radiorevelacionfm.cl\/index.php?rest_route=\/wp\/v2\/users\/1"}],"replies":[{"embeddable":true,"href":"https:\/\/radiorevelacionfm.cl\/index.php?rest_route=%2Fwp%2Fv2%2Fcomments&post=6305"}],"version-history":[{"count":1,"href":"https:\/\/radiorevelacionfm.cl\/index.php?rest_route=\/wp\/v2\/posts\/6305\/revisions"}],"predecessor-version":[{"id":6307,"href":"https:\/\/radiorevelacionfm.cl\/index.php?rest_route=\/wp\/v2\/posts\/6305\/revisions\/6307"}],"wp:featuredmedia":[{"embeddable":true,"href":"https:\/\/radiorevelacionfm.cl\/index.php?rest_route=\/wp\/v2\/media\/6306"}],"wp:attachment":[{"href":"https:\/\/radiorevelacionfm.cl\/index.php?rest_route=%2Fwp%2Fv2%2Fmedia&parent=6305"}],"wp:term":[{"taxonomy":"category","embeddable":true,"href":"https:\/\/radiorevelacionfm.cl\/index.php?rest_route=%2Fwp%2Fv2%2Fcategories&post=6305"},{"taxonomy":"post_tag","embeddable":true,"href":"https:\/\/radiorevelacionfm.cl\/index.php?rest_route=%2Fwp%2Fv2%2Ftags&post=6305"}],"curies":[{"name":"wp","href":"https:\/\/api.w.org\/{rel}","templated":true}]}}