{"id":63046,"date":"2026-01-07T17:56:38","date_gmt":"2026-01-07T20:56:38","guid":{"rendered":"https:\/\/radiorevelacionfm.cl\/?p=63046"},"modified":"2026-01-07T18:16:40","modified_gmt":"2026-01-07T21:16:40","slug":"coyhaique-queda-fuera-del-presupuesto-2026-proyecto-de-buses-electricos-enfrenta-obstaculos-insuperables","status":"publish","type":"post","link":"https:\/\/radiorevelacionfm.cl\/?p=63046","title":{"rendered":"Coyhaique queda fuera del presupuesto 2026: Proyecto de buses el\u00e9ctricos enfrenta obst\u00e1culos insuperables"},"content":{"rendered":"<div class=\"flex_column av_one_full  flex_column_div av-zero-column-padding first  avia-builder-el-0  el_before_av_one_full  avia-builder-el-first  \" style='border-radius:0px; '><div  class='avia-image-container  av-styling-    avia-builder-el-1  avia-builder-el-no-sibling  avia-align-center '  itemprop=\"image\" itemscope=\"itemscope\" itemtype=\"https:\/\/schema.org\/ImageObject\"  ><div class='avia-image-container-inner'><div class='avia-image-overlay-wrap'><img decoding=\"async\" class='wp-image-63049 avia-img-lazy-loading-not-63049 avia_image' src=\"https:\/\/radiorevelacionfm.cl\/wp-content\/uploads\/2026\/01\/post-buses-electricos-1_optimized.jpg\" alt='' title='post-buses-electricos-(1)_optimized' height=\"675\" width=\"805\"  itemprop=\"thumbnailUrl\" srcset=\"https:\/\/radiorevelacionfm.cl\/wp-content\/uploads\/2026\/01\/post-buses-electricos-1_optimized.jpg 805w, https:\/\/radiorevelacionfm.cl\/wp-content\/uploads\/2026\/01\/post-buses-electricos-1_optimized-300x252.jpg 300w, https:\/\/radiorevelacionfm.cl\/wp-content\/uploads\/2026\/01\/post-buses-electricos-1_optimized-768x644.jpg 768w, https:\/\/radiorevelacionfm.cl\/wp-content\/uploads\/2026\/01\/post-buses-electricos-1_optimized-705x591.jpg 705w, https:\/\/radiorevelacionfm.cl\/wp-content\/uploads\/2026\/01\/post-buses-electricos-1_optimized-450x377.jpg 450w, https:\/\/radiorevelacionfm.cl\/wp-content\/uploads\/2026\/01\/post-buses-electricos-1_optimized-600x503.jpg 600w\" sizes=\"(max-width: 805px) 100vw, 805px\" \/><\/div><\/div><\/div><\/div><div class=\"flex_column av_one_full  flex_column_div av-zero-column-padding first  avia-builder-el-2  el_after_av_one_full  el_before_av_one_full  column-top-margin\" style='border-radius:0px; '><section class=\"av_textblock_section \"  itemscope=\"itemscope\" itemtype=\"https:\/\/schema.org\/BlogPosting\" itemprop=\"blogPost\" ><div class='avia_textblock  '   itemprop=\"text\" ><p style=\"text-align: center;\"><span style=\"font-size: 18pt;\"><b>Coyhaique queda fuera del presupuesto 2026: Proyecto de buses el\u00e9ctricos enfrenta obst\u00e1culos insuperables<\/b><\/span><\/p>\n<div id=\"gtx-trans\" style=\"position: absolute; left: -50px; top: 4.31534px;\">\n<div class=\"gtx-trans-icon\"><\/div>\n<\/div>\n<\/div><\/section><\/div><\/p>\n<div class=\"flex_column av_one_full  flex_column_div av-zero-column-padding first  avia-builder-el-4  el_after_av_one_full  el_before_av_hr  column-top-margin\" style='border-radius:0px; '><section class=\"av_textblock_section \"  itemscope=\"itemscope\" itemtype=\"https:\/\/schema.org\/BlogPosting\" itemprop=\"blogPost\" ><div class='avia_textblock  '   itemprop=\"text\" ><p style=\"text-align: justify;\">El consejero regional de Coyhaique, Pablo Guglielmi Asenjo, denunci\u00f3 que la iniciativa de implementar buses el\u00e9ctricos en la ciudad enfrenta serios problemas. A pesar de los avances en la definici\u00f3n del perfil del proyecto, persisten observaciones sin resolver que ponen en riesgo su inclusi\u00f3n en el presupuesto 2026.<\/p>\n<p style=\"text-align: justify;\">\u00abEs lamentable que el Ministerio de Transportes no haya estado a la altura de este proyecto\u00bb, declar\u00f3 Guglielmi Asenjo. \u00abNo han cuantificado la demanda, no tienen aprobaci\u00f3n t\u00e9cnica y ni siquiera se dignaron a enviar representantes a la comisi\u00f3n de transportes del gobierno regional el 5 de enero. Es un claro ejemplo de la falta de compromiso del gobierno del presidente Boric con nuestra regi\u00f3n\u00bb.<\/p>\n<p style=\"text-align: justify;\">Seg\u00fan Guglielmi Asenjo, la falta de cuantificaci\u00f3n de la demanda es un obst\u00e1culo importante, ya que impide justificar la cantidad de buses propuestos (37 unidades). Adem\u00e1s, la ausencia de aprobaci\u00f3n t\u00e9cnica del Ministerio de Transportes es un requisito indispensable seg\u00fan la ley, y su falta pone en riesgo todo el proyecto.<\/p>\n<p style=\"text-align: justify;\">La consejera Mart\u00ednez (PS) atribuye la responsabilidad a la actual administraci\u00f3n del gobierno regional, pero Guglielmi Asenjo insiste en que \u00abel gobierno del presidente Boric le vuelve a cerrar la puerta en la cara a nuestra ciudad de Coyhaique. Es una falta de respeto a los habitantes de esta regi\u00f3n, que merecen un transporte p\u00fablico eficiente y sostenible\u00bb.<\/p>\n<p style=\"text-align: justify;\">Guglielmi Asenjo agreg\u00f3 que \u00abeste proyecto bien desarrollado es fundamental para mejorar la movilidad en Coyhaique y reducir la huella de carbono en nuestra ciudad. Es una oportunidad perdida para avanzar hacia un futuro m\u00e1s sostenible y amigable con el medio ambiente\u00bb.<\/p>\n<p style=\"text-align: justify;\">Este proyecto, que busca mejorar la movilidad en Coyhaique, enfrenta un futuro incierto. La falta de un proyecto s\u00f3lido y aprobado impide su consideraci\u00f3n en el presupuesto 2026, lo que representa un duro golpe para la ciudad.<\/p>\n<\/div><\/section><\/div>\n<div  style='height:50px' class='hr hr-invisible   avia-builder-el-6  el_after_av_one_full  el_before_av_social_share '><span class='hr-inner ' ><span class='hr-inner-style'><\/span><\/span><\/div>\n<div  class='av-social-sharing-box  avia-builder-el-7  el_after_av_hr  el_before_av_hr  '><div class='av-share-box'><h5 class='av-share-link-description av-no-toc '>Compartir esta noticia<\/h5><ul class='av-share-box-list noLightbox'><li class='av-share-link av-social-link-facebook' ><a target=\"_blank\" aria-label=\"Compartir en Facebook\" href='https:\/\/www.facebook.com\/sharer.php?u=https:\/\/radiorevelacionfm.cl\/?p=63046&#038;t=Coyhaique%20queda%20fuera%20del%20presupuesto%202026%3A%20Proyecto%20de%20buses%20el%C3%A9ctricos%20enfrenta%20obst%C3%A1culos%20insuperables' aria-hidden='false' data-av_icon='\ue8f3' data-av_iconfont='entypo-fontello' title='' data-avia-related-tooltip='Compartir en Facebook' rel=\"noopener\"><span class='avia_hidden_link_text'>Compartir en Facebook<\/span><\/a><\/li><li class='av-share-link av-social-link-twitter' ><a target=\"_blank\" aria-label=\"Compartir en Twitter\" href='https:\/\/twitter.com\/share?text=Coyhaique%20queda%20fuera%20del%20presupuesto%202026%3A%20Proyecto%20de%20buses%20el%C3%A9ctricos%20enfrenta%20obst%C3%A1culos%20insuperables&#038;url=https:\/\/radiorevelacionfm.cl\/?p=63046' aria-hidden='false' data-av_icon='\ue8f1' data-av_iconfont='entypo-fontello' title='' data-avia-related-tooltip='Compartir en Twitter' rel=\"noopener\"><span class='avia_hidden_link_text'>Compartir en Twitter<\/span><\/a><\/li><li class='av-share-link av-social-link-whatsapp' ><a target=\"_blank\" aria-label=\"Compartir en Whatsapp\" href='https:\/\/api.whatsapp.com\/send?text=https:\/\/radiorevelacionfm.cl\/?p=63046' aria-hidden='false' data-av_icon='\uf232' data-av_iconfont='entypo-fontello' title='' data-avia-related-tooltip='Compartir en Whatsapp' rel=\"noopener\"><span class='avia_hidden_link_text'>Compartir en Whatsapp<\/span><\/a><\/li><li class='av-share-link av-social-link-linkedin' ><a target=\"_blank\" aria-label=\"Compartir en LinkedIn\" href='https:\/\/linkedin.com\/shareArticle?mini=true&#038;title=Coyhaique%20queda%20fuera%20del%20presupuesto%202026%3A%20Proyecto%20de%20buses%20el%C3%A9ctricos%20enfrenta%20obst%C3%A1culos%20insuperables&#038;url=https:\/\/radiorevelacionfm.cl\/?p=63046' aria-hidden='false' data-av_icon='\ue8fc' data-av_iconfont='entypo-fontello' title='' data-avia-related-tooltip='Compartir en LinkedIn' rel=\"noopener\"><span class='avia_hidden_link_text'>Compartir en LinkedIn<\/span><\/a><\/li><li class='av-share-link av-social-link-mail' ><a  aria-label=\"Compartir por correo\" href='mailto:?subject=Coyhaique%20queda%20fuera%20del%20presupuesto%202026%3A%20Proyecto%20de%20buses%20el%C3%A9ctricos%20enfrenta%20obst%C3%A1culos%20insuperables&#038;body=https:\/\/radiorevelacionfm.cl\/?p=63046' aria-hidden='false' data-av_icon='\ue805' data-av_iconfont='entypo-fontello' title='' data-avia-related-tooltip='Compartir por correo'><span class='avia_hidden_link_text'>Compartir por correo<\/span><\/a><\/li><\/ul><\/div><\/div>\n<div  style='height:50px' class='hr hr-invisible   avia-builder-el-8  el_after_av_social_share  el_before_av_comments_list '><span class='hr-inner ' ><span class='hr-inner-style'><\/span><\/span><\/div>\n<div  class='av-buildercomment  av-blog-meta-html-info-disabled av-blog-meta-tag-disabled  '><\/div>\n","protected":false},"excerpt":{"rendered":"","protected":false},"author":1,"featured_media":63049,"comment_status":"closed","ping_status":"closed","sticky":false,"template":"","format":"standard","meta":{"footnotes":""},"categories":[38],"tags":[],"class_list":["post-63046","post","type-post","status-publish","format-standard","has-post-thumbnail","hentry","category-regional"],"jetpack_featured_media_url":"https:\/\/radiorevelacionfm.cl\/wp-content\/uploads\/2026\/01\/post-buses-electricos-1_optimized.jpg","_links":{"self":[{"href":"https:\/\/radiorevelacionfm.cl\/index.php?rest_route=\/wp\/v2\/posts\/63046","targetHints":{"allow":["GET"]}}],"collection":[{"href":"https:\/\/radiorevelacionfm.cl\/index.php?rest_route=\/wp\/v2\/posts"}],"about":[{"href":"https:\/\/radiorevelacionfm.cl\/index.php?rest_route=\/wp\/v2\/types\/post"}],"author":[{"embeddable":true,"href":"https:\/\/radiorevelacionfm.cl\/index.php?rest_route=\/wp\/v2\/users\/1"}],"replies":[{"embeddable":true,"href":"https:\/\/radiorevelacionfm.cl\/index.php?rest_route=%2Fwp%2Fv2%2Fcomments&post=63046"}],"version-history":[{"count":3,"href":"https:\/\/radiorevelacionfm.cl\/index.php?rest_route=\/wp\/v2\/posts\/63046\/revisions"}],"predecessor-version":[{"id":63048,"href":"https:\/\/radiorevelacionfm.cl\/index.php?rest_route=\/wp\/v2\/posts\/63046\/revisions\/63048"}],"wp:featuredmedia":[{"embeddable":true,"href":"https:\/\/radiorevelacionfm.cl\/index.php?rest_route=\/wp\/v2\/media\/63049"}],"wp:attachment":[{"href":"https:\/\/radiorevelacionfm.cl\/index.php?rest_route=%2Fwp%2Fv2%2Fmedia&parent=63046"}],"wp:term":[{"taxonomy":"category","embeddable":true,"href":"https:\/\/radiorevelacionfm.cl\/index.php?rest_route=%2Fwp%2Fv2%2Fcategories&post=63046"},{"taxonomy":"post_tag","embeddable":true,"href":"https:\/\/radiorevelacionfm.cl\/index.php?rest_route=%2Fwp%2Fv2%2Ftags&post=63046"}],"curies":[{"name":"wp","href":"https:\/\/api.w.org\/{rel}","templated":true}]}}