{"id":63037,"date":"2026-01-07T16:02:44","date_gmt":"2026-01-07T19:02:44","guid":{"rendered":"https:\/\/radiorevelacionfm.cl\/?p=63037"},"modified":"2026-01-07T16:02:44","modified_gmt":"2026-01-07T19:02:44","slug":"presentan-resultados-de-cinco-estudios-claves-para-impulsar-la-transicion-energetica-regional","status":"publish","type":"post","link":"https:\/\/radiorevelacionfm.cl\/?p=63037","title":{"rendered":"Presentan resultados de cinco estudios claves para impulsar la transici\u00f3n energ\u00e9tica regional"},"content":{"rendered":"<div class=\"flex_column av_one_full  flex_column_div av-zero-column-padding first  avia-builder-el-0  el_before_av_one_full  avia-builder-el-first  \" style='border-radius:0px; '><div  class='avia-image-container  av-styling-    avia-builder-el-1  avia-builder-el-no-sibling  avia-align-center '  itemprop=\"image\" itemscope=\"itemscope\" itemtype=\"https:\/\/schema.org\/ImageObject\"  ><div class='avia-image-container-inner'><div class='avia-image-overlay-wrap'><img decoding=\"async\" class='wp-image-63038 avia-img-lazy-loading-not-63038 avia_image' src=\"https:\/\/radiorevelacionfm.cl\/wp-content\/uploads\/2026\/01\/DSC01319-1-1.jpg\" alt='' title='DSC01319 (1) (1)' height=\"600\" width=\"1067\"  itemprop=\"thumbnailUrl\" srcset=\"https:\/\/radiorevelacionfm.cl\/wp-content\/uploads\/2026\/01\/DSC01319-1-1.jpg 1067w, https:\/\/radiorevelacionfm.cl\/wp-content\/uploads\/2026\/01\/DSC01319-1-1-300x169.jpg 300w, https:\/\/radiorevelacionfm.cl\/wp-content\/uploads\/2026\/01\/DSC01319-1-1-1030x579.jpg 1030w, https:\/\/radiorevelacionfm.cl\/wp-content\/uploads\/2026\/01\/DSC01319-1-1-768x432.jpg 768w, https:\/\/radiorevelacionfm.cl\/wp-content\/uploads\/2026\/01\/DSC01319-1-1-705x396.jpg 705w, https:\/\/radiorevelacionfm.cl\/wp-content\/uploads\/2026\/01\/DSC01319-1-1-450x253.jpg 450w, https:\/\/radiorevelacionfm.cl\/wp-content\/uploads\/2026\/01\/DSC01319-1-1-600x337.jpg 600w\" sizes=\"(max-width: 1067px) 100vw, 1067px\" \/><\/div><\/div><\/div><\/div><div class=\"flex_column av_one_full  flex_column_div av-zero-column-padding first  avia-builder-el-2  el_after_av_one_full  el_before_av_one_full  column-top-margin\" style='border-radius:0px; '><section class=\"av_textblock_section \"  itemscope=\"itemscope\" itemtype=\"https:\/\/schema.org\/BlogPosting\" itemprop=\"blogPost\" ><div class='avia_textblock  '   itemprop=\"text\" ><p style=\"text-align: center;\"><strong><span style=\"font-size: 18pt;\">Presentan resultados de cinco estudios claves para impulsar la transici\u00f3n energ\u00e9tica regional<\/span><\/strong><\/p>\n<div id=\"gtx-trans\" style=\"position: absolute; left: -50px; top: 4.31534px;\">\n<div class=\"gtx-trans-icon\"><\/div>\n<\/div>\n<\/div><\/section><\/div><div class=\"flex_column av_one_full  flex_column_div av-zero-column-padding first  avia-builder-el-4  el_after_av_one_full  el_before_av_hr  column-top-margin\" style='border-radius:0px; '><section class=\"av_textblock_section \"  itemscope=\"itemscope\" itemtype=\"https:\/\/schema.org\/BlogPosting\" itemprop=\"blogPost\" ><div class='avia_textblock  '   itemprop=\"text\" ><p style=\"text-align: justify;\">Con el prop\u00f3sito de difundir los resultados de investigaciones en energ\u00eda se realiz\u00f3 en Coyhaique la Jornada de Difusi\u00f3n \u201cEstudios de energ\u00eda para avanzar en la transici\u00f3n energ\u00e9tica de la Regi\u00f3n de Ays\u00e9n\u201d, instancia organizada de manera conjunta por el Gobierno Regional de Ays\u00e9n, la SEREMI de Energ\u00eda y el Centro de Investigaci\u00f3n en Ecosistemas de la Patagonia (CIEP).<\/p>\n<p style=\"text-align: justify;\">En su conjunto estas iniciativas abordaron materias estrat\u00e9gicas para acelerar la transici\u00f3n energ\u00e9tica en Ays\u00e9n, incluyendo el diagn\u00f3stico y propuestas de mejora del marco normativo de los Sistemas Medianos; el an\u00e1lisis de la seguridad y vulnerabilidad del abastecimiento de GLP y combustibles l\u00edquidos; la evaluaci\u00f3n de oportunidades para la producci\u00f3n regional de biodi\u00e9sel; la estimaci\u00f3n del potencial fotovoltaico y e\u00f3lico en cinco sistemas aislados; y la exploraci\u00f3n de alternativas de generaci\u00f3n distribuida mediante micro centrales hidroel\u00e9ctricas. De esta manera, adem\u00e1s de identificar brechas, los estudios aportan herramientas que permitir\u00e1n priorizar inversiones, mejorar la seguridad del suministro, reducir vulnerabilidades y acelerar soluciones energ\u00e9ticas.<\/p>\n<p style=\"text-align: justify;\">Al respecto, el Gobernador Regional de Ays\u00e9n, Marcelo Santana Vargas, indic\u00f3 que \u201cuno de los estudios tiene que ver con la modificaci\u00f3n de la Ley de Sistemas Medianos, y justamente se hace cargo de eso de entregar propuestas que permitan reducir los costos de la energ\u00eda, principalmente del sector comercial, que se ve altamente afectado con tarifas que bordean el 30 a 70 por ciento m\u00e1s elevado en nuestra regi\u00f3n que en otras regiones, si comparamos similares emprendimientos. Y por otra parte tambi\u00e9n, proyectos y soluciones para localidades del litoral de nuestra regi\u00f3n, que esperamos nosotros poder abordar y tambi\u00e9n avanzar hacia la transici\u00f3n energ\u00e9tica, es decir, que nuestra energ\u00eda se vaya haciendo cada vez m\u00e1s limpia en la regi\u00f3n, estos estudios son claves para aquello\u201d.<\/p>\n<p style=\"text-align: justify;\">La Seremi de Energ\u00eda de Ays\u00e9n, Pamela C\u00e1rdenas Seguel, destac\u00f3 la utilidad de estos estudios como insumo para orientar la inversi\u00f3n \u201cestamos trabajando en algunas propuestas para ir en respuesta al sector rural y los peque\u00f1os y medianos propietarios que necesitan energ\u00eda no para la vivienda, sino que para otro segmento y producir en el campo. Y adem\u00e1s tenemos varias iniciativas desde el Ministerio y desde la agencia de sostenibilidad energ\u00e9tica en esta l\u00ednea, entonces esto no se va a perder, la idea de estas cinco investigaciones es generar certezas, ya que son instrumentos para la toma decisiones y para la inversi\u00f3n en la regi\u00f3n, adem\u00e1s del perfeccionamiento de la Ley de Sistemas Medianos que impulsa la inversi\u00f3n local\u201d.<\/p>\n<p style=\"text-align: justify;\">Desde el CIEP la Directora Ejecutiva Andrea Foessel Bunting se\u00f1al\u00f3 que \u201cel objetivo de la jornada fue difundir y transferir la informaci\u00f3n que result\u00f3 de cinco estudios de energ\u00eda que fueron financiados por el Gobierno Regional, realizados en conjunto con la Seremi de Energ\u00eda, la Universidad de Ays\u00e9n y ejecutado a trav\u00e9s del centro de investigaciones. Estos estudios no son estudios aislados, sino que son estudios que se complementan y buscan cubrir distintos aspectos de lo que son las dificultades de nuestra matriz energ\u00e9tica, buscando traer nuevas ideas de pertinencia territorial, de informaci\u00f3n que permita tomar buenas decisiones que nos lleven a una transici\u00f3n de nuestra matriz energ\u00e9tica con una energ\u00eda de calidad, con una energ\u00eda estable que nos permita apoyar al sector productivo y tener una mejor calidad de vida\u201d.<\/p>\n<p style=\"text-align: justify;\">Por el equipo de Energ\u00eda de CIEP, expusieron los profesionales Fernanda Torres, Patricio Campos y Pablo Aranda; recibiendo inicialmente consultas de los consejeros y consejeras regionales presentes.<\/p>\n<p style=\"text-align: justify;\">La jornada finaliz\u00f3 con un espacio de conversaci\u00f3n e intercambio entre autoridades, equipos t\u00e9cnicos y asistentes, donde se abordaron los principales desaf\u00edos y oportunidades para avanzar en una transici\u00f3n energ\u00e9tica con pertinencia territorial.<\/p>\n<\/div><\/section><\/div><div  style='height:50px' class='hr hr-invisible   avia-builder-el-6  el_after_av_one_full  el_before_av_social_share '><span class='hr-inner ' ><span class='hr-inner-style'><\/span><\/span><\/div><\/p>\n<div  class='av-social-sharing-box  avia-builder-el-7  el_after_av_hr  el_before_av_hr  '><div class='av-share-box'><h5 class='av-share-link-description av-no-toc '>Compartir esta noticia<\/h5><ul class='av-share-box-list noLightbox'><li class='av-share-link av-social-link-facebook' ><a target=\"_blank\" aria-label=\"Compartir en Facebook\" href='https:\/\/www.facebook.com\/sharer.php?u=https:\/\/radiorevelacionfm.cl\/?p=63037&#038;t=Presentan%20resultados%20de%20cinco%20estudios%20claves%20para%20impulsar%20la%20transici%C3%B3n%20energ%C3%A9tica%20regional' aria-hidden='false' data-av_icon='\ue8f3' data-av_iconfont='entypo-fontello' title='' data-avia-related-tooltip='Compartir en Facebook' rel=\"noopener\"><span class='avia_hidden_link_text'>Compartir en Facebook<\/span><\/a><\/li><li class='av-share-link av-social-link-twitter' ><a target=\"_blank\" aria-label=\"Compartir en Twitter\" href='https:\/\/twitter.com\/share?text=Presentan%20resultados%20de%20cinco%20estudios%20claves%20para%20impulsar%20la%20transici%C3%B3n%20energ%C3%A9tica%20regional&#038;url=https:\/\/radiorevelacionfm.cl\/?p=63037' aria-hidden='false' data-av_icon='\ue8f1' data-av_iconfont='entypo-fontello' title='' data-avia-related-tooltip='Compartir en Twitter' rel=\"noopener\"><span class='avia_hidden_link_text'>Compartir en Twitter<\/span><\/a><\/li><li class='av-share-link av-social-link-whatsapp' ><a target=\"_blank\" aria-label=\"Compartir en Whatsapp\" href='https:\/\/api.whatsapp.com\/send?text=https:\/\/radiorevelacionfm.cl\/?p=63037' aria-hidden='false' data-av_icon='\uf232' data-av_iconfont='entypo-fontello' title='' data-avia-related-tooltip='Compartir en Whatsapp' rel=\"noopener\"><span class='avia_hidden_link_text'>Compartir en Whatsapp<\/span><\/a><\/li><li class='av-share-link av-social-link-linkedin' ><a target=\"_blank\" aria-label=\"Compartir en LinkedIn\" href='https:\/\/linkedin.com\/shareArticle?mini=true&#038;title=Presentan%20resultados%20de%20cinco%20estudios%20claves%20para%20impulsar%20la%20transici%C3%B3n%20energ%C3%A9tica%20regional&#038;url=https:\/\/radiorevelacionfm.cl\/?p=63037' aria-hidden='false' data-av_icon='\ue8fc' data-av_iconfont='entypo-fontello' title='' data-avia-related-tooltip='Compartir en LinkedIn' rel=\"noopener\"><span class='avia_hidden_link_text'>Compartir en LinkedIn<\/span><\/a><\/li><li class='av-share-link av-social-link-mail' ><a  aria-label=\"Compartir por correo\" href='mailto:?subject=Presentan%20resultados%20de%20cinco%20estudios%20claves%20para%20impulsar%20la%20transici%C3%B3n%20energ%C3%A9tica%20regional&#038;body=https:\/\/radiorevelacionfm.cl\/?p=63037' aria-hidden='false' data-av_icon='\ue805' data-av_iconfont='entypo-fontello' title='' data-avia-related-tooltip='Compartir por correo'><span class='avia_hidden_link_text'>Compartir por correo<\/span><\/a><\/li><\/ul><\/div><\/div>\n<div  style='height:50px' class='hr hr-invisible   avia-builder-el-8  el_after_av_social_share  el_before_av_comments_list '><span class='hr-inner ' ><span class='hr-inner-style'><\/span><\/span><\/div>\n<div  class='av-buildercomment  av-blog-meta-html-info-disabled av-blog-meta-tag-disabled  '><\/div>\n","protected":false},"excerpt":{"rendered":"","protected":false},"author":1,"featured_media":63038,"comment_status":"closed","ping_status":"closed","sticky":false,"template":"","format":"standard","meta":{"footnotes":""},"categories":[38],"tags":[],"class_list":["post-63037","post","type-post","status-publish","format-standard","has-post-thumbnail","hentry","category-regional"],"jetpack_featured_media_url":"https:\/\/radiorevelacionfm.cl\/wp-content\/uploads\/2026\/01\/DSC01319-1-1.jpg","_links":{"self":[{"href":"https:\/\/radiorevelacionfm.cl\/index.php?rest_route=\/wp\/v2\/posts\/63037","targetHints":{"allow":["GET"]}}],"collection":[{"href":"https:\/\/radiorevelacionfm.cl\/index.php?rest_route=\/wp\/v2\/posts"}],"about":[{"href":"https:\/\/radiorevelacionfm.cl\/index.php?rest_route=\/wp\/v2\/types\/post"}],"author":[{"embeddable":true,"href":"https:\/\/radiorevelacionfm.cl\/index.php?rest_route=\/wp\/v2\/users\/1"}],"replies":[{"embeddable":true,"href":"https:\/\/radiorevelacionfm.cl\/index.php?rest_route=%2Fwp%2Fv2%2Fcomments&post=63037"}],"version-history":[{"count":2,"href":"https:\/\/radiorevelacionfm.cl\/index.php?rest_route=\/wp\/v2\/posts\/63037\/revisions"}],"predecessor-version":[{"id":63040,"href":"https:\/\/radiorevelacionfm.cl\/index.php?rest_route=\/wp\/v2\/posts\/63037\/revisions\/63040"}],"wp:featuredmedia":[{"embeddable":true,"href":"https:\/\/radiorevelacionfm.cl\/index.php?rest_route=\/wp\/v2\/media\/63038"}],"wp:attachment":[{"href":"https:\/\/radiorevelacionfm.cl\/index.php?rest_route=%2Fwp%2Fv2%2Fmedia&parent=63037"}],"wp:term":[{"taxonomy":"category","embeddable":true,"href":"https:\/\/radiorevelacionfm.cl\/index.php?rest_route=%2Fwp%2Fv2%2Fcategories&post=63037"},{"taxonomy":"post_tag","embeddable":true,"href":"https:\/\/radiorevelacionfm.cl\/index.php?rest_route=%2Fwp%2Fv2%2Ftags&post=63037"}],"curies":[{"name":"wp","href":"https:\/\/api.w.org\/{rel}","templated":true}]}}