{"id":63033,"date":"2026-01-07T15:40:00","date_gmt":"2026-01-07T18:40:00","guid":{"rendered":"https:\/\/radiorevelacionfm.cl\/?p=63033"},"modified":"2026-01-07T15:40:00","modified_gmt":"2026-01-07T18:40:00","slug":"diputada-raphael-confirma-con-ministro-de-transportes-que-se-dara-continuidad-al-servicio-lacustre-en-el-lago-general-carrera","status":"publish","type":"post","link":"https:\/\/radiorevelacionfm.cl\/?p=63033","title":{"rendered":"Diputada Raphael confirma con Ministro de Transportes que se dar\u00e1 continuidad al servicio lacustre en el Lago General Carrera"},"content":{"rendered":"<div class=\"flex_column av_one_full  flex_column_div av-zero-column-padding first  avia-builder-el-0  el_before_av_one_full  avia-builder-el-first  \" style='border-radius:0px; '><div  class='avia-image-container  av-styling-    avia-builder-el-1  avia-builder-el-no-sibling  avia-align-center '  itemprop=\"image\" itemscope=\"itemscope\" itemtype=\"https:\/\/schema.org\/ImageObject\"  ><div class='avia-image-container-inner'><div class='avia-image-overlay-wrap'><img decoding=\"async\" class='wp-image-63034 avia-img-lazy-loading-not-63034 avia_image' src=\"https:\/\/radiorevelacionfm.cl\/wp-content\/uploads\/2026\/01\/dip-raphael-ministro-muNoz-1_optimized.jpg\" alt='' title='dip-raphael---ministro-mu\u00d1oz-(1)_optimized' height=\"1000\" width=\"800\"  itemprop=\"thumbnailUrl\" srcset=\"https:\/\/radiorevelacionfm.cl\/wp-content\/uploads\/2026\/01\/dip-raphael-ministro-muNoz-1_optimized.jpg 800w, https:\/\/radiorevelacionfm.cl\/wp-content\/uploads\/2026\/01\/dip-raphael-ministro-muNoz-1_optimized-240x300.jpg 240w, https:\/\/radiorevelacionfm.cl\/wp-content\/uploads\/2026\/01\/dip-raphael-ministro-muNoz-1_optimized-768x960.jpg 768w, https:\/\/radiorevelacionfm.cl\/wp-content\/uploads\/2026\/01\/dip-raphael-ministro-muNoz-1_optimized-564x705.jpg 564w, https:\/\/radiorevelacionfm.cl\/wp-content\/uploads\/2026\/01\/dip-raphael-ministro-muNoz-1_optimized-450x563.jpg 450w, https:\/\/radiorevelacionfm.cl\/wp-content\/uploads\/2026\/01\/dip-raphael-ministro-muNoz-1_optimized-600x750.jpg 600w\" sizes=\"(max-width: 800px) 100vw, 800px\" \/><\/div><\/div><\/div><\/div><div class=\"flex_column av_one_full  flex_column_div av-zero-column-padding first  avia-builder-el-2  el_after_av_one_full  el_before_av_one_full  column-top-margin\" style='border-radius:0px; '><section class=\"av_textblock_section \"  itemscope=\"itemscope\" itemtype=\"https:\/\/schema.org\/BlogPosting\" itemprop=\"blogPost\" ><div class='avia_textblock  '   itemprop=\"text\" ><p style=\"text-align: center;\"><span style=\"font-size: 18pt;\"><b>Diputada Marcia Raphael confirma con Ministro de Transportes que se dar\u00e1 continuidad al servicio lacustre en el Lago General Carrera<\/b><\/span><\/p>\n<div id=\"gtx-trans\" style=\"position: absolute; left: -50px; top: 4.31534px;\">\n<div class=\"gtx-trans-icon\"><\/div>\n<\/div>\n<\/div><\/section><\/div><div class=\"flex_column av_one_full  flex_column_div av-zero-column-padding first  avia-builder-el-4  el_after_av_one_full  el_before_av_hr  column-top-margin\" style='border-radius:0px; '><section class=\"av_textblock_section \"  itemscope=\"itemscope\" itemtype=\"https:\/\/schema.org\/BlogPosting\" itemprop=\"blogPost\" ><div class='avia_textblock  '   itemprop=\"text\" ><p style=\"text-align: justify;\">Tras conversaciones sostenidas por la diputada Marcia Raphael con el Ministro de Transportes y Telecomunicaciones, Juan Carlos Mu\u00f1oz, que reforzaron las solicitudes de autoridades locales y vecinos de la provincia de General Carrera se logr\u00f3 ratificar la continuidad del transporte lacustre, garantizando la conectividad hacia Chile Chico mediante la operaci\u00f3n de la barcaza Tehuelche, operada por la empresa Naviera Austral.<\/p>\n<p style=\"text-align: justify;\">Cabe destacar que el acuerdo fue alcanzado luego de una reuni\u00f3n de trabajo en la que participaron el Ministerio de Transportes y Telecomunicaciones (MTT), la Direcci\u00f3n de Obras Portuarias del Ministerio de Obras P\u00fablicas (MOP-DOP), y la empresa Naviera Austral.<\/p>\n<p style=\"text-align: justify;\">Seg\u00fan lo informado por el Ministro de Transportes a la parlamentaria de Renovaci\u00f3n Nacional, la empresa operadora subsanar\u00e1 observaciones administrativas formuladas este martes 6 de enero y para posteriormente avanzar con el proceso de firma del contrato correspondiente.<\/p>\n<p style=\"text-align: justify;\">En tanto, desde el ejecutivo, comprometieron su ingreso a Contralor\u00eda durante el mes de enero, lo que ser\u00e1 fiscalizado por la representante de Ays\u00e9n en el Congreso.<\/p>\n<p style=\"text-align: justify;\">Al respecto, la diputada Marcia Raphael valor\u00f3 el avance, se\u00f1alando que \u201cla conectividad lacustre del Lago General Carrera es vital para Chile Chico y para toda la provincia. Esta soluci\u00f3n entrega una cuota de tranquilidad a las familias, al comercio y al desarrollo de la zona, no obstante, cumpliremos el rol fiscalizador para que se cumplan los plazos estipulados, porque tal c\u00f3mo hemos manifestado en la Comisi\u00f3n de Zonas Extremas de la C\u00e1mara cuesta comprender que esta situaci\u00f3n se genere a poco de terminar el gobierno, sigan apareciendo deudas sin respuestas de los ministerios y en este caso, preocupa m\u00e1s cuando la empresa lleva medio a\u00f1o operando sin recibir pago alguno, y menos contar con dicho contrato\u00bb.<\/p>\n<\/div><\/section><\/div><div  style='height:50px' class='hr hr-invisible   avia-builder-el-6  el_after_av_one_full  el_before_av_social_share '><span class='hr-inner ' ><span class='hr-inner-style'><\/span><\/span><\/div><\/p>\n<div  class='av-social-sharing-box  avia-builder-el-7  el_after_av_hr  el_before_av_hr  '><div class='av-share-box'><h5 class='av-share-link-description av-no-toc '>Compartir esta noticia<\/h5><ul class='av-share-box-list noLightbox'><li class='av-share-link av-social-link-facebook' ><a target=\"_blank\" aria-label=\"Compartir en Facebook\" href='https:\/\/www.facebook.com\/sharer.php?u=https:\/\/radiorevelacionfm.cl\/?p=63033&#038;t=Diputada%20Raphael%20confirma%20con%20Ministro%20de%20Transportes%20que%20se%20dar%C3%A1%20continuidad%20al%20servicio%20lacustre%20en%20el%20Lago%20General%20Carrera' aria-hidden='false' data-av_icon='\ue8f3' data-av_iconfont='entypo-fontello' title='' data-avia-related-tooltip='Compartir en Facebook' rel=\"noopener\"><span class='avia_hidden_link_text'>Compartir en Facebook<\/span><\/a><\/li><li class='av-share-link av-social-link-twitter' ><a target=\"_blank\" aria-label=\"Compartir en Twitter\" href='https:\/\/twitter.com\/share?text=Diputada%20Raphael%20confirma%20con%20Ministro%20de%20Transportes%20que%20se%20dar%C3%A1%20continuidad%20al%20servicio%20lacustre%20en%20el%20Lago%20General%20Carrera&#038;url=https:\/\/radiorevelacionfm.cl\/?p=63033' aria-hidden='false' data-av_icon='\ue8f1' data-av_iconfont='entypo-fontello' title='' data-avia-related-tooltip='Compartir en Twitter' rel=\"noopener\"><span class='avia_hidden_link_text'>Compartir en Twitter<\/span><\/a><\/li><li class='av-share-link av-social-link-whatsapp' ><a target=\"_blank\" aria-label=\"Compartir en Whatsapp\" href='https:\/\/api.whatsapp.com\/send?text=https:\/\/radiorevelacionfm.cl\/?p=63033' aria-hidden='false' data-av_icon='\uf232' data-av_iconfont='entypo-fontello' title='' data-avia-related-tooltip='Compartir en Whatsapp' rel=\"noopener\"><span class='avia_hidden_link_text'>Compartir en Whatsapp<\/span><\/a><\/li><li class='av-share-link av-social-link-linkedin' ><a target=\"_blank\" aria-label=\"Compartir en LinkedIn\" href='https:\/\/linkedin.com\/shareArticle?mini=true&#038;title=Diputada%20Raphael%20confirma%20con%20Ministro%20de%20Transportes%20que%20se%20dar%C3%A1%20continuidad%20al%20servicio%20lacustre%20en%20el%20Lago%20General%20Carrera&#038;url=https:\/\/radiorevelacionfm.cl\/?p=63033' aria-hidden='false' data-av_icon='\ue8fc' data-av_iconfont='entypo-fontello' title='' data-avia-related-tooltip='Compartir en LinkedIn' rel=\"noopener\"><span class='avia_hidden_link_text'>Compartir en LinkedIn<\/span><\/a><\/li><li class='av-share-link av-social-link-mail' ><a  aria-label=\"Compartir por correo\" href='mailto:?subject=Diputada%20Raphael%20confirma%20con%20Ministro%20de%20Transportes%20que%20se%20dar%C3%A1%20continuidad%20al%20servicio%20lacustre%20en%20el%20Lago%20General%20Carrera&#038;body=https:\/\/radiorevelacionfm.cl\/?p=63033' aria-hidden='false' data-av_icon='\ue805' data-av_iconfont='entypo-fontello' title='' data-avia-related-tooltip='Compartir por correo'><span class='avia_hidden_link_text'>Compartir por correo<\/span><\/a><\/li><\/ul><\/div><\/div>\n<div  style='height:50px' class='hr hr-invisible   avia-builder-el-8  el_after_av_social_share  el_before_av_comments_list '><span class='hr-inner ' ><span class='hr-inner-style'><\/span><\/span><\/div>\n<div  class='av-buildercomment  av-blog-meta-html-info-disabled av-blog-meta-tag-disabled  '><\/div>\n","protected":false},"excerpt":{"rendered":"","protected":false},"author":1,"featured_media":63034,"comment_status":"closed","ping_status":"closed","sticky":false,"template":"","format":"standard","meta":{"footnotes":""},"categories":[35],"tags":[],"class_list":["post-63033","post","type-post","status-publish","format-standard","has-post-thumbnail","hentry","category-politica"],"jetpack_featured_media_url":"https:\/\/radiorevelacionfm.cl\/wp-content\/uploads\/2026\/01\/dip-raphael-ministro-muNoz-1_optimized.jpg","_links":{"self":[{"href":"https:\/\/radiorevelacionfm.cl\/index.php?rest_route=\/wp\/v2\/posts\/63033","targetHints":{"allow":["GET"]}}],"collection":[{"href":"https:\/\/radiorevelacionfm.cl\/index.php?rest_route=\/wp\/v2\/posts"}],"about":[{"href":"https:\/\/radiorevelacionfm.cl\/index.php?rest_route=\/wp\/v2\/types\/post"}],"author":[{"embeddable":true,"href":"https:\/\/radiorevelacionfm.cl\/index.php?rest_route=\/wp\/v2\/users\/1"}],"replies":[{"embeddable":true,"href":"https:\/\/radiorevelacionfm.cl\/index.php?rest_route=%2Fwp%2Fv2%2Fcomments&post=63033"}],"version-history":[{"count":2,"href":"https:\/\/radiorevelacionfm.cl\/index.php?rest_route=\/wp\/v2\/posts\/63033\/revisions"}],"predecessor-version":[{"id":63036,"href":"https:\/\/radiorevelacionfm.cl\/index.php?rest_route=\/wp\/v2\/posts\/63033\/revisions\/63036"}],"wp:featuredmedia":[{"embeddable":true,"href":"https:\/\/radiorevelacionfm.cl\/index.php?rest_route=\/wp\/v2\/media\/63034"}],"wp:attachment":[{"href":"https:\/\/radiorevelacionfm.cl\/index.php?rest_route=%2Fwp%2Fv2%2Fmedia&parent=63033"}],"wp:term":[{"taxonomy":"category","embeddable":true,"href":"https:\/\/radiorevelacionfm.cl\/index.php?rest_route=%2Fwp%2Fv2%2Fcategories&post=63033"},{"taxonomy":"post_tag","embeddable":true,"href":"https:\/\/radiorevelacionfm.cl\/index.php?rest_route=%2Fwp%2Fv2%2Ftags&post=63033"}],"curies":[{"name":"wp","href":"https:\/\/api.w.org\/{rel}","templated":true}]}}