{"id":63027,"date":"2026-01-07T10:29:12","date_gmt":"2026-01-07T13:29:12","guid":{"rendered":"https:\/\/radiorevelacionfm.cl\/?p=63027"},"modified":"2026-01-07T10:29:12","modified_gmt":"2026-01-07T13:29:12","slug":"meteorologo-de-ciep-analiza-registro-historico-de-347o-de-temperatura-en-coyhaique-el-pasado-domingo","status":"publish","type":"post","link":"https:\/\/radiorevelacionfm.cl\/?p=63027","title":{"rendered":"Meteor\u00f3logo de CIEP analiza registro hist\u00f3rico de 34,7\u00ba de temperatura en Coyhaique el pasado domingo"},"content":{"rendered":"<div class=\"flex_column av_one_full  flex_column_div av-zero-column-padding first  avia-builder-el-0  el_before_av_one_full  avia-builder-el-first  \" style='border-radius:0px; '><div  class='avia-image-container  av-styling-    avia-builder-el-1  avia-builder-el-no-sibling  avia-align-center '  itemprop=\"image\" itemscope=\"itemscope\" itemtype=\"https:\/\/schema.org\/ImageObject\"  ><div class='avia-image-container-inner'><div class='avia-image-overlay-wrap'><img decoding=\"async\" class='wp-image-63028 avia-img-lazy-loading-not-63028 avia_image' src=\"https:\/\/radiorevelacionfm.cl\/wp-content\/uploads\/2026\/01\/Estacion-Meteorologica-CIEP-Puerto-Rio-Tranquilo-1-1.jpg\" alt='' title='Estaci\u00f3n Meteorol\u00f3gica CIEP Puerto R\u00edo Tranquilo (1) (1)' height=\"725\" width=\"802\"  itemprop=\"thumbnailUrl\" srcset=\"https:\/\/radiorevelacionfm.cl\/wp-content\/uploads\/2026\/01\/Estacion-Meteorologica-CIEP-Puerto-Rio-Tranquilo-1-1.jpg 802w, https:\/\/radiorevelacionfm.cl\/wp-content\/uploads\/2026\/01\/Estacion-Meteorologica-CIEP-Puerto-Rio-Tranquilo-1-1-300x271.jpg 300w, https:\/\/radiorevelacionfm.cl\/wp-content\/uploads\/2026\/01\/Estacion-Meteorologica-CIEP-Puerto-Rio-Tranquilo-1-1-768x694.jpg 768w, https:\/\/radiorevelacionfm.cl\/wp-content\/uploads\/2026\/01\/Estacion-Meteorologica-CIEP-Puerto-Rio-Tranquilo-1-1-705x637.jpg 705w, https:\/\/radiorevelacionfm.cl\/wp-content\/uploads\/2026\/01\/Estacion-Meteorologica-CIEP-Puerto-Rio-Tranquilo-1-1-450x407.jpg 450w, https:\/\/radiorevelacionfm.cl\/wp-content\/uploads\/2026\/01\/Estacion-Meteorologica-CIEP-Puerto-Rio-Tranquilo-1-1-600x542.jpg 600w\" sizes=\"(max-width: 802px) 100vw, 802px\" \/><\/div><\/div><\/div><\/div><div class=\"flex_column av_one_full  flex_column_div av-zero-column-padding first  avia-builder-el-2  el_after_av_one_full  el_before_av_one_full  column-top-margin\" style='border-radius:0px; '><section class=\"av_textblock_section \"  itemscope=\"itemscope\" itemtype=\"https:\/\/schema.org\/BlogPosting\" itemprop=\"blogPost\" ><div class='avia_textblock  '   itemprop=\"text\" ><div style=\"text-align: center;\"><\/div>\n<div style=\"text-align: center;\"><\/div>\n<div>\n<p style=\"text-align: center;\"><strong><span style=\"font-size: 18pt;\">Meteor\u00f3logo de CIEP analiza registro hist\u00f3rico de 34,7\u00ba de temperatura en Coyhaique el pasado domingo<\/span><\/strong><\/p>\n<\/div>\n<div id=\"gtx-trans\" style=\"position: absolute; left: -50px; top: 4.31534px;\">\n<div class=\"gtx-trans-icon\"><\/div>\n<\/div>\n<\/div><\/section><\/div><div class=\"flex_column av_one_full  flex_column_div av-zero-column-padding first  avia-builder-el-4  el_after_av_one_full  el_before_av_hr  column-top-margin\" style='border-radius:0px; '><section class=\"av_textblock_section \"  itemscope=\"itemscope\" itemtype=\"https:\/\/schema.org\/BlogPosting\" itemprop=\"blogPost\" ><div class='avia_textblock  '   itemprop=\"text\" ><p style=\"text-align: justify;\"><em>Se trata de uno de los episodios de calor m\u00e1s intensos registrados en m\u00e1s de siete d\u00e9cadas de medici\u00f3n, s\u00f3lo superado por el registro de enero de 1975 y el r\u00e9cord absoluto de febrero de 2019.<\/em><\/p>\n<p style=\"text-align: justify;\">Tras el primer fin de semana del a\u00f1o, se observaron y percibieron temperaturas inusuales para Coyhaique y gran parte de la Regi\u00f3n de Ays\u00e9n, que superaron los 30\u00b0C, lo cual fue monitoreado por el centro de ciencia regional CIEP, desde el Laboratorio EcoClim\u00e1tico.<\/p>\n<p style=\"text-align: justify;\">\u201cEste fin de semana se registr\u00f3 una ola de calor bien significativa en la Regi\u00f3n de Ays\u00e9n con temperaturas muy altas en toda la regi\u00f3n. En particular, en Coyhaique el pasado d\u00eda domingo se alcanzaron 34.7\u00b0C. Ese valor corresponde a la tercera temperatura m\u00e1s alta registrada en la estaci\u00f3n Teniente Vidal que pertenece a la Direcci\u00f3n Meteorol\u00f3gica de Chile, considerando que tiene datos desde 1952 en adelante\u201d, coment\u00f3 desde CIEP, el geof\u00edsico y meteor\u00f3logo Piero Mardones Bascu\u00f1\u00e1n.<\/p>\n<p style=\"text-align: justify;\">Agreg\u00f3 que para tener una referencia al respecto de lo excepcional de este registro, \u201cel r\u00e9cord absoluto ocurri\u00f3 en esta estaci\u00f3n el 4 de febrero del a\u00f1o 2019, alcanzando 35.7\u00b0C y la segunda temperatura m\u00e1s alta se registr\u00f3 el 27 de enero de 1975, con 35.6\u00b0C\u201d.<\/p>\n<p style=\"text-align: justify;\">El especialista del centro cient\u00edfico CIEP, explic\u00f3 adem\u00e1s que la temperatura alcanzada el pasado domingo junto con ser la tercera en m\u00e1s de 70 a\u00f1os de mediciones, \u201ccorresponde a la segunda temperatura m\u00e1s alta registrada en el mes de enero desde 1975 en Coyhaique. La otra m\u00e1s cercana hab\u00eda ocurrido en 2008, con 34\u00b0C. Tambi\u00e9n en Balmaceda se dio otro registro muy relevante, donde se alcanzaron 33.4 grados Celsius, y ah\u00ed s\u00ed corresponde a la temperatura m\u00e1s alta registrada hist\u00f3ricamente en el mes de enero para esa localidad. As\u00ed es que, en resumen, fue un episodio de calor muy intenso, poco frecuente en la regi\u00f3n, y que va a destacar en los registros hist\u00f3ricos por un buen par de a\u00f1os\u201d.<\/p>\n<p style=\"text-align: justify;\">CAMBIO CLIM\u00c1TICO Y ALTAS PRESIONES<\/p>\n<p style=\"text-align: justify;\">Piero Mardones explic\u00f3 que el mayor calor registrado en la zona durante este verano de 2026 se relaciona, principalmente, con la persistencia de sistemas de alta presi\u00f3n atmosf\u00e9rica sobre la regi\u00f3n. Este tipo de configuraciones atmosf\u00e9ricas favorece condiciones m\u00e1s estables, con menor presencia de nubosidad y cielos mayormente despejados, lo que permite una mayor entrada de radiaci\u00f3n solar durante el d\u00eda y, en consecuencia, temperaturas m\u00e1s elevadas en superficie.<\/p>\n<p style=\"text-align: justify;\">Agreg\u00f3 que la presencia prolongada de altas presiones tiende a alterar el r\u00e9gimen habitual de sistemas frontales caracter\u00edstico de la Patagonia, favoreciendo la ocurrencia de episodios de calor m\u00e1s intensos o persistentes en el tiempo.<\/p>\n<p style=\"text-align: justify;\">Por otra parte, el experto, advirti\u00f3 que un vector relevante es el cambio clim\u00e1tico que se observa en las \u00faltimas d\u00e9cadas, y que es producido por el ser humano.<\/p>\n<p style=\"text-align: justify;\">\u201cHan habido otros cambios tambi\u00e9n del clima en el pasado que se han asociado a causas naturales, que eran previos al predominio del ser humano en el planeta. Sin embargo, lo que hecho la humanidad desde el siglo pasado, principalmente, es lograr modificar la composici\u00f3n qu\u00edmica de la atm\u00f3sfera, \u00e9se ha sido el impacto que tenido la humanidad como su conjunto en el planeta. En particular hemos incrementado la concentraci\u00f3n de los gases de efecto invernadero, debido principalmente a la quema de combustibles f\u00f3siles, lo cual tiene, entre muchos otros efectos, una manifestaci\u00f3n en la temperatura que est\u00e1 aumentando a nivel global\u201d, asever\u00f3 el profesional del Laboratorio EcoClim\u00e1tico de CIEP.<\/p>\n<p style=\"text-align: justify;\">Efectos directos del aumento de la temperatura a largo plazo son una menor disponibilidad del recurso h\u00eddrico, por ejemplo, una menor acumulaci\u00f3n de nieve durante el invierno y, en consecuencia, una menor disponibilidad de agua durante el verano. Esta situaci\u00f3n puede generar afectaciones en la actividad agr\u00edcola y aumentar la ocurrencia de eventos extremos.<\/p>\n<p style=\"text-align: justify;\">Finalmente, indic\u00f3 que para los pr\u00f3ximos d\u00edas se esperan temperaturas m\u00e1ximas entre 20\u00b0 y 25\u00b0C en la Regi\u00f3n de Ays\u00e9n, con probabilidad de precipitaciones en algunos sectores, especialmente, en el sur del territorio regional.<\/p>\n<\/div><\/section><\/div><div  style='height:50px' class='hr hr-invisible   avia-builder-el-6  el_after_av_one_full  el_before_av_social_share '><span class='hr-inner ' ><span class='hr-inner-style'><\/span><\/span><\/div><\/p>\n<div  class='av-social-sharing-box  avia-builder-el-7  el_after_av_hr  el_before_av_hr  '><div class='av-share-box'><h5 class='av-share-link-description av-no-toc '>Compartir esta noticia<\/h5><ul class='av-share-box-list noLightbox'><li class='av-share-link av-social-link-facebook' ><a target=\"_blank\" aria-label=\"Compartir en Facebook\" href='https:\/\/www.facebook.com\/sharer.php?u=https:\/\/radiorevelacionfm.cl\/?p=63027&#038;t=Meteor%C3%B3logo%20de%20CIEP%20analiza%20registro%20hist%C3%B3rico%20de%2034%2C7%C2%BA%20de%20temperatura%20en%20Coyhaique%20el%20pasado%20domingo' aria-hidden='false' data-av_icon='\ue8f3' data-av_iconfont='entypo-fontello' title='' data-avia-related-tooltip='Compartir en Facebook' rel=\"noopener\"><span class='avia_hidden_link_text'>Compartir en Facebook<\/span><\/a><\/li><li class='av-share-link av-social-link-twitter' ><a target=\"_blank\" aria-label=\"Compartir en Twitter\" href='https:\/\/twitter.com\/share?text=Meteor%C3%B3logo%20de%20CIEP%20analiza%20registro%20hist%C3%B3rico%20de%2034%2C7%C2%BA%20de%20temperatura%20en%20Coyhaique%20el%20pasado%20domingo&#038;url=https:\/\/radiorevelacionfm.cl\/?p=63027' aria-hidden='false' data-av_icon='\ue8f1' data-av_iconfont='entypo-fontello' title='' data-avia-related-tooltip='Compartir en Twitter' rel=\"noopener\"><span class='avia_hidden_link_text'>Compartir en Twitter<\/span><\/a><\/li><li class='av-share-link av-social-link-whatsapp' ><a target=\"_blank\" aria-label=\"Compartir en Whatsapp\" href='https:\/\/api.whatsapp.com\/send?text=https:\/\/radiorevelacionfm.cl\/?p=63027' aria-hidden='false' data-av_icon='\uf232' data-av_iconfont='entypo-fontello' title='' data-avia-related-tooltip='Compartir en Whatsapp' rel=\"noopener\"><span class='avia_hidden_link_text'>Compartir en Whatsapp<\/span><\/a><\/li><li class='av-share-link av-social-link-linkedin' ><a target=\"_blank\" aria-label=\"Compartir en LinkedIn\" href='https:\/\/linkedin.com\/shareArticle?mini=true&#038;title=Meteor%C3%B3logo%20de%20CIEP%20analiza%20registro%20hist%C3%B3rico%20de%2034%2C7%C2%BA%20de%20temperatura%20en%20Coyhaique%20el%20pasado%20domingo&#038;url=https:\/\/radiorevelacionfm.cl\/?p=63027' aria-hidden='false' data-av_icon='\ue8fc' data-av_iconfont='entypo-fontello' title='' data-avia-related-tooltip='Compartir en LinkedIn' rel=\"noopener\"><span class='avia_hidden_link_text'>Compartir en LinkedIn<\/span><\/a><\/li><li class='av-share-link av-social-link-mail' ><a  aria-label=\"Compartir por correo\" href='mailto:?subject=Meteor%C3%B3logo%20de%20CIEP%20analiza%20registro%20hist%C3%B3rico%20de%2034%2C7%C2%BA%20de%20temperatura%20en%20Coyhaique%20el%20pasado%20domingo&#038;body=https:\/\/radiorevelacionfm.cl\/?p=63027' aria-hidden='false' data-av_icon='\ue805' data-av_iconfont='entypo-fontello' title='' data-avia-related-tooltip='Compartir por correo'><span class='avia_hidden_link_text'>Compartir por correo<\/span><\/a><\/li><\/ul><\/div><\/div>\n<div  style='height:50px' class='hr hr-invisible   avia-builder-el-8  el_after_av_social_share  el_before_av_comments_list '><span class='hr-inner ' ><span class='hr-inner-style'><\/span><\/span><\/div>\n<div  class='av-buildercomment  av-blog-meta-html-info-disabled av-blog-meta-tag-disabled  '><\/div>\n","protected":false},"excerpt":{"rendered":"","protected":false},"author":1,"featured_media":63028,"comment_status":"closed","ping_status":"closed","sticky":false,"template":"","format":"standard","meta":{"footnotes":""},"categories":[38],"tags":[],"class_list":["post-63027","post","type-post","status-publish","format-standard","has-post-thumbnail","hentry","category-regional"],"jetpack_featured_media_url":"https:\/\/radiorevelacionfm.cl\/wp-content\/uploads\/2026\/01\/Estacion-Meteorologica-CIEP-Puerto-Rio-Tranquilo-1-1.jpg","_links":{"self":[{"href":"https:\/\/radiorevelacionfm.cl\/index.php?rest_route=\/wp\/v2\/posts\/63027","targetHints":{"allow":["GET"]}}],"collection":[{"href":"https:\/\/radiorevelacionfm.cl\/index.php?rest_route=\/wp\/v2\/posts"}],"about":[{"href":"https:\/\/radiorevelacionfm.cl\/index.php?rest_route=\/wp\/v2\/types\/post"}],"author":[{"embeddable":true,"href":"https:\/\/radiorevelacionfm.cl\/index.php?rest_route=\/wp\/v2\/users\/1"}],"replies":[{"embeddable":true,"href":"https:\/\/radiorevelacionfm.cl\/index.php?rest_route=%2Fwp%2Fv2%2Fcomments&post=63027"}],"version-history":[{"count":2,"href":"https:\/\/radiorevelacionfm.cl\/index.php?rest_route=\/wp\/v2\/posts\/63027\/revisions"}],"predecessor-version":[{"id":63030,"href":"https:\/\/radiorevelacionfm.cl\/index.php?rest_route=\/wp\/v2\/posts\/63027\/revisions\/63030"}],"wp:featuredmedia":[{"embeddable":true,"href":"https:\/\/radiorevelacionfm.cl\/index.php?rest_route=\/wp\/v2\/media\/63028"}],"wp:attachment":[{"href":"https:\/\/radiorevelacionfm.cl\/index.php?rest_route=%2Fwp%2Fv2%2Fmedia&parent=63027"}],"wp:term":[{"taxonomy":"category","embeddable":true,"href":"https:\/\/radiorevelacionfm.cl\/index.php?rest_route=%2Fwp%2Fv2%2Fcategories&post=63027"},{"taxonomy":"post_tag","embeddable":true,"href":"https:\/\/radiorevelacionfm.cl\/index.php?rest_route=%2Fwp%2Fv2%2Ftags&post=63027"}],"curies":[{"name":"wp","href":"https:\/\/api.w.org\/{rel}","templated":true}]}}