{"id":6302,"date":"2021-07-15T10:45:56","date_gmt":"2021-07-15T13:45:56","guid":{"rendered":"https:\/\/radiorevelacionfm.cl\/?p=6302"},"modified":"2021-07-15T10:45:56","modified_gmt":"2021-07-15T13:45:56","slug":"locatarias-de-la-cooperativa-espacio-diseno-austral-se-reunieron-con-autoridades-de-fomento-productivo-y-cultural","status":"publish","type":"post","link":"https:\/\/radiorevelacionfm.cl\/?p=6302","title":{"rendered":"Locatarias de la Cooperativa Espacio Dise\u00f1o Austral se reunieron con autoridades de fomento productivo y cultural"},"content":{"rendered":"<div class=\"flex_column av_one_full  flex_column_div av-zero-column-padding first  avia-builder-el-0  el_before_av_one_full  avia-builder-el-first  \" style='border-radius:0px; '><div  class='avia-image-container  av-styling-    avia-builder-el-1  avia-builder-el-no-sibling  avia-align-center '  itemprop=\"image\" itemscope=\"itemscope\" itemtype=\"https:\/\/schema.org\/ImageObject\"  ><div class='avia-image-container-inner'><div class='avia-image-overlay-wrap'><img decoding=\"async\" class='wp-image-0 avia-img-lazy-loading-not-0 avia_image' src=\"https:\/\/radiorevelacionfm.cl\/wp-content\/uploads\/2021\/07\/ENCUENTRO-AUTORIDADES-Y-COOPERATIVA-EDA-4-1-1.jpeg\" alt='' title=''   itemprop=\"thumbnailUrl\"  \/><\/div><\/div><\/div><\/div><div class=\"flex_column av_one_full  flex_column_div av-zero-column-padding first  avia-builder-el-2  el_after_av_one_full  el_before_av_one_full  column-top-margin\" style='border-radius:0px; '><section class=\"av_textblock_section \"  itemscope=\"itemscope\" itemtype=\"https:\/\/schema.org\/BlogPosting\" itemprop=\"blogPost\" ><div class='avia_textblock  '   itemprop=\"text\" ><p style=\"text-align: center;\"><span style=\"font-size: 18pt;\"><b>Locatarias de la Cooperativa Espacio Dise\u00f1o Austral se reunieron con autoridades de fomento productivo y cultural<\/b><\/span><\/p>\n<div id=\"gtx-trans\" style=\"position: absolute; left: -50px; top: 4.31534px;\">\n<div class=\"gtx-trans-icon\"><\/div>\n<\/div>\n<\/div><\/section><\/div><div class=\"flex_column av_one_full  flex_column_div av-zero-column-padding first  avia-builder-el-4  el_after_av_one_full  el_before_av_hr  column-top-margin\" style='border-radius:0px; '><section class=\"av_textblock_section \"  itemscope=\"itemscope\" itemtype=\"https:\/\/schema.org\/BlogPosting\" itemprop=\"blogPost\" ><div class='avia_textblock  '   itemprop=\"text\" ><p style=\"font-weight: 400; text-align: justify;\">A trav\u00e9s de una visita al local de la Cooperativa Espacio Dise\u00f1o Austral, la Seremi de las Culturas y las Artes Ver\u00f3nica D\u00edaz, el Seremi de Econom\u00eda Carlos Pacheco y la Directora Regional de Sercotec Cinthya Pantanalli, entregaron informaci\u00f3n de los diversos instrumentos de apoyo a las emprendedoras y emprendedores locales que existen hoy a trav\u00e9s del Gobierno para ir en ayuda y apoyo a las Mypes en el marco de la pandemia.<\/p>\n<p style=\"font-weight: 400; text-align: justify;\">La idea, dijo la Seremi de las Culturas y las artes Ver\u00f3nica Diaz, es \u201cpromover todos los instrumentos y programas que tenemos como parte de la promoci\u00f3n y apoyo a las Industrias creativas que actualmente tenemos disponible junto con Corfo. Justamente esta Cooperativa EDA es uno de los motores del emprendimiento local con manufacturas realizadas desde la gente de Ays\u00e9n con sello local, adem\u00e1s lideradas por 7 mujeres que d\u00eda a d\u00eda entregan arte, dise\u00f1o y productos especiales con identidad regional\u201d.<\/p>\n<p style=\"font-weight: 400; text-align: justify;\">Emilia P\u00e9rez Lambert, locataria e integrante de la cooperativa explic\u00f3 as\u00ed el objetivo de este encuentro: \u201cEstamos conformes con la visita de las autoridades en nuestro local de exhibici\u00f3n y venta de nuestros productos que son \u00fanicos, con sello regional y con alta calidad en cada una de las manufacturas. Ac\u00e1 trabajamos con distintas materias primas regionales en m\u00e1s de un 80% y eso nos hace distintivas en nuestro modelo negocios. M\u00e1s que un producto entregamos un sello local, desde la regi\u00f3n de Ays\u00e9n y justamente por medio de esta charla pudimos conocer de primera fuente las m\u00faltiples herramientas de financiamiento, acompa\u00f1amiento y crecimiento de nuestro modelo de negocios desde las autoridades y eso es super bueno para nosotros\u201d, se\u00f1al\u00f3 la locataria.<\/p>\n<p style=\"font-weight: 400; text-align: justify;\">Por su parte el Seremi de Econom\u00eda enfatiz\u00f3 que \u201ctodas las integrantes de esta cooperativa han podido recibir el Bono de alivio a las Mypes y eso nos llena de orgullo ya que como mujeres emprendedoras pudieron acceder al 20% m\u00e1s de esta iniciativa destinado a mujeres. Financiamiento que les ayuda en parte a invertir en materias primas para la creaci\u00f3n y manufactura de nuevos productos y tambi\u00e9n para palear en parte los gastos fijos que han tenido producto de las bajas ventas en esta pandemia\u201d.<\/p>\n<p style=\"font-weight: 400; text-align: justify;\">La Directora Regional de Sercotec en tanto, valor\u00f3 la \u201ccreaci\u00f3n y venta de productos de las integrantes de esta cooperativa que desde un principio apoyamos con acompa\u00f1amiento desde Sercotec. A su vez, les reiteramos nuestro compromiso para seguir acompa\u00f1\u00e1ndolas en sus emprendimientos. Adem\u00e1s les actualizamos la informaci\u00f3n sobre cu\u00e1les son los programas que se vienen para este segundo semestre para consolidar su modelo de negocios tan particular como lo es a trav\u00e9s de su cooperativa\u201d.<\/p>\n<p style=\"font-weight: 400; text-align: justify;\">Esta actividad se enmarca en una serie de visitas a terreno que las autoridades de fomento productivo y Cultura est\u00e1n realizando en diversas comunas de Ays\u00e9n, para resolver dudas e instar a las y los emprendedores a que se formalicen y as\u00ed puedan acceder a los m\u00faltiples beneficios que actualmente est\u00e1n destinadas a las Mypes tanto en el marco de la pandemia, como para el proceso de reactivaci\u00f3n econ\u00f3mica que se viene post pandemia.<\/p>\n<\/div><\/section><\/div><div  style='height:50px' class='hr hr-invisible   avia-builder-el-6  el_after_av_one_full  el_before_av_social_share '><span class='hr-inner ' ><span class='hr-inner-style'><\/span><\/span><\/div><\/p>\n<div  class='av-social-sharing-box  avia-builder-el-7  el_after_av_hr  el_before_av_hr  '><div class='av-share-box'><h5 class='av-share-link-description av-no-toc '>Compartir esta noticia<\/h5><ul class='av-share-box-list noLightbox'><li class='av-share-link av-social-link-facebook' ><a target=\"_blank\" aria-label=\"Compartir en Facebook\" href='https:\/\/www.facebook.com\/sharer.php?u=https:\/\/radiorevelacionfm.cl\/?p=6302&#038;t=Locatarias%20de%20la%20Cooperativa%20Espacio%20Dise%C3%B1o%20Austral%20se%20reunieron%20con%20autoridades%20de%20fomento%20productivo%20y%20cultural' aria-hidden='false' data-av_icon='\ue8f3' data-av_iconfont='entypo-fontello' title='' data-avia-related-tooltip='Compartir en Facebook' rel=\"noopener\"><span class='avia_hidden_link_text'>Compartir en Facebook<\/span><\/a><\/li><li class='av-share-link av-social-link-twitter' ><a target=\"_blank\" aria-label=\"Compartir en Twitter\" href='https:\/\/twitter.com\/share?text=Locatarias%20de%20la%20Cooperativa%20Espacio%20Dise%C3%B1o%20Austral%20se%20reunieron%20con%20autoridades%20de%20fomento%20productivo%20y%20cultural&#038;url=https:\/\/radiorevelacionfm.cl\/?p=6302' aria-hidden='false' data-av_icon='\ue8f1' data-av_iconfont='entypo-fontello' title='' data-avia-related-tooltip='Compartir en Twitter' rel=\"noopener\"><span class='avia_hidden_link_text'>Compartir en Twitter<\/span><\/a><\/li><li class='av-share-link av-social-link-whatsapp' ><a target=\"_blank\" aria-label=\"Compartir en Whatsapp\" href='https:\/\/api.whatsapp.com\/send?text=https:\/\/radiorevelacionfm.cl\/?p=6302' aria-hidden='false' data-av_icon='\uf232' data-av_iconfont='entypo-fontello' title='' data-avia-related-tooltip='Compartir en Whatsapp' rel=\"noopener\"><span class='avia_hidden_link_text'>Compartir en Whatsapp<\/span><\/a><\/li><li class='av-share-link av-social-link-linkedin' ><a target=\"_blank\" aria-label=\"Compartir en LinkedIn\" href='https:\/\/linkedin.com\/shareArticle?mini=true&#038;title=Locatarias%20de%20la%20Cooperativa%20Espacio%20Dise%C3%B1o%20Austral%20se%20reunieron%20con%20autoridades%20de%20fomento%20productivo%20y%20cultural&#038;url=https:\/\/radiorevelacionfm.cl\/?p=6302' aria-hidden='false' data-av_icon='\ue8fc' data-av_iconfont='entypo-fontello' title='' data-avia-related-tooltip='Compartir en LinkedIn' rel=\"noopener\"><span class='avia_hidden_link_text'>Compartir en LinkedIn<\/span><\/a><\/li><li class='av-share-link av-social-link-mail' ><a  aria-label=\"Compartir por correo\" href='mailto:?subject=Locatarias%20de%20la%20Cooperativa%20Espacio%20Dise%C3%B1o%20Austral%20se%20reunieron%20con%20autoridades%20de%20fomento%20productivo%20y%20cultural&#038;body=https:\/\/radiorevelacionfm.cl\/?p=6302' aria-hidden='false' data-av_icon='\ue805' data-av_iconfont='entypo-fontello' title='' data-avia-related-tooltip='Compartir por correo'><span class='avia_hidden_link_text'>Compartir por correo<\/span><\/a><\/li><\/ul><\/div><\/div>\n<div  style='height:50px' class='hr hr-invisible   avia-builder-el-8  el_after_av_social_share  el_before_av_comments_list '><span class='hr-inner ' ><span class='hr-inner-style'><\/span><\/span><\/div>\n<div  class='av-buildercomment  av-blog-meta-html-info-disabled av-blog-meta-tag-disabled  '><\/div>\n","protected":false},"excerpt":{"rendered":"","protected":false},"author":1,"featured_media":0,"comment_status":"open","ping_status":"open","sticky":false,"template":"","format":"standard","meta":{"footnotes":""},"categories":[37],"tags":[],"class_list":["post-6302","post","type-post","status-publish","format-standard","hentry","category-economia"],"jetpack_featured_media_url":"","_links":{"self":[{"href":"https:\/\/radiorevelacionfm.cl\/index.php?rest_route=\/wp\/v2\/posts\/6302","targetHints":{"allow":["GET"]}}],"collection":[{"href":"https:\/\/radiorevelacionfm.cl\/index.php?rest_route=\/wp\/v2\/posts"}],"about":[{"href":"https:\/\/radiorevelacionfm.cl\/index.php?rest_route=\/wp\/v2\/types\/post"}],"author":[{"embeddable":true,"href":"https:\/\/radiorevelacionfm.cl\/index.php?rest_route=\/wp\/v2\/users\/1"}],"replies":[{"embeddable":true,"href":"https:\/\/radiorevelacionfm.cl\/index.php?rest_route=%2Fwp%2Fv2%2Fcomments&post=6302"}],"version-history":[{"count":1,"href":"https:\/\/radiorevelacionfm.cl\/index.php?rest_route=\/wp\/v2\/posts\/6302\/revisions"}],"predecessor-version":[{"id":6304,"href":"https:\/\/radiorevelacionfm.cl\/index.php?rest_route=\/wp\/v2\/posts\/6302\/revisions\/6304"}],"wp:attachment":[{"href":"https:\/\/radiorevelacionfm.cl\/index.php?rest_route=%2Fwp%2Fv2%2Fmedia&parent=6302"}],"wp:term":[{"taxonomy":"category","embeddable":true,"href":"https:\/\/radiorevelacionfm.cl\/index.php?rest_route=%2Fwp%2Fv2%2Fcategories&post=6302"},{"taxonomy":"post_tag","embeddable":true,"href":"https:\/\/radiorevelacionfm.cl\/index.php?rest_route=%2Fwp%2Fv2%2Ftags&post=6302"}],"curies":[{"name":"wp","href":"https:\/\/api.w.org\/{rel}","templated":true}]}}