{"id":63017,"date":"2026-01-06T18:16:15","date_gmt":"2026-01-06T21:16:15","guid":{"rendered":"https:\/\/radiorevelacionfm.cl\/?p=63017"},"modified":"2026-01-06T18:16:15","modified_gmt":"2026-01-06T21:16:15","slug":"aysen-presenta-el-calendario-de-actividades-para-su-98-aniversario","status":"publish","type":"post","link":"https:\/\/radiorevelacionfm.cl\/?p=63017","title":{"rendered":"Ays\u00e9n presenta el calendario de actividades para su 98\u00b0 aniversario"},"content":{"rendered":"<div class=\"flex_column av_one_full  flex_column_div av-zero-column-padding first  avia-builder-el-0  el_before_av_one_full  avia-builder-el-first  \" style='border-radius:0px; '><div  class='avia-image-container  av-styling-    avia-builder-el-1  avia-builder-el-no-sibling  avia-align-center '  itemprop=\"image\" itemscope=\"itemscope\" itemtype=\"https:\/\/schema.org\/ImageObject\"  ><div class='avia-image-container-inner'><div class='avia-image-overlay-wrap'><img decoding=\"async\" class='wp-image-63018 avia-img-lazy-loading-not-63018 avia_image' src=\"https:\/\/radiorevelacionfm.cl\/wp-content\/uploads\/2026\/01\/611188081_18302736520257408_3005927600391531031_n-1_optimized.jpg\" alt='' title='611188081_18302736520257408_3005927600391531031_n-(1)_optimized' height=\"600\" width=\"1067\"  itemprop=\"thumbnailUrl\" srcset=\"https:\/\/radiorevelacionfm.cl\/wp-content\/uploads\/2026\/01\/611188081_18302736520257408_3005927600391531031_n-1_optimized.jpg 1067w, https:\/\/radiorevelacionfm.cl\/wp-content\/uploads\/2026\/01\/611188081_18302736520257408_3005927600391531031_n-1_optimized-300x169.jpg 300w, https:\/\/radiorevelacionfm.cl\/wp-content\/uploads\/2026\/01\/611188081_18302736520257408_3005927600391531031_n-1_optimized-1030x579.jpg 1030w, https:\/\/radiorevelacionfm.cl\/wp-content\/uploads\/2026\/01\/611188081_18302736520257408_3005927600391531031_n-1_optimized-768x432.jpg 768w, https:\/\/radiorevelacionfm.cl\/wp-content\/uploads\/2026\/01\/611188081_18302736520257408_3005927600391531031_n-1_optimized-705x396.jpg 705w, https:\/\/radiorevelacionfm.cl\/wp-content\/uploads\/2026\/01\/611188081_18302736520257408_3005927600391531031_n-1_optimized-450x253.jpg 450w, https:\/\/radiorevelacionfm.cl\/wp-content\/uploads\/2026\/01\/611188081_18302736520257408_3005927600391531031_n-1_optimized-600x337.jpg 600w\" sizes=\"(max-width: 1067px) 100vw, 1067px\" \/><\/div><\/div><\/div><\/div><div class=\"flex_column av_one_full  flex_column_div av-zero-column-padding first  avia-builder-el-2  el_after_av_one_full  el_before_av_one_full  column-top-margin\" style='border-radius:0px; '><section class=\"av_textblock_section \"  itemscope=\"itemscope\" itemtype=\"https:\/\/schema.org\/BlogPosting\" itemprop=\"blogPost\" ><div class='avia_textblock  '   itemprop=\"text\" ><p style=\"text-align: center;\"><strong><span style=\"font-size: 18pt;\">Ays\u00e9n presenta el calendario de actividades para su 98\u00b0 aniversario<\/span><\/strong><\/p>\n<div id=\"gtx-trans\" style=\"position: absolute; left: -50px; top: 4.31534px;\">\n<div class=\"gtx-trans-icon\"><\/div>\n<\/div>\n<\/div><\/section><\/div><div class=\"flex_column av_one_full  flex_column_div av-zero-column-padding first  avia-builder-el-4  el_after_av_one_full  el_before_av_hr  column-top-margin\" style='border-radius:0px; '><section class=\"av_textblock_section \"  itemscope=\"itemscope\" itemtype=\"https:\/\/schema.org\/BlogPosting\" itemprop=\"blogPost\" ><div class='avia_textblock  '   itemprop=\"text\" ><p style=\"text-align: justify;\"><em>Durante el mes de enero, Puerto Ays\u00e9n se convertir\u00e1 en un punto de encuentro para vecinos y turistas, en el marco de la celebraci\u00f3n de su 98\u00b0 aniversario. La comuna contar\u00e1 con una variada programaci\u00f3n que incluir\u00e1 artistas nacionales e internacionales, actividades para ni\u00f1os, j\u00f3venes, adultos y personas mayores, adem\u00e1s de m\u00faltiples espacios de encuentro comunitario y fomento al turismo local.<\/em><\/p>\n<p style=\"text-align: justify;\">Este 28 de enero, Puerto Ays\u00e9n cumple 98 a\u00f1os desde su fundaci\u00f3n oficial, motivo por el cual la Municipalidad de Ays\u00e9n, en conjunto con diversas organizaciones locales, ha preparado una parrilla program\u00e1tica especial dirigida a toda la comunidad y a quienes visiten la comuna durante estas fechas.<\/p>\n<p style=\"text-align: justify;\">Al respecto, el alcalde de Ays\u00e9n, Luis Mart\u00ednez, destac\u00f3 el esfuerzo realizado para concretar la programaci\u00f3n, \u201cestamos muy contentos, porque no ha sido f\u00e1cil construir esta parrilla. Vivimos tiempos complejos, especialmente en materia de licitaciones, pero hemos logrado sacar esto adelante para que la comuna tenga lo que se merece. Entendemos adem\u00e1s estas actividades como una inversi\u00f3n en fomento productivo, que permite a nuestros vecinos desarrollar distintas iniciativas durante el mes de aniversario\u201d.<\/p>\n<p style=\"text-align: justify;\">En la misma l\u00ednea, la directora de Desarrollo Comunitario, <strong>Karina Montecinos<\/strong>, relev\u00f3 el enfoque integral de la programaci\u00f3n,\u201ceste aniversario cuenta con una parrilla que presenta una combinaci\u00f3n bastante equilibrada entre artistas nacionales e internacionales, pero, tal como lo se\u00f1alaba el alcalde, tambi\u00e9n dando la cabida y la importancia que merecen nuestros artistas locales. Esto, adem\u00e1s, genera un importante apoyo al fomento productivo y responde a una de nuestras directrices fundamentales, que es promover el turismo en la comuna\u201d.<\/p>\n<p style=\"text-align: justify;\">Tras un trabajo previo de planificaci\u00f3n y coordinaci\u00f3n con organizaciones locales, las actividades comenzar\u00e1n el <strong>viernes 9 de enero<\/strong>. Ese d\u00eda se realizar\u00e1 la tradicional <strong>Coronaci\u00f3n de la Reina de Puerto Ays\u00e9n<\/strong>, instancia en la que ocho mujeres de la comuna competir\u00e1n destacando su compromiso social y liderazgo comunitario. El evento se desarrollar\u00e1 desde las 20:00 horas en el <strong>Parque Municipal (ex Isla D\u00edaz)<\/strong> y contar\u00e1 con presentaciones de artistas locales y la destacada participaci\u00f3n de la cantante nacional <strong>Mar\u00eda Jos\u00e9 Quintanilla<\/strong>.<\/p>\n<p style=\"text-align: justify;\">El <strong>s\u00e1bado 10 y domingo 11 <\/strong>se llevar\u00e1 a cabo la <strong>Fiesta de la Cerveza<\/strong>, desde las 12:00 horas en el Parque Municipal, reuniendo a cervecer\u00edas de la zona en su encuentro m\u00e1s grande hasta la fecha, acompa\u00f1ado de bandas locales durante la jornada. En horario nocturno, desde las 20:00 horas, el escenario principal recibir\u00e1 el s\u00e1bado a <strong>Los Peregrinos del Amor<\/strong> y <strong>Koki y su Banda Tropical<\/strong>, mientras que el domingo se presentar\u00e1n <strong>Toly Fu<\/strong> y el argentino <strong>Luck Ra<\/strong>.<\/p>\n<p style=\"text-align: justify;\">La programaci\u00f3n tambi\u00e9n contempla actividades como <strong>Plaza Viva de Friosur<\/strong>, el primer festival <strong>\u201cParentela y Talento, todos al encuentro\u201d<\/strong>, <strong>Bibliocine<\/strong>, la <strong>Muestra de Artes Esc\u00e9nicas Inclusivas<\/strong> y el <strong>Festival de Talentos de SENDA Previene \u201cDescubriendo Estrellas en la comuna de Ays\u00e9n 2026\u201d<\/strong>.<\/p>\n<p style=\"text-align: justify;\">El <strong>viernes 16 de enero<\/strong>, desde las 20:00 horas, el Parque Municipal recibir\u00e1 a las bandas <strong>Kudai<\/strong> y <strong>Francisca Valenzuela<\/strong>. El <strong>s\u00e1bado 17<\/strong>, a partir de las 15:00 horas, se desarrollar\u00e1 la <strong>Feria de Emprendedores<\/strong> y la actividad infantil y juvenil <strong>\u201cSummer Kids Fest\u201d<\/strong>, para luego dar paso, desde las 20:00 horas, a las presentaciones de <strong>Arte Elegante<\/strong> y <strong>Lucky Brown<\/strong>. El <strong>domingo 18<\/strong> continuar\u00e1 la feria, se realizar\u00e1 a las 12:00 horas el evento solidario <strong>\u201cReinetita por Rehabilita\u201d<\/strong>, y la jornada finalizar\u00e1 con las presentaciones de <strong>Sonora 5 Estrellas<\/strong>, <strong>Sonora Bar\u00f3n<\/strong> y <strong>Sharon y Los Camperos<\/strong>.<\/p>\n<p style=\"text-align: justify;\">El <strong>jueves 22 de enero<\/strong> se desarrollar\u00e1 el evento <strong>\u201cEnerg\u00eda Mayor\u201d<\/strong>, especialmente pensado para las personas mayores de la comuna, el cual contar\u00e1 con m\u00fasica en vivo a cargo de <strong>Jonathan y su Banda<\/strong>. Ese mismo fin de semana se realizar\u00e1 la <strong>Feria Tradiciones<\/strong>, que reunir\u00e1 a distintos conjuntos folcl\u00f3ricos de la comuna de Ays\u00e9n desde las 12:00 horas en la Plaza de Ays\u00e9n.<\/p>\n<p style=\"text-align: justify;\">Finalmente, el <strong>mi\u00e9rcoles 28 de enero<\/strong>, a las 21:30 horas en la Plaza de Armas, se llevar\u00e1 a cabo la presentaci\u00f3n de <strong>Carros Aleg\u00f3ricos<\/strong>, tradici\u00f3n que regresa este a\u00f1o a la programaci\u00f3n aniversario. Las celebraciones concluir\u00e1n el <strong>viernes 30 y s\u00e1bado 31 de enero<\/strong> con la <strong>Expo Aniversario Ays\u00e9n<\/strong>, evento que contar\u00e1 con la participaci\u00f3n de nuevos artistas nacionales e internacionales, los cuales ser\u00e1n anunciados pr\u00f3ximamente por la Municipalidad de Ays\u00e9n.<\/p>\n<p style=\"text-align: justify;\">Los detalles y la programaci\u00f3n completa, as\u00ed como cambios en la parrilla, se podr\u00e1n encontrar en las redes sociales de la Ilustre Municipalidad de Ays\u00e9n.<\/p>\n<\/div><\/section><\/div><div  style='height:50px' class='hr hr-invisible   avia-builder-el-6  el_after_av_one_full  el_before_av_social_share '><span class='hr-inner ' ><span class='hr-inner-style'><\/span><\/span><\/div><\/p>\n<div  class='av-social-sharing-box  avia-builder-el-7  el_after_av_hr  el_before_av_hr  '><div class='av-share-box'><h5 class='av-share-link-description av-no-toc '>Compartir esta noticia<\/h5><ul class='av-share-box-list noLightbox'><li class='av-share-link av-social-link-facebook' ><a target=\"_blank\" aria-label=\"Compartir en Facebook\" href='https:\/\/www.facebook.com\/sharer.php?u=https:\/\/radiorevelacionfm.cl\/?p=63017&#038;t=Ays%C3%A9n%20presenta%20el%20calendario%20de%20actividades%20para%20su%2098%C2%B0%20aniversario' aria-hidden='false' data-av_icon='\ue8f3' data-av_iconfont='entypo-fontello' title='' data-avia-related-tooltip='Compartir en Facebook' rel=\"noopener\"><span class='avia_hidden_link_text'>Compartir en Facebook<\/span><\/a><\/li><li class='av-share-link av-social-link-twitter' ><a target=\"_blank\" aria-label=\"Compartir en Twitter\" href='https:\/\/twitter.com\/share?text=Ays%C3%A9n%20presenta%20el%20calendario%20de%20actividades%20para%20su%2098%C2%B0%20aniversario&#038;url=https:\/\/radiorevelacionfm.cl\/?p=63017' aria-hidden='false' data-av_icon='\ue8f1' data-av_iconfont='entypo-fontello' title='' data-avia-related-tooltip='Compartir en Twitter' rel=\"noopener\"><span class='avia_hidden_link_text'>Compartir en Twitter<\/span><\/a><\/li><li class='av-share-link av-social-link-whatsapp' ><a target=\"_blank\" aria-label=\"Compartir en Whatsapp\" href='https:\/\/api.whatsapp.com\/send?text=https:\/\/radiorevelacionfm.cl\/?p=63017' aria-hidden='false' data-av_icon='\uf232' data-av_iconfont='entypo-fontello' title='' data-avia-related-tooltip='Compartir en Whatsapp' rel=\"noopener\"><span class='avia_hidden_link_text'>Compartir en Whatsapp<\/span><\/a><\/li><li class='av-share-link av-social-link-linkedin' ><a target=\"_blank\" aria-label=\"Compartir en LinkedIn\" href='https:\/\/linkedin.com\/shareArticle?mini=true&#038;title=Ays%C3%A9n%20presenta%20el%20calendario%20de%20actividades%20para%20su%2098%C2%B0%20aniversario&#038;url=https:\/\/radiorevelacionfm.cl\/?p=63017' aria-hidden='false' data-av_icon='\ue8fc' data-av_iconfont='entypo-fontello' title='' data-avia-related-tooltip='Compartir en LinkedIn' rel=\"noopener\"><span class='avia_hidden_link_text'>Compartir en LinkedIn<\/span><\/a><\/li><li class='av-share-link av-social-link-mail' ><a  aria-label=\"Compartir por correo\" href='mailto:?subject=Ays%C3%A9n%20presenta%20el%20calendario%20de%20actividades%20para%20su%2098%C2%B0%20aniversario&#038;body=https:\/\/radiorevelacionfm.cl\/?p=63017' aria-hidden='false' data-av_icon='\ue805' data-av_iconfont='entypo-fontello' title='' data-avia-related-tooltip='Compartir por correo'><span class='avia_hidden_link_text'>Compartir por correo<\/span><\/a><\/li><\/ul><\/div><\/div>\n<div  style='height:50px' class='hr hr-invisible   avia-builder-el-8  el_after_av_social_share  el_before_av_comments_list '><span class='hr-inner ' ><span class='hr-inner-style'><\/span><\/span><\/div>\n<div  class='av-buildercomment  av-blog-meta-html-info-disabled av-blog-meta-tag-disabled  '><\/div>\n","protected":false},"excerpt":{"rendered":"","protected":false},"author":1,"featured_media":63018,"comment_status":"closed","ping_status":"closed","sticky":false,"template":"","format":"standard","meta":{"footnotes":""},"categories":[38],"tags":[],"class_list":["post-63017","post","type-post","status-publish","format-standard","has-post-thumbnail","hentry","category-regional"],"jetpack_featured_media_url":"https:\/\/radiorevelacionfm.cl\/wp-content\/uploads\/2026\/01\/611188081_18302736520257408_3005927600391531031_n-1_optimized.jpg","_links":{"self":[{"href":"https:\/\/radiorevelacionfm.cl\/index.php?rest_route=\/wp\/v2\/posts\/63017","targetHints":{"allow":["GET"]}}],"collection":[{"href":"https:\/\/radiorevelacionfm.cl\/index.php?rest_route=\/wp\/v2\/posts"}],"about":[{"href":"https:\/\/radiorevelacionfm.cl\/index.php?rest_route=\/wp\/v2\/types\/post"}],"author":[{"embeddable":true,"href":"https:\/\/radiorevelacionfm.cl\/index.php?rest_route=\/wp\/v2\/users\/1"}],"replies":[{"embeddable":true,"href":"https:\/\/radiorevelacionfm.cl\/index.php?rest_route=%2Fwp%2Fv2%2Fcomments&post=63017"}],"version-history":[{"count":2,"href":"https:\/\/radiorevelacionfm.cl\/index.php?rest_route=\/wp\/v2\/posts\/63017\/revisions"}],"predecessor-version":[{"id":63020,"href":"https:\/\/radiorevelacionfm.cl\/index.php?rest_route=\/wp\/v2\/posts\/63017\/revisions\/63020"}],"wp:featuredmedia":[{"embeddable":true,"href":"https:\/\/radiorevelacionfm.cl\/index.php?rest_route=\/wp\/v2\/media\/63018"}],"wp:attachment":[{"href":"https:\/\/radiorevelacionfm.cl\/index.php?rest_route=%2Fwp%2Fv2%2Fmedia&parent=63017"}],"wp:term":[{"taxonomy":"category","embeddable":true,"href":"https:\/\/radiorevelacionfm.cl\/index.php?rest_route=%2Fwp%2Fv2%2Fcategories&post=63017"},{"taxonomy":"post_tag","embeddable":true,"href":"https:\/\/radiorevelacionfm.cl\/index.php?rest_route=%2Fwp%2Fv2%2Ftags&post=63017"}],"curies":[{"name":"wp","href":"https:\/\/api.w.org\/{rel}","templated":true}]}}