{"id":63014,"date":"2026-01-07T11:15:33","date_gmt":"2026-01-07T14:15:33","guid":{"rendered":"https:\/\/radiorevelacionfm.cl\/?p=63014"},"modified":"2026-01-07T11:15:33","modified_gmt":"2026-01-07T14:15:33","slug":"presidenta-gloria-ana-chevesich-estamos-aqui-para-servir-no-para-servirnos-del-cargo","status":"publish","type":"post","link":"https:\/\/radiorevelacionfm.cl\/?p=63014","title":{"rendered":"Presidenta Gloria Ana Chevesich: \u201cEstamos aqu\u00ed para servir, no para servirnos del cargo\u201d"},"content":{"rendered":"<div class=\"flex_column av_one_full  flex_column_div av-zero-column-padding first  avia-builder-el-0  el_before_av_one_full  avia-builder-el-first  \" style='border-radius:0px; '><div  class='avia-image-container  av-styling-    avia-builder-el-1  avia-builder-el-no-sibling  avia-align-center '  itemprop=\"image\" itemscope=\"itemscope\" itemtype=\"https:\/\/schema.org\/ImageObject\"  ><div class='avia-image-container-inner'><div class='avia-image-overlay-wrap'><img decoding=\"async\" class='wp-image-63015 avia-img-lazy-loading-not-63015 avia_image' src=\"https:\/\/radiorevelacionfm.cl\/wp-content\/uploads\/2026\/01\/Foto-2-ministra-1-1.jpg\" alt='' title='Foto 2 ministra (1) (1)' height=\"600\" width=\"888\"  itemprop=\"thumbnailUrl\" srcset=\"https:\/\/radiorevelacionfm.cl\/wp-content\/uploads\/2026\/01\/Foto-2-ministra-1-1.jpg 888w, https:\/\/radiorevelacionfm.cl\/wp-content\/uploads\/2026\/01\/Foto-2-ministra-1-1-300x203.jpg 300w, https:\/\/radiorevelacionfm.cl\/wp-content\/uploads\/2026\/01\/Foto-2-ministra-1-1-768x519.jpg 768w, https:\/\/radiorevelacionfm.cl\/wp-content\/uploads\/2026\/01\/Foto-2-ministra-1-1-705x476.jpg 705w, https:\/\/radiorevelacionfm.cl\/wp-content\/uploads\/2026\/01\/Foto-2-ministra-1-1-450x304.jpg 450w, https:\/\/radiorevelacionfm.cl\/wp-content\/uploads\/2026\/01\/Foto-2-ministra-1-1-600x405.jpg 600w\" sizes=\"(max-width: 888px) 100vw, 888px\" \/><\/div><\/div><\/div><\/div><div class=\"flex_column av_one_full  flex_column_div av-zero-column-padding first  avia-builder-el-2  el_after_av_one_full  el_before_av_one_full  column-top-margin\" style='border-radius:0px; '><section class=\"av_textblock_section \"  itemscope=\"itemscope\" itemtype=\"https:\/\/schema.org\/BlogPosting\" itemprop=\"blogPost\" ><div class='avia_textblock  '   itemprop=\"text\" ><p style=\"text-align: center;\"><strong><span style=\"font-size: 18pt;\">Presidenta Gloria Ana Chevesich: \u201cEstamos aqu\u00ed para servir, no para servirnos del cargo\u201d\u00a0<\/span><\/strong><\/p>\n<div id=\"gtx-trans\" style=\"position: absolute; left: -50px; top: 4.31534px;\">\n<div class=\"gtx-trans-icon\"><\/div>\n<\/div>\n<\/div><\/section><\/div><div class=\"flex_column av_one_full  flex_column_div av-zero-column-padding first  avia-builder-el-4  el_after_av_one_full  el_before_av_hr  column-top-margin\" style='border-radius:0px; '><section class=\"av_textblock_section \"  itemscope=\"itemscope\" itemtype=\"https:\/\/schema.org\/BlogPosting\" itemprop=\"blogPost\" ><div class='avia_textblock  '   itemprop=\"text\" ><p style=\"text-align: justify;\"><em>Cuando se deja de confiar en la justicia no s\u00f3lo se resiente el servicio judicial, sino tambi\u00e9n el Estado de Derecho, y el sistema democr\u00e1tico\u201d.<\/em><\/p>\n<p style=\"text-align: justify;\">La presidenta de la Corte Suprema, Gloria Ana Chevesich Ruiz, en su primer discurso a la cabeza del Poder Judicial, asever\u00f3 que las faltas a la probidad que se han detectado en el \u00faltimo tiempo resienten no s\u00f3lo al Poder Judicial, sino a que todo el sistema democr\u00e1tico. Adem\u00e1s, fue enf\u00e1tica en resaltar que la gran mayor\u00eda de los funcionarios\u00a0\u00a0ejerce el servicio de justicia de manera profesional, seria y abnegada.<\/p>\n<p style=\"text-align: justify;\">En la simb\u00f3lica ceremonia en que asumi\u00f3 como la primera mujer presidenta de la Corte Suprema en m\u00e1s de 200 a\u00f1os de historia y a la que asisti\u00f3 el Presidente de la Rep\u00fablica, Gabriel Boric Font, y diversas autoridades nacionales, la ministra Chevesich reconoci\u00f3 que el \u00faltimo tiempo han existido dificultades las que hay superar siempre de cara a la ciudadan\u00eda.<\/p>\n<p style=\"text-align: justify;\">\u201cUna administraci\u00f3n de justicia que se aparta de sus deberes de independencia, imparcialidad, probidad, sobriedad y decoro, no s\u00f3lo importa un abandono de sus deberes esenciales sino que produce lo que ahora, por desgracia, tenemos: desprestigio, desconfianza, falta de credibilidad. Bien sabido es, que cuando se deja de confiar en la justicia no s\u00f3lo se resiente el servicio judicial, sino tambi\u00e9n el Estado de Derecho, y, todav\u00eda m\u00e1s, el sistema democr\u00e1tico\u201d, dijo.<\/p>\n<p style=\"text-align: justify;\">La magistrada reconoci\u00f3 la existencia de una percepci\u00f3n ciudadana de dos clases de justicia -una para los ricos y otra para los pobres- y record\u00f3 que lo que enaltece la labor judicial es el trato igualitario a todas las personas.<\/p>\n<p style=\"text-align: justify;\">\u00a0\u201cEn lo personal, rechazo rotundamente a quienes pretenden hacer valer supuestos privilegios y he dado muestras de ello (\u2026) Lo que enaltece nuestra labor es, entre otras cosas, el trato igualitario que debemos dar a todos los justiciables\u201d, continu\u00f3 la presidenta Chevesich.<\/p>\n<p style=\"text-align: justify;\">La autoridad destac\u00f3 que conoce m\u00e1s de 465 cortes, tribunales y unidades judiciales y todos realizan un trabajo permanente y prob\u00f3, por lo que no se debe creer que las faltas a la probidad son la regla. \u201cNo quiero relativizar lo ocurrido, pero ello no puede significar que dicha percepci\u00f3n alcance a todas las personas que formamos parte de este poder del Estado y que merezcamos los duros ep\u00edtetos con que algunos se refieren a nosotros.\u00a0\u00a0En el Poder Judicial trabajan alrededor de 14.000 personas que forman parte de los Escalafones Primario y Secundario y del Personal de Empleados. (\u2026) En cada lugar constat\u00e9 el trabajo profesional, serio y abnegado de todas las personas que en ellos laboran, comprometidas verdaderamente con prestar un mejor servicio, por lo que me parece injusto y me duele que, por los actos reprochables de algunos pocos, suframos las consecuencias quienes cumplimos honestamente con nuestro deber\u201d.<\/p>\n<p style=\"text-align: justify;\">\u201cEn nombre de ellas, alzo mi voz para protestar y decir que lo hecho por algunos pocos, no puede ser un estigma para la inmensa mayor\u00eda que trabajamos honesta y esforzadamente.\u00a0\u00a0Puede haber otros que tengan o hayan tenido similares conductas, no tengo como afirmarlo ni negarlo, pero de lo que s\u00ed estoy segura, es que una gran mayor\u00eda de nosotros estamos conscientes que somos servidores p\u00fablicos y que por sobre cualquier cargo o dignidad que tengamos, nos debemos al servicio p\u00fablico que libremente elegimos seguir. Estamos aqu\u00ed para servir, no para servirnos del cargo, \u00e9sta debe ser la premisa a partir de la cual debemos hacer las profundas reflexiones a que nos llaman los tiempos que vivimos\u201d, sentenci\u00f3.<\/p>\n<p style=\"text-align: justify;\"><b>La primera presidenta de la Corte Suprema<\/b><\/p>\n<p style=\"text-align: justify;\">La magistrada tuvo, adem\u00e1s, palabras para el hito que significa su llegada al m\u00e1s alto cargo en la magistratura del pa\u00eds en m\u00e1s de 200 a\u00f1os de historia.<\/p>\n<p style=\"text-align: justify;\">\u201cEstoy aqu\u00ed, frente a ustedes, frente a las ni\u00f1as, las adolescentes y las mujeres de nuestro pa\u00eds, para afirmar con convicci\u00f3n que, pese a las barreras de g\u00e9nero, no existen l\u00edmites insuperables, y que con trabajo, estudio y perseverancia, las mujeres podemos asumir las m\u00e1s altas responsabilidades en cualquier \u00e1mbito que nos propongamos\u201d, asegur\u00f3 la ministra<\/p>\n<p style=\"text-align: justify;\">\u201cEsto es lo que pienso; estas son mis convicciones; estos son mis anhelos, estos son mis afanes \u201c, cerr\u00f3 la ministra.<\/p>\n<p style=\"text-align: justify;\">La ministra Gloria Ana Chevesich Ruiz se convirti\u00f3 en la primera mujer en asumir como presidenta de la Corte Suprema en 202 a\u00f1os de historia en una simb\u00f3lica ceremonia en la que recibi\u00f3 del manos del saliente presidente Ricardo Blanco Herrera un mallete que simboliza el mando. Con ello lleg\u00f3 a la c\u00faspide de una carrera judicial que en los pr\u00f3ximos meses cumplir\u00e1 40 a\u00f1os, luego de ingresar al Poder Judicial como relatora de la Corte de Apelaciones de Santiago en junio de 1986.<\/p>\n<p style=\"text-align: justify;\">El expresidente Ricardo Blanco, por su parte, destac\u00f3 la trayectoria de la magistrada en la que asumi\u00f3 importantes tareas en la Corte de Apelaciones de Santiago y la Corte Suprema obteniendo las m\u00e1s importantes calificaciones.<\/p>\n<p style=\"text-align: justify;\">Al hacer un balance de su gesti\u00f3n, resalt\u00f3 la firmeza para afrontar los casos de corrupci\u00f3n y los esfuerzos por mejorar los controles, la gesti\u00f3n y el acceso a la justicia.<\/p>\n<p style=\"text-align: justify;\">\u201cAl dejar la presidencia de esta Corte, reafirmo mi convicci\u00f3n de que la justicia no es un privilegio, sino un derecho esencial, no es una concesi\u00f3n del poder, sino una garant\u00eda para todas las personas, especialmente para quienes m\u00e1s la necesitan. Finalmente, agradezco a Dios por haberme dado la posibilidad de servir a mi pa\u00eds desde la judicatura y a mi esposa por su respaldo constante e incondicional, y haber podido desarrollar una carrera exitosa que me impuls\u00f3 con honra a desempe\u00f1ar el cargo de mayor relevancia y responsabilidad en este poder del Estado, ser Presidente de la Corte Suprema de Justicia. Siempre lo tuve presente, la presidencia es transitoria; mi compromiso con la justicia es permanente\u201d, concluy\u00f3.<\/p>\n<p style=\"text-align: justify;\"><b>Trayectoria de nueva presidenta\u00a0<\/b><\/p>\n<p style=\"text-align: justify;\">Gloria Ana Chevesich Ruiz es abogada de la Universidad de Chile y Magister en Derecho Laboral en la Universidad Adolfo Ib\u00e1\u00f1ez (UAI). Inici\u00f3 su carrera como relatora de la Corte de Apelaciones de Santiago en junio de 1986 y en marzo de 1995 asumi\u00f3 como relatora de la Corte Suprema, llegando a ser relatora del Pleno.<\/p>\n<p style=\"text-align: justify;\">En octubre de 2002, jur\u00f3 como ministra de la Corte de Apelaciones de Santiago, llegando a ser su presidenta en el a\u00f1o 2013.<\/p>\n<p style=\"text-align: justify;\">En su gesti\u00f3n, la magistrada cre\u00f3 una Unidad Especial de Tablas para ordenar la tramitaci\u00f3n de las causas que se ven en el tribunal de alzada y fortaleci\u00f3 el trabajo de la Unidad de Recursos de Protecci\u00f3n. En este \u00faltimo aspecto, estableci\u00f3 la tramitaci\u00f3n v\u00eda portal web de los recursos de protecci\u00f3n presentados en contra de las isapres por alza en planes de salud y estableci\u00f3 un sistema de entrega digital de cheques para el cobro de costas.<\/p>\n<p style=\"text-align: justify;\">En agosto de ese a\u00f1o fue nombrada como ministra del m\u00e1ximo tribunal, siendo la octava mujer en llegar a la Corte Suprema.<\/p>\n<p style=\"text-align: justify;\">Le toc\u00f3 integrar la Cuarta Sala Laboral o Mixta y asumir diversas labores administrativas y de gesti\u00f3n como miembro del Consejo Superior de la Corporaci\u00f3n Administrativa del Poder Judicial en cuatro bienios e integrante del Comit\u00e9 de Personas, entre los a\u00f1os 2022 y 2023.<\/p>\n<p style=\"text-align: justify;\">Asimismo, fue la primera vocera de la Corte Suprema entre los a\u00f1os 2019-2022 y fue la responsable de encabezar las gestiones del Poder Judicial en medio de la pandemia, los cambios derivados de la Ley de Pago Efectivo de Pensiones de Alimentos, la Ley de Monitoreo Telem\u00e1tico en Casos de Violencia Intrafamiliar, entre otras materias.<\/p>\n<p style=\"text-align: justify;\">En la actualidad es la coordinadora de la Cumbre Judicial Iberoamericana. Adem\u00e1s, ha participado en representaci\u00f3n de Chile en diversos seminarios y congresos nacionales e internacionales y ha trabajado en la comisi\u00f3n del Poder Judicial sobre la Ley de Tramitaci\u00f3n Electr\u00f3nica e Inteligencia Artificial.<\/p>\n<p style=\"text-align: justify;\">Ha representado a Chile en el di\u00e1logo constructivo del Estado con el Comit\u00e9 contra las Desapariciones Forzadas de las Naciones Unidades en el a\u00f1o 2019 y sobre laudos arbitrales electr\u00f3nicos en la misma organizaci\u00f3n en Viena y Nueva York, en los a\u00f1os 2024 y 2025, respectivamente.<\/p>\n<p style=\"text-align: justify;\"><b>Mujeres en el Poder Judicial\u00a0<\/b><\/p>\n<p style=\"text-align: justify;\">En los m\u00e1s de 200 a\u00f1os de historia del Poder Judicial Chileno las primeras mujeres en asumir en la Corte Suprema fueron Mar\u00eda Antonia Morales Villagr\u00e1n como ministra y M\u00f3nica Maldonado Croquevielle como fiscal judicial del m\u00e1ximo tribunal, quienes asumieron sus cargos en noviembre de 2001.<\/p>\n<p style=\"text-align: justify;\">La primera mujer en asumir como ministra de Corte de Apelaciones fue Fainne Leibovich Gubermann quien jur\u00f3 en noviembre de 1971 como ministra de la Corte de Apelaciones de Valpara\u00edso.<\/p>\n<p style=\"text-align: justify;\">Claudina Acu\u00f1a Montenegro fue la primera mujer en ingresar a la carrera judicial como secretaria del juzgado de Santa Cruz en abril de 1925, mientras que Matilde Throup Sep\u00falveda fue la pionera en postular a un cargo judicial en septiembre de 1893 y la primera mujer abogada de la historia de Chile en junio de 1892.<\/p>\n<p style=\"text-align: justify;\">Actualmente de los 17 cargos que existen en la Corte Suprema (hay cuatro cargos vacantes) 9 son hombres y 8 son mujeres; mientras que de acuerdo a un informe sobre paridad de g\u00e9nero en el Poder Judicial -elaborado por la secretar\u00eda de G\u00e9nero y no Discriminaci\u00f3n de la Corte Suprema- a junio de 2025 exist\u00edan 71 mujeres en cargos de ministras de Corte de Apelaciones y 80 hombres en tales labores.\u00a0\u00a0Mientras que en tribunales de primera instancia hay 953 juezas y 650 jueces.<\/p>\n<\/div><\/section><\/div><div  style='height:50px' class='hr hr-invisible   avia-builder-el-6  el_after_av_one_full  el_before_av_social_share '><span class='hr-inner ' ><span class='hr-inner-style'><\/span><\/span><\/div><\/p>\n<div  class='av-social-sharing-box  avia-builder-el-7  el_after_av_hr  el_before_av_hr  '><div class='av-share-box'><h5 class='av-share-link-description av-no-toc '>Compartir esta noticia<\/h5><ul class='av-share-box-list noLightbox'><li class='av-share-link av-social-link-facebook' ><a target=\"_blank\" aria-label=\"Compartir en Facebook\" href='https:\/\/www.facebook.com\/sharer.php?u=https:\/\/radiorevelacionfm.cl\/?p=63014&#038;t=Presidenta%20Gloria%20Ana%20Chevesich%3A%20%E2%80%9CEstamos%20aqu%C3%AD%20para%20servir%2C%20no%20para%20servirnos%20del%20cargo%E2%80%9D' aria-hidden='false' data-av_icon='\ue8f3' data-av_iconfont='entypo-fontello' title='' data-avia-related-tooltip='Compartir en Facebook' rel=\"noopener\"><span class='avia_hidden_link_text'>Compartir en Facebook<\/span><\/a><\/li><li class='av-share-link av-social-link-twitter' ><a target=\"_blank\" aria-label=\"Compartir en Twitter\" href='https:\/\/twitter.com\/share?text=Presidenta%20Gloria%20Ana%20Chevesich%3A%20%E2%80%9CEstamos%20aqu%C3%AD%20para%20servir%2C%20no%20para%20servirnos%20del%20cargo%E2%80%9D&#038;url=https:\/\/radiorevelacionfm.cl\/?p=63014' aria-hidden='false' data-av_icon='\ue8f1' data-av_iconfont='entypo-fontello' title='' data-avia-related-tooltip='Compartir en Twitter' rel=\"noopener\"><span class='avia_hidden_link_text'>Compartir en Twitter<\/span><\/a><\/li><li class='av-share-link av-social-link-whatsapp' ><a target=\"_blank\" aria-label=\"Compartir en Whatsapp\" href='https:\/\/api.whatsapp.com\/send?text=https:\/\/radiorevelacionfm.cl\/?p=63014' aria-hidden='false' data-av_icon='\uf232' data-av_iconfont='entypo-fontello' title='' data-avia-related-tooltip='Compartir en Whatsapp' rel=\"noopener\"><span class='avia_hidden_link_text'>Compartir en Whatsapp<\/span><\/a><\/li><li class='av-share-link av-social-link-linkedin' ><a target=\"_blank\" aria-label=\"Compartir en LinkedIn\" href='https:\/\/linkedin.com\/shareArticle?mini=true&#038;title=Presidenta%20Gloria%20Ana%20Chevesich%3A%20%E2%80%9CEstamos%20aqu%C3%AD%20para%20servir%2C%20no%20para%20servirnos%20del%20cargo%E2%80%9D&#038;url=https:\/\/radiorevelacionfm.cl\/?p=63014' aria-hidden='false' data-av_icon='\ue8fc' data-av_iconfont='entypo-fontello' title='' data-avia-related-tooltip='Compartir en LinkedIn' rel=\"noopener\"><span class='avia_hidden_link_text'>Compartir en LinkedIn<\/span><\/a><\/li><li class='av-share-link av-social-link-mail' ><a  aria-label=\"Compartir por correo\" href='mailto:?subject=Presidenta%20Gloria%20Ana%20Chevesich%3A%20%E2%80%9CEstamos%20aqu%C3%AD%20para%20servir%2C%20no%20para%20servirnos%20del%20cargo%E2%80%9D&#038;body=https:\/\/radiorevelacionfm.cl\/?p=63014' aria-hidden='false' data-av_icon='\ue805' data-av_iconfont='entypo-fontello' title='' data-avia-related-tooltip='Compartir por correo'><span class='avia_hidden_link_text'>Compartir por correo<\/span><\/a><\/li><\/ul><\/div><\/div>\n<div  style='height:50px' class='hr hr-invisible   avia-builder-el-8  el_after_av_social_share  el_before_av_comments_list '><span class='hr-inner ' ><span class='hr-inner-style'><\/span><\/span><\/div>\n<div  class='av-buildercomment  av-blog-meta-html-info-disabled av-blog-meta-tag-disabled  '><\/div>\n","protected":false},"excerpt":{"rendered":"","protected":false},"author":1,"featured_media":63015,"comment_status":"closed","ping_status":"closed","sticky":false,"template":"","format":"standard","meta":{"footnotes":""},"categories":[55],"tags":[],"class_list":["post-63014","post","type-post","status-publish","format-standard","has-post-thumbnail","hentry","category-justicia"],"jetpack_featured_media_url":"https:\/\/radiorevelacionfm.cl\/wp-content\/uploads\/2026\/01\/Foto-2-ministra-1-1.jpg","_links":{"self":[{"href":"https:\/\/radiorevelacionfm.cl\/index.php?rest_route=\/wp\/v2\/posts\/63014","targetHints":{"allow":["GET"]}}],"collection":[{"href":"https:\/\/radiorevelacionfm.cl\/index.php?rest_route=\/wp\/v2\/posts"}],"about":[{"href":"https:\/\/radiorevelacionfm.cl\/index.php?rest_route=\/wp\/v2\/types\/post"}],"author":[{"embeddable":true,"href":"https:\/\/radiorevelacionfm.cl\/index.php?rest_route=\/wp\/v2\/users\/1"}],"replies":[{"embeddable":true,"href":"https:\/\/radiorevelacionfm.cl\/index.php?rest_route=%2Fwp%2Fv2%2Fcomments&post=63014"}],"version-history":[{"count":2,"href":"https:\/\/radiorevelacionfm.cl\/index.php?rest_route=\/wp\/v2\/posts\/63014\/revisions"}],"predecessor-version":[{"id":63032,"href":"https:\/\/radiorevelacionfm.cl\/index.php?rest_route=\/wp\/v2\/posts\/63014\/revisions\/63032"}],"wp:featuredmedia":[{"embeddable":true,"href":"https:\/\/radiorevelacionfm.cl\/index.php?rest_route=\/wp\/v2\/media\/63015"}],"wp:attachment":[{"href":"https:\/\/radiorevelacionfm.cl\/index.php?rest_route=%2Fwp%2Fv2%2Fmedia&parent=63014"}],"wp:term":[{"taxonomy":"category","embeddable":true,"href":"https:\/\/radiorevelacionfm.cl\/index.php?rest_route=%2Fwp%2Fv2%2Fcategories&post=63014"},{"taxonomy":"post_tag","embeddable":true,"href":"https:\/\/radiorevelacionfm.cl\/index.php?rest_route=%2Fwp%2Fv2%2Ftags&post=63014"}],"curies":[{"name":"wp","href":"https:\/\/api.w.org\/{rel}","templated":true}]}}