{"id":63009,"date":"2026-01-06T17:22:45","date_gmt":"2026-01-06T20:22:45","guid":{"rendered":"https:\/\/radiorevelacionfm.cl\/?p=63009"},"modified":"2026-01-06T17:22:45","modified_gmt":"2026-01-06T20:22:45","slug":"autoridades-regionales-destacaron-a-seis-estudiantes-que-obtuvieron-la-distincion-a-la-trayectoria-educativa-dte-tras-rendir-la-paes-regular-2025","status":"publish","type":"post","link":"https:\/\/radiorevelacionfm.cl\/?p=63009","title":{"rendered":"Autoridades regionales destacaron a seis estudiantes que obtuvieron la Distinci\u00f3n a la Trayectoria Educativa DTE tras rendir la PAES Regular 2025"},"content":{"rendered":"<div class=\"flex_column av_one_full  flex_column_div av-zero-column-padding first  avia-builder-el-0  el_before_av_one_full  avia-builder-el-first  \" style='border-radius:0px; '><div  class='avia-image-container  av-styling-    avia-builder-el-1  avia-builder-el-no-sibling  avia-align-center '  itemprop=\"image\" itemscope=\"itemscope\" itemtype=\"https:\/\/schema.org\/ImageObject\"  ><div class='avia-image-container-inner'><div class='avia-image-overlay-wrap'><img decoding=\"async\" class='wp-image-63011 avia-img-lazy-loading-not-63011 avia_image' src=\"https:\/\/radiorevelacionfm.cl\/wp-content\/uploads\/2026\/01\/Estudiantes-DTE-grupal-1-1.jpeg\" alt='' title='Estudiantes DTE grupal (1) (1)' height=\"600\" width=\"800\"  itemprop=\"thumbnailUrl\" srcset=\"https:\/\/radiorevelacionfm.cl\/wp-content\/uploads\/2026\/01\/Estudiantes-DTE-grupal-1-1.jpeg 800w, https:\/\/radiorevelacionfm.cl\/wp-content\/uploads\/2026\/01\/Estudiantes-DTE-grupal-1-1-300x225.jpeg 300w, https:\/\/radiorevelacionfm.cl\/wp-content\/uploads\/2026\/01\/Estudiantes-DTE-grupal-1-1-768x576.jpeg 768w, https:\/\/radiorevelacionfm.cl\/wp-content\/uploads\/2026\/01\/Estudiantes-DTE-grupal-1-1-705x529.jpeg 705w, https:\/\/radiorevelacionfm.cl\/wp-content\/uploads\/2026\/01\/Estudiantes-DTE-grupal-1-1-450x338.jpeg 450w, https:\/\/radiorevelacionfm.cl\/wp-content\/uploads\/2026\/01\/Estudiantes-DTE-grupal-1-1-600x450.jpeg 600w\" sizes=\"(max-width: 800px) 100vw, 800px\" \/><\/div><\/div><\/div><\/div><div class=\"flex_column av_one_full  flex_column_div av-zero-column-padding first  avia-builder-el-2  el_after_av_one_full  el_before_av_one_full  column-top-margin\" style='border-radius:0px; '><section class=\"av_textblock_section \"  itemscope=\"itemscope\" itemtype=\"https:\/\/schema.org\/BlogPosting\" itemprop=\"blogPost\" ><div class='avia_textblock  '   itemprop=\"text\" ><p style=\"text-align: center;\"><span style=\"font-size: 18pt;\"><b>Autoridades regionales destacaron a seis estudiantes que obtuvieron la Distinci\u00f3n a la Trayectoria Educativa DTE tras rendir la PAES Regular 2025<\/b><\/span><\/p>\n<div id=\"gtx-trans\" style=\"position: absolute; left: -50px; top: 4.31534px;\">\n<div class=\"gtx-trans-icon\"><\/div>\n<\/div>\n<\/div><\/section><\/div><div class=\"flex_column av_one_full  flex_column_div av-zero-column-padding first  avia-builder-el-4  el_after_av_one_full  el_before_av_hr  column-top-margin\" style='border-radius:0px; '><section class=\"av_textblock_section \"  itemscope=\"itemscope\" itemtype=\"https:\/\/schema.org\/BlogPosting\" itemprop=\"blogPost\" ><div class='avia_textblock  '   itemprop=\"text\" ><p style=\"font-weight: 400; text-align: justify;\">Hoy martes 06 en la Delegaci\u00f3n Presidencial Regional en Coyhaique la Seremi de Educaci\u00f3n Katherine Miqueles junto al Delegado Presidencial Jorge D\u00edaz y Seremi de Gobierno \u00darsula Mix compartieron y reconocieron la Distinci\u00f3n a las Trayectorias Educativas DTE de 6 j\u00f3venes de nuestra regi\u00f3n de Ays\u00e9n.<\/p>\n<p style=\"font-weight: 400; text-align: justify;\">Martin Gonz\u00e1lez Oyarz\u00fan egresado del Liceo San Felipe Benicio de Coyhaique, Emilia Olivares Molina del Liceo Bicentenario Santa Teresa de Puerto Ays\u00e9n, Josefina Soto Paredes del Colegio Alianza Austral, Elo\u00edsa Cladel Baeza del Liceo Bicentenario Altos del Mackay, Martin Icarte Alvarez\u00a0 del Liceo San Felipe Benicio y Javiera Valenzuela Soto del Liceo Bicentenario San Jos\u00e9 UR de Puerto Ays\u00e9n fueron reconocidos y reconocidas en la categor\u00eda Territorios por su desempe\u00f1o en las distintas Pruebas de Acceso a la Educaci\u00f3n Superior PAES 2025.<\/p>\n<p style=\"font-weight: 400; text-align: justify;\">En la oportunidad, ellas y ellos compartieron su sentir al enterarse de su notable rendimiento en el examen de acceso a la educaci\u00f3n superior. Algunos se sintieron sorprendidos, y otros estaban confiados en su desempe\u00f1o. Por otra parte, Medicina, Ingenier\u00eda, Ciencias Pol\u00edticas y Derecho son las carreras que eligieron al postular.<\/p>\n<p style=\"font-weight: 400; text-align: justify;\">El delegado presidencial Jorge D\u00edaz destac\u00f3 a este grupo de j\u00f3venes se\u00f1alando que se trata de estudiantes que pasaron por el proceso de pandemia con la suspensi\u00f3n de clases y superaron las dificultades objetivas de una situaci\u00f3n como esa.<\/p>\n<p style=\"font-weight: 400; text-align: justify;\">\u201cEllos han logrado superar todas estas dificultades y han contado con el apoyo de sus familias que han aportado un capital cultural y tambi\u00e9n de sus colegios. Nosotros queremos que todos los j\u00f3venes y la sociedad tengan las oportunidades y creemos que vamos en buen camino ya que Chile va creando m\u00e1s oportunidades de acceso a la educaci\u00f3n superior\u201d.<\/p>\n<p style=\"font-weight: 400; text-align: justify;\">La seremi de Educaci\u00f3n Katherine Miqueles inform\u00f3 que en la regi\u00f3n de Ays\u00e9n 1.586 postulantes rindieron las pruebas, lo que equivale a un 84 % de asistencia.\u00a0 De ellos, 1.457 personas se encuentran habilitadas para postular centralizadamente a las universidades adscritas al Sistema de Acceso. En comparaci\u00f3n a la admisi\u00f3n 2024 a la misma fecha, hubo 1.436 personas habilitadas. Record\u00f3 tambi\u00e9n que desde el lunes 5 de enero se inici\u00f3 el proceso de postulaci\u00f3n a las universidades adscritas al Sistema de Acceso y estar\u00e1 disponible hasta las 13:00 horas del jueves 8 de enero. Las y los postulantes pueden escoger hasta 20 carreras de su inter\u00e9s durante el proceso de postulaci\u00f3n; lo importante es que postulen seg\u00fan sus preferencias, poniendo primero aquella carrera que sea de su mayor inter\u00e9s.<\/p>\n<p style=\"font-weight: 400; text-align: justify;\">\u201cHoy nos hemos reunido con seis j\u00f3venes que han obtenido la Distinci\u00f3n a la Trayectoria Educativa DTE; este es el cuarto a\u00f1o en que se entrega este reconocimiento acad\u00e9mico que considera no solo el desempe\u00f1o en la ense\u00f1anza media y puntajes PAES, sino que adem\u00e1s el contexto del cual provienen las y los postulantes.\u00a0 Las DTE implican un cambio de mirada respecto a lo que se considera como m\u00e9rito y permiten reconocer no solo el puntaje obtenido, sino que tambi\u00e9n la trayectoria de quien obtiene un buen rendimiento en estas pruebas. Tambi\u00e9n cuentan con criterio de paridad en todas las categor\u00edas establecidas e incorporan de forma expl\u00edcita el reconocimiento de grupos hist\u00f3ricamente invisibilizados y\/o subrepresentados en la educaci\u00f3n superior. Estas distinciones se entregan para distintos subgrupos: personas en situaci\u00f3n de discapacidad, modalidades de ense\u00f1anza, pueblos originarios y territorios\u201d.<\/p>\n<\/div><\/section><\/div><div  style='height:50px' class='hr hr-invisible   avia-builder-el-6  el_after_av_one_full  el_before_av_social_share '><span class='hr-inner ' ><span class='hr-inner-style'><\/span><\/span><\/div><\/p>\n<div  class='av-social-sharing-box  avia-builder-el-7  el_after_av_hr  el_before_av_hr  '><div class='av-share-box'><h5 class='av-share-link-description av-no-toc '>Compartir esta noticia<\/h5><ul class='av-share-box-list noLightbox'><li class='av-share-link av-social-link-facebook' ><a target=\"_blank\" aria-label=\"Compartir en Facebook\" href='https:\/\/www.facebook.com\/sharer.php?u=https:\/\/radiorevelacionfm.cl\/?p=63009&#038;t=Autoridades%20regionales%20destacaron%20a%20seis%20estudiantes%20que%20obtuvieron%20la%20Distinci%C3%B3n%20a%20la%20Trayectoria%20Educativa%20DTE%20tras%20rendir%20la%20PAES%20Regular%202025' aria-hidden='false' data-av_icon='\ue8f3' data-av_iconfont='entypo-fontello' title='' data-avia-related-tooltip='Compartir en Facebook' rel=\"noopener\"><span class='avia_hidden_link_text'>Compartir en Facebook<\/span><\/a><\/li><li class='av-share-link av-social-link-twitter' ><a target=\"_blank\" aria-label=\"Compartir en Twitter\" href='https:\/\/twitter.com\/share?text=Autoridades%20regionales%20destacaron%20a%20seis%20estudiantes%20que%20obtuvieron%20la%20Distinci%C3%B3n%20a%20la%20Trayectoria%20Educativa%20DTE%20tras%20rendir%20la%20PAES%20Regular%202025&#038;url=https:\/\/radiorevelacionfm.cl\/?p=63009' aria-hidden='false' data-av_icon='\ue8f1' data-av_iconfont='entypo-fontello' title='' data-avia-related-tooltip='Compartir en Twitter' rel=\"noopener\"><span class='avia_hidden_link_text'>Compartir en Twitter<\/span><\/a><\/li><li class='av-share-link av-social-link-whatsapp' ><a target=\"_blank\" aria-label=\"Compartir en Whatsapp\" href='https:\/\/api.whatsapp.com\/send?text=https:\/\/radiorevelacionfm.cl\/?p=63009' aria-hidden='false' data-av_icon='\uf232' data-av_iconfont='entypo-fontello' title='' data-avia-related-tooltip='Compartir en Whatsapp' rel=\"noopener\"><span class='avia_hidden_link_text'>Compartir en Whatsapp<\/span><\/a><\/li><li class='av-share-link av-social-link-linkedin' ><a target=\"_blank\" aria-label=\"Compartir en LinkedIn\" href='https:\/\/linkedin.com\/shareArticle?mini=true&#038;title=Autoridades%20regionales%20destacaron%20a%20seis%20estudiantes%20que%20obtuvieron%20la%20Distinci%C3%B3n%20a%20la%20Trayectoria%20Educativa%20DTE%20tras%20rendir%20la%20PAES%20Regular%202025&#038;url=https:\/\/radiorevelacionfm.cl\/?p=63009' aria-hidden='false' data-av_icon='\ue8fc' data-av_iconfont='entypo-fontello' title='' data-avia-related-tooltip='Compartir en LinkedIn' rel=\"noopener\"><span class='avia_hidden_link_text'>Compartir en LinkedIn<\/span><\/a><\/li><li class='av-share-link av-social-link-mail' ><a  aria-label=\"Compartir por correo\" href='mailto:?subject=Autoridades%20regionales%20destacaron%20a%20seis%20estudiantes%20que%20obtuvieron%20la%20Distinci%C3%B3n%20a%20la%20Trayectoria%20Educativa%20DTE%20tras%20rendir%20la%20PAES%20Regular%202025&#038;body=https:\/\/radiorevelacionfm.cl\/?p=63009' aria-hidden='false' data-av_icon='\ue805' data-av_iconfont='entypo-fontello' title='' data-avia-related-tooltip='Compartir por correo'><span class='avia_hidden_link_text'>Compartir por correo<\/span><\/a><\/li><\/ul><\/div><\/div>\n<div  style='height:50px' class='hr hr-invisible   avia-builder-el-8  el_after_av_social_share  el_before_av_comments_list '><span class='hr-inner ' ><span class='hr-inner-style'><\/span><\/span><\/div>\n<div  class='av-buildercomment  av-blog-meta-html-info-disabled av-blog-meta-tag-disabled  '><\/div>\n","protected":false},"excerpt":{"rendered":"","protected":false},"author":1,"featured_media":63011,"comment_status":"closed","ping_status":"closed","sticky":false,"template":"","format":"standard","meta":{"footnotes":""},"categories":[49],"tags":[],"class_list":["post-63009","post","type-post","status-publish","format-standard","has-post-thumbnail","hentry","category-educacion"],"jetpack_featured_media_url":"https:\/\/radiorevelacionfm.cl\/wp-content\/uploads\/2026\/01\/Estudiantes-DTE-grupal-1-1.jpeg","_links":{"self":[{"href":"https:\/\/radiorevelacionfm.cl\/index.php?rest_route=\/wp\/v2\/posts\/63009","targetHints":{"allow":["GET"]}}],"collection":[{"href":"https:\/\/radiorevelacionfm.cl\/index.php?rest_route=\/wp\/v2\/posts"}],"about":[{"href":"https:\/\/radiorevelacionfm.cl\/index.php?rest_route=\/wp\/v2\/types\/post"}],"author":[{"embeddable":true,"href":"https:\/\/radiorevelacionfm.cl\/index.php?rest_route=\/wp\/v2\/users\/1"}],"replies":[{"embeddable":true,"href":"https:\/\/radiorevelacionfm.cl\/index.php?rest_route=%2Fwp%2Fv2%2Fcomments&post=63009"}],"version-history":[{"count":2,"href":"https:\/\/radiorevelacionfm.cl\/index.php?rest_route=\/wp\/v2\/posts\/63009\/revisions"}],"predecessor-version":[{"id":63013,"href":"https:\/\/radiorevelacionfm.cl\/index.php?rest_route=\/wp\/v2\/posts\/63009\/revisions\/63013"}],"wp:featuredmedia":[{"embeddable":true,"href":"https:\/\/radiorevelacionfm.cl\/index.php?rest_route=\/wp\/v2\/media\/63011"}],"wp:attachment":[{"href":"https:\/\/radiorevelacionfm.cl\/index.php?rest_route=%2Fwp%2Fv2%2Fmedia&parent=63009"}],"wp:term":[{"taxonomy":"category","embeddable":true,"href":"https:\/\/radiorevelacionfm.cl\/index.php?rest_route=%2Fwp%2Fv2%2Fcategories&post=63009"},{"taxonomy":"post_tag","embeddable":true,"href":"https:\/\/radiorevelacionfm.cl\/index.php?rest_route=%2Fwp%2Fv2%2Ftags&post=63009"}],"curies":[{"name":"wp","href":"https:\/\/api.w.org\/{rel}","templated":true}]}}