{"id":62999,"date":"2026-01-06T15:11:07","date_gmt":"2026-01-06T18:11:07","guid":{"rendered":"https:\/\/radiorevelacionfm.cl\/?p=62999"},"modified":"2026-01-06T15:11:07","modified_gmt":"2026-01-06T18:11:07","slug":"escuela-de-formacion-para-la-micro-y-pequena-empresa-mipes-2025-inicia-en-enero-en-aysen","status":"publish","type":"post","link":"https:\/\/radiorevelacionfm.cl\/?p=62999","title":{"rendered":"Escuela de Formaci\u00f3n para la Micro y Peque\u00f1a Empresa &#8211; Mipes 2025 inicia en enero en Ays\u00e9n"},"content":{"rendered":"<div class=\"flex_column av_one_full  flex_column_div av-zero-column-padding first  avia-builder-el-0  el_before_av_one_full  avia-builder-el-first  \" style='border-radius:0px; '><div  class='avia-image-container  av-styling-    avia-builder-el-1  avia-builder-el-no-sibling  avia-align-center '  itemprop=\"image\" itemscope=\"itemscope\" itemtype=\"https:\/\/schema.org\/ImageObject\"  ><div class='avia-image-container-inner'><div class='avia-image-overlay-wrap'><img decoding=\"async\" class='wp-image-63000 avia-img-lazy-loading-not-63000 avia_image' src=\"https:\/\/radiorevelacionfm.cl\/wp-content\/uploads\/2026\/01\/afiche-curso-mipes_2-1_optimized-1.jpg\" alt='' title='afiche-curso-mipes_2-(1)_optimized (1)' height=\"760\" width=\"800\"  itemprop=\"thumbnailUrl\" srcset=\"https:\/\/radiorevelacionfm.cl\/wp-content\/uploads\/2026\/01\/afiche-curso-mipes_2-1_optimized-1.jpg 800w, https:\/\/radiorevelacionfm.cl\/wp-content\/uploads\/2026\/01\/afiche-curso-mipes_2-1_optimized-1-300x285.jpg 300w, https:\/\/radiorevelacionfm.cl\/wp-content\/uploads\/2026\/01\/afiche-curso-mipes_2-1_optimized-1-768x730.jpg 768w, https:\/\/radiorevelacionfm.cl\/wp-content\/uploads\/2026\/01\/afiche-curso-mipes_2-1_optimized-1-705x670.jpg 705w, https:\/\/radiorevelacionfm.cl\/wp-content\/uploads\/2026\/01\/afiche-curso-mipes_2-1_optimized-1-450x428.jpg 450w, https:\/\/radiorevelacionfm.cl\/wp-content\/uploads\/2026\/01\/afiche-curso-mipes_2-1_optimized-1-600x570.jpg 600w\" sizes=\"(max-width: 800px) 100vw, 800px\" \/><\/div><\/div><\/div><\/div><div class=\"flex_column av_one_full  flex_column_div av-zero-column-padding first  avia-builder-el-2  el_after_av_one_full  el_before_av_one_full  column-top-margin\" style='border-radius:0px; '><section class=\"av_textblock_section \"  itemscope=\"itemscope\" itemtype=\"https:\/\/schema.org\/BlogPosting\" itemprop=\"blogPost\" ><div class='avia_textblock  '   itemprop=\"text\" ><p style=\"text-align: center;\"><strong><span style=\"font-size: 18pt;\">Escuela de Formaci\u00f3n para la Micro y Peque\u00f1a Empresa &#8211; Mipes 2025 inicia en enero en Ays\u00e9n<\/span><\/strong><\/p>\n<div id=\"gtx-trans\" style=\"position: absolute; left: -50px; top: 4.31534px;\">\n<div class=\"gtx-trans-icon\"><\/div>\n<\/div>\n<\/div><\/section><\/div><div class=\"flex_column av_one_full  flex_column_div av-zero-column-padding first  avia-builder-el-4  el_after_av_one_full  el_before_av_hr  column-top-margin\" style='border-radius:0px; '><section class=\"av_textblock_section \"  itemscope=\"itemscope\" itemtype=\"https:\/\/schema.org\/BlogPosting\" itemprop=\"blogPost\" ><div class='avia_textblock  '   itemprop=\"text\" ><p style=\"text-align: justify;\"><span style=\"font-family: trebuchet ms, sans-serif;\">E<span class=\"gmail_default\">ste<\/span><span class=\"gmail_default\">\u00a0<b>jueves\u00a0<\/b><\/span><b>8 de enero 2026<\/b>\u00a0comenzar\u00e1 en la Regi\u00f3n de Ays\u00e9n la\u00a0<span class=\"gmail_default\">\u00ab<\/span>Escuela de Formaci\u00f3n para la Micro y Peque\u00f1a Empresa 2025, l\u00ednea Emprendedores hacia la Formalizaci\u00f3n<span class=\"gmail_default\">\u00ab<\/span>, curso orientado a fortalecer las capacidades laborales y de gesti\u00f3n de emprendedores y emprendedoras de la regi\u00f3n.<\/span><\/p>\n<p style=\"text-align: justify;\"><span style=\"font-family: trebuchet ms, sans-serif;\">Esta iniciativa es financiada por la\u00a0<b>Subsecretar\u00eda del Trabajo<\/b>, Fondo de Formaci\u00f3n Sindical y Relaciones Laborales Colaborativas 2025.<\/span><\/p>\n<p style=\"text-align: justify;\"><span style=\"font-family: trebuchet ms, sans-serif;\">El programa se desarrollar\u00e1 en modalidad semipresencial, con clases presenciales en la sede vecinal de la Junta de Vecinos del sector Chacras,<span class=\"gmail_default\">\u00a0en<\/span>\u00a0<b>Villa Ma\u00f1ihuales<\/b>, y sesiones telem\u00e1ticas a trav\u00e9s de plataforma online. El cierre ser\u00e1 el 30 de enero<span class=\"gmail_default\">\u00a02026<\/span>.<\/span><\/p>\n<p style=\"text-align: justify;\"><span style=\"font-family: trebuchet ms, sans-serif;\">La Escuela\u00a0<span class=\"gmail_default\">es\u00a0<b>gratuita<\/b>\u00a0y\u00a0<\/span>contempla 32 horas pedag\u00f3gicas y una malla curricular enfocada en los principales desaf\u00edos de las MIPES, abordando contenidos como informalidad y proceso de formalizaci\u00f3n, regulaci\u00f3n laboral, enfoque de g\u00e9nero y derechos humanos, nuevos modelos de gesti\u00f3n empresarial y habilidades pr\u00e1cticas para el di\u00e1logo social.<\/span><\/p>\n<p style=\"text-align: justify;\"><span style=\"font-family: trebuchet ms, sans-serif;\">La iniciativa es ejecutada por Aura Consultora y busca promover relaciones laborales colaborativas, el trabajo decente y la sostenibilidad de los emprendimientos en el territorio.<span class=\"gmail_default\">\u00a0<\/span><\/span>Tambi\u00e9n se realizar\u00e1 un taller pr\u00e1ctico de regulaci\u00f3n laboral, entregando conocimientos aplicados a la realidad de la Regi\u00f3n de Ays\u00e9n.<\/p>\n<p style=\"text-align: justify;\"><span style=\"font-family: trebuchet ms, sans-serif;\">En la actualidad, la regi\u00f3n de Ays\u00e9n presenta una tasa de ocupaci\u00f3n del 57,8% y una informalidad laboral cercana al 28%, superior al promedio nacional. De ah\u00ed la importancia de este curso, para que los emprendedores entiendan los beneficios de operar formalmente, acceder a programas p\u00fablicos y fortalecer su sostenibilidad econ\u00f3mica.<\/span><\/p>\n<p style=\"text-align: justify;\"><span style=\"font-family: trebuchet ms, sans-serif;\">Si tienes una micro o peque\u00f1a empresa, o est\u00e1s dando el paso hacia la formalizaci\u00f3n, este curso es para ti.<span class=\"gmail_default\">\u00a0<\/span><\/span>Tu emprendimiento tambi\u00e9n puede crecer de manera formal y sustentable.<\/p>\n<p style=\"text-align: justify;\"><span style=\"font-family: trebuchet ms, sans-serif;\"><img decoding=\"async\" class=\"an1\" draggable=\"false\" src=\"https:\/\/fonts.gstatic.com\/s\/e\/notoemoji\/16.0\/1f4cc\/32.png\" alt=\"\ud83d\udccc\" data-emoji=\"\ud83d\udccc\" aria-label=\"\ud83d\udccc\" \/>\u00a0Inscripciones e informaci\u00f3n:\u00a0<a href=\"mailto:cursos@auraconsultora.cl\" target=\"_blank\" rel=\"noopener\">cursos@auraconsultora.cl<\/a><\/span><\/p>\n<p style=\"text-align: justify;\"><span style=\"font-family: trebuchet ms, sans-serif;\"><img decoding=\"async\" class=\"an1\" draggable=\"false\" src=\"https:\/\/fonts.gstatic.com\/s\/e\/notoemoji\/16.0\/1f4cc\/32.png\" alt=\"\ud83d\udccc\" data-emoji=\"\ud83d\udccc\" aria-label=\"\ud83d\udccc\" \/>\u00a0Coordinaci\u00f3n:\u00a0Francisca Vargas\u00a0\u00a0+569 97997916<\/span><\/p>\n<\/div><\/section><\/div><div  style='height:50px' class='hr hr-invisible   avia-builder-el-6  el_after_av_one_full  el_before_av_social_share '><span class='hr-inner ' ><span class='hr-inner-style'><\/span><\/span><\/div><\/p>\n<div  class='av-social-sharing-box  avia-builder-el-7  el_after_av_hr  el_before_av_hr  '><div class='av-share-box'><h5 class='av-share-link-description av-no-toc '>Compartir esta noticia<\/h5><ul class='av-share-box-list noLightbox'><li class='av-share-link av-social-link-facebook' ><a target=\"_blank\" aria-label=\"Compartir en Facebook\" href='https:\/\/www.facebook.com\/sharer.php?u=https:\/\/radiorevelacionfm.cl\/?p=62999&#038;t=Escuela%20de%20Formaci%C3%B3n%20para%20la%20Micro%20y%20Peque%C3%B1a%20Empresa%20%E2%80%93%20Mipes%202025%20inicia%20en%20enero%20en%20Ays%C3%A9n' aria-hidden='false' data-av_icon='\ue8f3' data-av_iconfont='entypo-fontello' title='' data-avia-related-tooltip='Compartir en Facebook' rel=\"noopener\"><span class='avia_hidden_link_text'>Compartir en Facebook<\/span><\/a><\/li><li class='av-share-link av-social-link-twitter' ><a target=\"_blank\" aria-label=\"Compartir en Twitter\" href='https:\/\/twitter.com\/share?text=Escuela%20de%20Formaci%C3%B3n%20para%20la%20Micro%20y%20Peque%C3%B1a%20Empresa%20%E2%80%93%20Mipes%202025%20inicia%20en%20enero%20en%20Ays%C3%A9n&#038;url=https:\/\/radiorevelacionfm.cl\/?p=62999' aria-hidden='false' data-av_icon='\ue8f1' data-av_iconfont='entypo-fontello' title='' data-avia-related-tooltip='Compartir en Twitter' rel=\"noopener\"><span class='avia_hidden_link_text'>Compartir en Twitter<\/span><\/a><\/li><li class='av-share-link av-social-link-whatsapp' ><a target=\"_blank\" aria-label=\"Compartir en Whatsapp\" href='https:\/\/api.whatsapp.com\/send?text=https:\/\/radiorevelacionfm.cl\/?p=62999' aria-hidden='false' data-av_icon='\uf232' data-av_iconfont='entypo-fontello' title='' data-avia-related-tooltip='Compartir en Whatsapp' rel=\"noopener\"><span class='avia_hidden_link_text'>Compartir en Whatsapp<\/span><\/a><\/li><li class='av-share-link av-social-link-linkedin' ><a target=\"_blank\" aria-label=\"Compartir en LinkedIn\" href='https:\/\/linkedin.com\/shareArticle?mini=true&#038;title=Escuela%20de%20Formaci%C3%B3n%20para%20la%20Micro%20y%20Peque%C3%B1a%20Empresa%20%E2%80%93%20Mipes%202025%20inicia%20en%20enero%20en%20Ays%C3%A9n&#038;url=https:\/\/radiorevelacionfm.cl\/?p=62999' aria-hidden='false' data-av_icon='\ue8fc' data-av_iconfont='entypo-fontello' title='' data-avia-related-tooltip='Compartir en LinkedIn' rel=\"noopener\"><span class='avia_hidden_link_text'>Compartir en LinkedIn<\/span><\/a><\/li><li class='av-share-link av-social-link-mail' ><a  aria-label=\"Compartir por correo\" href='mailto:?subject=Escuela%20de%20Formaci%C3%B3n%20para%20la%20Micro%20y%20Peque%C3%B1a%20Empresa%20%E2%80%93%20Mipes%202025%20inicia%20en%20enero%20en%20Ays%C3%A9n&#038;body=https:\/\/radiorevelacionfm.cl\/?p=62999' aria-hidden='false' data-av_icon='\ue805' data-av_iconfont='entypo-fontello' title='' data-avia-related-tooltip='Compartir por correo'><span class='avia_hidden_link_text'>Compartir por correo<\/span><\/a><\/li><\/ul><\/div><\/div>\n<div  style='height:50px' class='hr hr-invisible   avia-builder-el-8  el_after_av_social_share  el_before_av_comments_list '><span class='hr-inner ' ><span class='hr-inner-style'><\/span><\/span><\/div>\n<div  class='av-buildercomment  av-blog-meta-html-info-disabled av-blog-meta-tag-disabled  '><\/div>\n","protected":false},"excerpt":{"rendered":"","protected":false},"author":1,"featured_media":63000,"comment_status":"closed","ping_status":"closed","sticky":false,"template":"","format":"standard","meta":{"footnotes":""},"categories":[38],"tags":[],"class_list":["post-62999","post","type-post","status-publish","format-standard","has-post-thumbnail","hentry","category-regional"],"jetpack_featured_media_url":"https:\/\/radiorevelacionfm.cl\/wp-content\/uploads\/2026\/01\/afiche-curso-mipes_2-1_optimized-1.jpg","_links":{"self":[{"href":"https:\/\/radiorevelacionfm.cl\/index.php?rest_route=\/wp\/v2\/posts\/62999","targetHints":{"allow":["GET"]}}],"collection":[{"href":"https:\/\/radiorevelacionfm.cl\/index.php?rest_route=\/wp\/v2\/posts"}],"about":[{"href":"https:\/\/radiorevelacionfm.cl\/index.php?rest_route=\/wp\/v2\/types\/post"}],"author":[{"embeddable":true,"href":"https:\/\/radiorevelacionfm.cl\/index.php?rest_route=\/wp\/v2\/users\/1"}],"replies":[{"embeddable":true,"href":"https:\/\/radiorevelacionfm.cl\/index.php?rest_route=%2Fwp%2Fv2%2Fcomments&post=62999"}],"version-history":[{"count":2,"href":"https:\/\/radiorevelacionfm.cl\/index.php?rest_route=\/wp\/v2\/posts\/62999\/revisions"}],"predecessor-version":[{"id":63002,"href":"https:\/\/radiorevelacionfm.cl\/index.php?rest_route=\/wp\/v2\/posts\/62999\/revisions\/63002"}],"wp:featuredmedia":[{"embeddable":true,"href":"https:\/\/radiorevelacionfm.cl\/index.php?rest_route=\/wp\/v2\/media\/63000"}],"wp:attachment":[{"href":"https:\/\/radiorevelacionfm.cl\/index.php?rest_route=%2Fwp%2Fv2%2Fmedia&parent=62999"}],"wp:term":[{"taxonomy":"category","embeddable":true,"href":"https:\/\/radiorevelacionfm.cl\/index.php?rest_route=%2Fwp%2Fv2%2Fcategories&post=62999"},{"taxonomy":"post_tag","embeddable":true,"href":"https:\/\/radiorevelacionfm.cl\/index.php?rest_route=%2Fwp%2Fv2%2Ftags&post=62999"}],"curies":[{"name":"wp","href":"https:\/\/api.w.org\/{rel}","templated":true}]}}