{"id":62996,"date":"2026-01-06T14:56:46","date_gmt":"2026-01-06T17:56:46","guid":{"rendered":"https:\/\/radiorevelacionfm.cl\/?p=62996"},"modified":"2026-01-06T14:56:46","modified_gmt":"2026-01-06T17:56:46","slug":"calisto-exige-al-gobierno-regularizar-pagos-a-naviera-austral-para-evitar-paralizacion-de-barcaza-en-el-lago-general-carrera","status":"publish","type":"post","link":"https:\/\/radiorevelacionfm.cl\/?p=62996","title":{"rendered":"Calisto exige al gobierno regularizar pagos a Naviera Austral para evitar paralizaci\u00f3n de barcaza en el Lago General Carrera"},"content":{"rendered":"<div class=\"flex_column av_one_full  flex_column_div av-zero-column-padding first  avia-builder-el-0  el_before_av_one_full  avia-builder-el-first  \" style='border-radius:0px; '><div  class='avia-image-container  av-styling-    avia-builder-el-1  avia-builder-el-no-sibling  avia-align-center '  itemprop=\"image\" itemscope=\"itemscope\" itemtype=\"https:\/\/schema.org\/ImageObject\"  ><div class='avia-image-container-inner'><div class='avia-image-overlay-wrap'><img decoding=\"async\" class='wp-image-29830 avia-img-lazy-loading-not-29830 avia_image' src=\"https:\/\/radiorevelacionfm.cl\/wp-content\/uploads\/2023\/04\/Calisto_Impto-1-1.jpg\" alt='' title='Calisto_Impto (1) (1)' height=\"600\" width=\"850\"  itemprop=\"thumbnailUrl\" srcset=\"https:\/\/radiorevelacionfm.cl\/wp-content\/uploads\/2023\/04\/Calisto_Impto-1-1.jpg 850w, https:\/\/radiorevelacionfm.cl\/wp-content\/uploads\/2023\/04\/Calisto_Impto-1-1-300x212.jpg 300w, https:\/\/radiorevelacionfm.cl\/wp-content\/uploads\/2023\/04\/Calisto_Impto-1-1-768x542.jpg 768w, https:\/\/radiorevelacionfm.cl\/wp-content\/uploads\/2023\/04\/Calisto_Impto-1-1-260x185.jpg 260w, https:\/\/radiorevelacionfm.cl\/wp-content\/uploads\/2023\/04\/Calisto_Impto-1-1-705x498.jpg 705w, https:\/\/radiorevelacionfm.cl\/wp-content\/uploads\/2023\/04\/Calisto_Impto-1-1-450x318.jpg 450w, https:\/\/radiorevelacionfm.cl\/wp-content\/uploads\/2023\/04\/Calisto_Impto-1-1-600x424.jpg 600w\" sizes=\"(max-width: 850px) 100vw, 850px\" \/><\/div><\/div><\/div><\/div><div class=\"flex_column av_one_full  flex_column_div av-zero-column-padding first  avia-builder-el-2  el_after_av_one_full  el_before_av_one_full  column-top-margin\" style='border-radius:0px; '><section class=\"av_textblock_section \"  itemscope=\"itemscope\" itemtype=\"https:\/\/schema.org\/BlogPosting\" itemprop=\"blogPost\" ><div class='avia_textblock  '   itemprop=\"text\" ><p style=\"text-align: center;\"><span style=\"font-size: 18pt;\"><b>Calisto exige al gobierno regularizar pagos a Naviera Austral para evitar paralizaci\u00f3n de barcaza en el Lago General Carrera<\/b><\/span><\/p>\n<div id=\"gtx-trans\" style=\"position: absolute; left: -50px; top: 4.31534px;\">\n<div class=\"gtx-trans-icon\"><\/div>\n<\/div>\n<\/div><\/section><\/div><div class=\"flex_column av_one_full  flex_column_div av-zero-column-padding first  avia-builder-el-4  el_after_av_one_full  el_before_av_hr  column-top-margin\" style='border-radius:0px; '><section class=\"av_textblock_section \"  itemscope=\"itemscope\" itemtype=\"https:\/\/schema.org\/BlogPosting\" itemprop=\"blogPost\" ><div class='avia_textblock  '   itemprop=\"text\" ><p style=\"font-weight: 400; text-align: justify;\">Tras el anuncio de la empresa Naviera Austral de suspender las operaciones de la barcaza La Tehuelche en el Lago General Carrera, el diputado por la Regi\u00f3n de Ays\u00e9n, Miguel \u00c1ngel Calisto, manifest\u00f3 su profunda preocupaci\u00f3n y realiz\u00f3 un urgente llamado al Ministerio de Obras P\u00fablicas (MOP) para destrabar el conflicto administrativo que mantiene en vilo la conectividad de la zona.<\/p>\n<p style=\"font-weight: 400; text-align: justify;\">La crisis se origina debido a que, a pesar de que la empresa asumi\u00f3 la concesi\u00f3n del servicio en junio de 2025, a la fecha no se ha formalizado la firma del contrato ni se han efectuado los pagos correspondientes al subsidio acordado, acumulando seis meses de deuda por parte del Estado.<\/p>\n<p style=\"font-weight: 400; text-align: justify;\"><strong>Un golpe al turismo y la conectividad regional<\/strong><\/p>\n<p style=\"font-weight: 400; text-align: justify;\">El parlamentario calific\u00f3 la situaci\u00f3n como \u00abcr\u00edtica\u00bb, considerando que la regi\u00f3n se encuentra en plena temporada estival, periodo donde el flujo de pasajeros y abastecimiento es vital para la econom\u00eda local.<\/p>\n<p style=\"font-weight: 400; text-align: justify;\">\u00a0Al respecto, el diputado Miguel \u00c1ngel Calisto se\u00f1al\u00f3 \u00abestamos preocupados por la situaci\u00f3n que afecta al Lago General Carrera, y particularmente el anuncio que ha hecho la empresa Naviera Austral a prop\u00f3sito del t\u00e9rmino de funciones en una zona que es tremendamente importante. Hoy d\u00eda estamos en plena temporada alta tur\u00edstica, donde hay una serie de planificaciones que se han hecho a prop\u00f3sito del funcionamiento de la barcaza, y esto pone en una incertidumbre muy compleja a nivel regional\u00bb.<\/p>\n<p style=\"font-weight: 400; text-align: justify;\">Calisto confirm\u00f3 que ya ha sostenido conversaciones con el Gobierno Regional, el alcalde de Chile Chico y representantes de la naviera para buscar una soluci\u00f3n inmediata. Seg\u00fan explic\u00f3 el legislador, el nudo cr\u00edtico se encuentra en la Direcci\u00f3n de Obras Portuarias (DOP), donde la falta de comunicaci\u00f3n formal ha impedido el avance de las p\u00f3lizas necesarias.<\/p>\n<p style=\"font-weight: 400; text-align: justify;\">\u00abLa empresa nos ha se\u00f1alado que ellos esperan una decisi\u00f3n y una comunicaci\u00f3n formal por parte del gobierno para poder sacar adelante las p\u00f3lizas que est\u00e1n detenidas en la Direcci\u00f3n de Obras Portuarias. Nosotros hablamos con el ministro, tenemos tambi\u00e9n el compromiso de poder agilizar r\u00e1pidamente esta decisi\u00f3n para que este contrato pase a la Contralor\u00eda General de la Rep\u00fablica, y se pueda proceder a los pagos respectivos que est\u00e1n detenidos y que no se les ha procedido el pago desde seis meses\u00bb, enfatiz\u00f3 el diputado.<\/p>\n<p style=\"font-weight: 400; text-align: justify;\">Finalmente, el parlamentario fue enf\u00e1tico en que la responsabilidad hoy recae directamente en el nivel central. \u201cQuedamos atentos a la decisi\u00f3n que tome el ministro; ya tiene todo el conocimiento del problema y la decisi\u00f3n en sus manos. Por lo tanto, nosotros esperamos que dentro de las pr\u00f3ximas 24 a 48 horas esta situaci\u00f3n se regularice y que se controle definitivamente el problema que ha ocurrido con los no pagos de los servicios de estas empresas que son tan importantes para el funcionamiento de la regi\u00f3n\u00bb, concluy\u00f3 Calisto.<\/p>\n<\/div><\/section><\/div><div  style='height:50px' class='hr hr-invisible   avia-builder-el-6  el_after_av_one_full  el_before_av_social_share '><span class='hr-inner ' ><span class='hr-inner-style'><\/span><\/span><\/div><\/p>\n<div  class='av-social-sharing-box  avia-builder-el-7  el_after_av_hr  el_before_av_hr  '><div class='av-share-box'><h5 class='av-share-link-description av-no-toc '>Compartir esta noticia<\/h5><ul class='av-share-box-list noLightbox'><li class='av-share-link av-social-link-facebook' ><a target=\"_blank\" aria-label=\"Compartir en Facebook\" href='https:\/\/www.facebook.com\/sharer.php?u=https:\/\/radiorevelacionfm.cl\/?p=62996&#038;t=Calisto%20exige%20al%20gobierno%20regularizar%20pagos%20a%20Naviera%20Austral%20para%20evitar%20paralizaci%C3%B3n%20de%20barcaza%20en%20el%20Lago%20General%20Carrera' aria-hidden='false' data-av_icon='\ue8f3' data-av_iconfont='entypo-fontello' title='' data-avia-related-tooltip='Compartir en Facebook' rel=\"noopener\"><span class='avia_hidden_link_text'>Compartir en Facebook<\/span><\/a><\/li><li class='av-share-link av-social-link-twitter' ><a target=\"_blank\" aria-label=\"Compartir en Twitter\" href='https:\/\/twitter.com\/share?text=Calisto%20exige%20al%20gobierno%20regularizar%20pagos%20a%20Naviera%20Austral%20para%20evitar%20paralizaci%C3%B3n%20de%20barcaza%20en%20el%20Lago%20General%20Carrera&#038;url=https:\/\/radiorevelacionfm.cl\/?p=62996' aria-hidden='false' data-av_icon='\ue8f1' data-av_iconfont='entypo-fontello' title='' data-avia-related-tooltip='Compartir en Twitter' rel=\"noopener\"><span class='avia_hidden_link_text'>Compartir en Twitter<\/span><\/a><\/li><li class='av-share-link av-social-link-whatsapp' ><a target=\"_blank\" aria-label=\"Compartir en Whatsapp\" href='https:\/\/api.whatsapp.com\/send?text=https:\/\/radiorevelacionfm.cl\/?p=62996' aria-hidden='false' data-av_icon='\uf232' data-av_iconfont='entypo-fontello' title='' data-avia-related-tooltip='Compartir en Whatsapp' rel=\"noopener\"><span class='avia_hidden_link_text'>Compartir en Whatsapp<\/span><\/a><\/li><li class='av-share-link av-social-link-linkedin' ><a target=\"_blank\" aria-label=\"Compartir en LinkedIn\" href='https:\/\/linkedin.com\/shareArticle?mini=true&#038;title=Calisto%20exige%20al%20gobierno%20regularizar%20pagos%20a%20Naviera%20Austral%20para%20evitar%20paralizaci%C3%B3n%20de%20barcaza%20en%20el%20Lago%20General%20Carrera&#038;url=https:\/\/radiorevelacionfm.cl\/?p=62996' aria-hidden='false' data-av_icon='\ue8fc' data-av_iconfont='entypo-fontello' title='' data-avia-related-tooltip='Compartir en LinkedIn' rel=\"noopener\"><span class='avia_hidden_link_text'>Compartir en LinkedIn<\/span><\/a><\/li><li class='av-share-link av-social-link-mail' ><a  aria-label=\"Compartir por correo\" href='mailto:?subject=Calisto%20exige%20al%20gobierno%20regularizar%20pagos%20a%20Naviera%20Austral%20para%20evitar%20paralizaci%C3%B3n%20de%20barcaza%20en%20el%20Lago%20General%20Carrera&#038;body=https:\/\/radiorevelacionfm.cl\/?p=62996' aria-hidden='false' data-av_icon='\ue805' data-av_iconfont='entypo-fontello' title='' data-avia-related-tooltip='Compartir por correo'><span class='avia_hidden_link_text'>Compartir por correo<\/span><\/a><\/li><\/ul><\/div><\/div>\n<div  style='height:50px' class='hr hr-invisible   avia-builder-el-8  el_after_av_social_share  el_before_av_comments_list '><span class='hr-inner ' ><span class='hr-inner-style'><\/span><\/span><\/div>\n<div  class='av-buildercomment  av-blog-meta-html-info-disabled av-blog-meta-tag-disabled  '><\/div>\n","protected":false},"excerpt":{"rendered":"","protected":false},"author":1,"featured_media":29830,"comment_status":"closed","ping_status":"closed","sticky":false,"template":"","format":"standard","meta":{"footnotes":""},"categories":[35],"tags":[],"class_list":["post-62996","post","type-post","status-publish","format-standard","has-post-thumbnail","hentry","category-politica"],"jetpack_featured_media_url":"https:\/\/radiorevelacionfm.cl\/wp-content\/uploads\/2023\/04\/Calisto_Impto-1-1.jpg","_links":{"self":[{"href":"https:\/\/radiorevelacionfm.cl\/index.php?rest_route=\/wp\/v2\/posts\/62996","targetHints":{"allow":["GET"]}}],"collection":[{"href":"https:\/\/radiorevelacionfm.cl\/index.php?rest_route=\/wp\/v2\/posts"}],"about":[{"href":"https:\/\/radiorevelacionfm.cl\/index.php?rest_route=\/wp\/v2\/types\/post"}],"author":[{"embeddable":true,"href":"https:\/\/radiorevelacionfm.cl\/index.php?rest_route=\/wp\/v2\/users\/1"}],"replies":[{"embeddable":true,"href":"https:\/\/radiorevelacionfm.cl\/index.php?rest_route=%2Fwp%2Fv2%2Fcomments&post=62996"}],"version-history":[{"count":2,"href":"https:\/\/radiorevelacionfm.cl\/index.php?rest_route=\/wp\/v2\/posts\/62996\/revisions"}],"predecessor-version":[{"id":62998,"href":"https:\/\/radiorevelacionfm.cl\/index.php?rest_route=\/wp\/v2\/posts\/62996\/revisions\/62998"}],"wp:featuredmedia":[{"embeddable":true,"href":"https:\/\/radiorevelacionfm.cl\/index.php?rest_route=\/wp\/v2\/media\/29830"}],"wp:attachment":[{"href":"https:\/\/radiorevelacionfm.cl\/index.php?rest_route=%2Fwp%2Fv2%2Fmedia&parent=62996"}],"wp:term":[{"taxonomy":"category","embeddable":true,"href":"https:\/\/radiorevelacionfm.cl\/index.php?rest_route=%2Fwp%2Fv2%2Fcategories&post=62996"},{"taxonomy":"post_tag","embeddable":true,"href":"https:\/\/radiorevelacionfm.cl\/index.php?rest_route=%2Fwp%2Fv2%2Ftags&post=62996"}],"curies":[{"name":"wp","href":"https:\/\/api.w.org\/{rel}","templated":true}]}}