{"id":62993,"date":"2026-01-07T10:37:30","date_gmt":"2026-01-07T13:37:30","guid":{"rendered":"https:\/\/radiorevelacionfm.cl\/?p=62993"},"modified":"2026-01-07T10:37:30","modified_gmt":"2026-01-07T13:37:30","slug":"lanzan-el-programa-2026-chile-se-prepara-y-la-primera-guia-nacional-para-voluntariados-en-grd-y-riesgo-volcanico","status":"publish","type":"post","link":"https:\/\/radiorevelacionfm.cl\/?p=62993","title":{"rendered":"Lanzan el Programa 2026 Chile Se Prepara y la primera gu\u00eda nacional para voluntariados en GRD y riesgo volc\u00e1nico"},"content":{"rendered":"<div class=\"flex_column av_one_full  flex_column_div av-zero-column-padding first  avia-builder-el-0  el_before_av_one_full  avia-builder-el-first  \" style='border-radius:0px; '><div  class='avia-image-container  av-styling-    avia-builder-el-1  avia-builder-el-no-sibling  avia-align-center '  itemprop=\"image\" itemscope=\"itemscope\" itemtype=\"https:\/\/schema.org\/ImageObject\"  ><div class='avia-image-container-inner'><div class='avia-image-overlay-wrap'><img decoding=\"async\" class='wp-image-62994 avia-img-lazy-loading-not-62994 avia_image' src=\"https:\/\/radiorevelacionfm.cl\/wp-content\/uploads\/2026\/01\/post-chile-se-prepara-01-1-1_optimized-1.jpg\" alt='' title='post-chile-se-prepara-01-(1)-(1)_optimized (1)' height=\"1000\" width=\"800\"  itemprop=\"thumbnailUrl\" srcset=\"https:\/\/radiorevelacionfm.cl\/wp-content\/uploads\/2026\/01\/post-chile-se-prepara-01-1-1_optimized-1.jpg 800w, https:\/\/radiorevelacionfm.cl\/wp-content\/uploads\/2026\/01\/post-chile-se-prepara-01-1-1_optimized-1-240x300.jpg 240w, https:\/\/radiorevelacionfm.cl\/wp-content\/uploads\/2026\/01\/post-chile-se-prepara-01-1-1_optimized-1-768x960.jpg 768w, https:\/\/radiorevelacionfm.cl\/wp-content\/uploads\/2026\/01\/post-chile-se-prepara-01-1-1_optimized-1-564x705.jpg 564w, https:\/\/radiorevelacionfm.cl\/wp-content\/uploads\/2026\/01\/post-chile-se-prepara-01-1-1_optimized-1-450x563.jpg 450w, https:\/\/radiorevelacionfm.cl\/wp-content\/uploads\/2026\/01\/post-chile-se-prepara-01-1-1_optimized-1-600x750.jpg 600w\" sizes=\"(max-width: 800px) 100vw, 800px\" \/><\/div><\/div><\/div><\/div><div class=\"flex_column av_one_full  flex_column_div av-zero-column-padding first  avia-builder-el-2  el_after_av_one_full  el_before_av_one_full  column-top-margin\" style='border-radius:0px; '><section class=\"av_textblock_section \"  itemscope=\"itemscope\" itemtype=\"https:\/\/schema.org\/BlogPosting\" itemprop=\"blogPost\" ><div class='avia_textblock  '   itemprop=\"text\" ><p style=\"text-align: center;\"><strong><span style=\"font-size: 18pt;\">Lanzan el Programa 2026 Chile Se Prepara y la primera gu\u00eda nacional para voluntariados en GRD y riesgo volc\u00e1nico<\/span><\/strong><\/p>\n<div id=\"gtx-trans\" style=\"position: absolute; left: -50px; top: 4.31534px;\">\n<div class=\"gtx-trans-icon\"><\/div>\n<\/div>\n<\/div><\/section><\/div><div class=\"flex_column av_one_full  flex_column_div av-zero-column-padding first  avia-builder-el-4  el_after_av_one_full  el_before_av_hr  column-top-margin\" style='border-radius:0px; '><section class=\"av_textblock_section \"  itemscope=\"itemscope\" itemtype=\"https:\/\/schema.org\/BlogPosting\" itemprop=\"blogPost\" ><div class='avia_textblock  '   itemprop=\"text\" ><ul style=\"text-align: justify;\">\n<li><em>Desde el lunes 5 de enero estar\u00e1n abiertas las inscripciones para los m\u00e1s de 25 cursos disponibles en <a href=\"https:\/\/voluntariadopreparado.injuv.gob.cl\/\">injuv.gob.cl\/<\/a><\/em><\/li>\n<li><em>La versi\u00f3n de verano 2026 se realizar\u00e1 entre el 19 y el 30 de enero, y se espera entregar 1.500 certificaciones.<\/em><\/li>\n<li><em>Pueden participar personas desde los 15 a\u00f1os y solo deben contar con Clave \u00danica y un dispositivo con conexi\u00f3n a internet.<\/em><\/li>\n<\/ul>\n<p style=\"text-align: justify;\">Chile Se Prepara es un programa que desde 2024 desarrolla el Instituto Nacional de la Juventud (INJUV) a trav\u00e9s de su Unidad de Voluntariado y Participaci\u00f3n Ciudadana. Desde el lunes 5 de enero estar\u00e1n abiertas las inscripciones para la versi\u00f3n 2026 que contempla m\u00e1s de 25 cursos agrupados en tres categor\u00edas:\u00a0 Formaci\u00f3n general para voluntario(a) de emergencia, Formaci\u00f3n especialista de emergencia de Movidos x Chile, y Formaci\u00f3n a trav\u00e9s de academia SENAPRED. Los cursos son gestionados por organizaciones como Hogar de Cristo, Cruz Roja, CITRID, Programa de Riesgo S\u00edsmico \u2013 PRS, CONAF, Caritas, World Vision, IM CKELAR Volcanes, ADRA, Movidos x Chile, la Municipalidad de Pudahuel, entre otros.<\/p>\n<p style=\"text-align: justify;\">Este a\u00f1o se suma un hito acad\u00e9mico relevante: la elaboraci\u00f3n de la primera gu\u00eda nacional sobre desastres socionaturales y riesgo volc\u00e1nico destinada a voluntariados y sociedad civil organizada, titulada \u201cChile, tierra de volcanes: Gu\u00eda para convivir con riesgos de origen volc\u00e1nico\u201d, desarrollada por especialistas de CITRID y del Instituto de Investigaci\u00f3n en Riesgo Volc\u00e1nico Ckelar\u2013Volcanes, que re\u00fane a destacados investigadores e investigadoras de la Universidad de Chile, de Concepci\u00f3n y Cat\u00f3lica del Norte. La publicaci\u00f3n est\u00e1 disponible de manera gratuita en la plataforma de Chile Se Prepara, y en el repositorio de la Universidad de Chile (<a href=\"http:\/\/www.repositorio.uchile.cl\/\">www.repositorio.uchile.cl<\/a>).<\/p>\n<p style=\"text-align: justify;\">Durante 2025, Chile Se Prepara \u2014en sus versiones de verano e invierno\u2014 se consolid\u00f3 como una instancia esencial de formaci\u00f3n comunitaria. Ofreci\u00f3 54 cursos online, articulados con 22 instituciones, y reuni\u00f3 a m\u00e1s de 2.000 participantes de todas las regiones del pa\u00eds, incorporando nuevos contenidos como g\u00e9nero y desastres, infancias, personas mayores, cuidado animal, y riesgo volc\u00e1nico. En esto, la presencia del Programa para la Reducci\u00f3n del Riesgo de Desastres CITRID de la Universidad de Chile ha sido decisiva, aportando rigor acad\u00e9mico, nuevos enfoques al dise\u00f1o curricular y la posibilidad de integrar investigaci\u00f3n universitaria y evidencia cient\u00edfica al proceso formativo.<\/p>\n<p style=\"text-align: justify;\">Una de las claves hist\u00f3ricas de Chile para enfrentar desastres socionaturales ha sido la articulaci\u00f3n entre el Estado y el mundo acad\u00e9mico. En particular, las universidades p\u00fablicas han jugado un rol trascendental en ello, sobre todo la Universidad de Chile. Este trabajo colaborativo ha dado frutos visibles para prevenci\u00f3n, mitigaci\u00f3n y resiliencia: frente a incendios de gran magnitud, terremotos, erupciones volc\u00e1nicas y otros eventos de origen geol\u00f3gico o clim\u00e1tico, as\u00ed como tambi\u00e9n procesos de reconstrucci\u00f3n.<\/p>\n<p style=\"text-align: justify;\">Sobre el rol de las comunidades y voluntariados, el director regional de INJUV Ays\u00e9n, Camilo Trivi\u00f1o Urtubia, sostiene que \u201cla preparaci\u00f3n de las comunidades y de sus voluntariados ha sido fundamental para la respuesta y recuperaci\u00f3n de los territorios, sobre todo considerando la exposici\u00f3n de nuestro pa\u00eds a distintos riesgos y a desastres en cascada. No importa d\u00f3nde ocurra la emergencia, la poblaci\u00f3n chilena ha demostrado \u2014una y otra vez\u2014 su capacidad para organizarse, movilizarse y solidarizar. <strong>Por eso, programas como Chile Se Prepara son clave: permiten que esa solidaridad se transforme en capacidades concretas, con formaci\u00f3n accesible y de calidad para todas y todos<\/strong>\u201d.<\/p>\n<p style=\"text-align: justify;\">Sobre el Chile Se Prepara, la directora ejecutiva CITRID y acad\u00e9mica de la Facultad de Gobierno de la Universidad de Chile, Paulina Vergara, subraya que \u201cel programa Chile Se Prepara destaca, pues son a\u00fan pocos en Am\u00e9rica Latina aquellos destinados a voluntariados, y tiene un car\u00e1cter \u00fanico, especialmente por su modelo de formaci\u00f3n por niveles y por su dise\u00f1o colaborativo entre instituciones p\u00fablicas, acad\u00e9micas y de la sociedad civil, que apunta a responder ante emergencias, pero tambi\u00e9n dejar capacidades instaladas en las comunidades para una efectiva reducci\u00f3n del riesgo de desastres\u201d.<\/p>\n<p style=\"text-align: justify;\">Aunque Chile se encuentra entre los pa\u00edses con m\u00e1s volcanes activos en el mundo, todav\u00eda existe poca divulgaci\u00f3n cient\u00edfica en la materia, se\u00f1ala el investigador Daniel D\u00edaz. \u201cLa importancia de esta gu\u00eda es que es un primer esfuerzo para que los voluntariados cuenten con informaci\u00f3n relevante, pero a la vez fortalece el conocimiento comunitario sobre el riesgo volc\u00e1nico\u201d, agrega.<\/p>\n<p style=\"text-align: justify;\">La versi\u00f3n verano 2026 del programa se realizar\u00e1 entre el 19 y el 30 de enero, con 300 cupos por curso. Las inscripciones estar\u00e1n abiertas desde el 5 de enero en voluntariadopreparado.injuv.gob.cl<a href=\"https:\/\/voluntariadopreparado.injuv.gob.cl\/\">.<\/a><\/p>\n<\/div><\/section><\/div><div  style='height:50px' class='hr hr-invisible   avia-builder-el-6  el_after_av_one_full  el_before_av_social_share '><span class='hr-inner ' ><span class='hr-inner-style'><\/span><\/span><\/div><\/p>\n<div  class='av-social-sharing-box  avia-builder-el-7  el_after_av_hr  el_before_av_hr  '><div class='av-share-box'><h5 class='av-share-link-description av-no-toc '>Compartir esta noticia<\/h5><ul class='av-share-box-list noLightbox'><li class='av-share-link av-social-link-facebook' ><a target=\"_blank\" aria-label=\"Compartir en Facebook\" href='https:\/\/www.facebook.com\/sharer.php?u=https:\/\/radiorevelacionfm.cl\/?p=62993&#038;t=Lanzan%20el%20Programa%202026%20Chile%20Se%20Prepara%20y%20la%20primera%20gu%C3%ADa%20nacional%20para%20voluntariados%20en%20GRD%20y%20riesgo%20volc%C3%A1nico' aria-hidden='false' data-av_icon='\ue8f3' data-av_iconfont='entypo-fontello' title='' data-avia-related-tooltip='Compartir en Facebook' rel=\"noopener\"><span class='avia_hidden_link_text'>Compartir en Facebook<\/span><\/a><\/li><li class='av-share-link av-social-link-twitter' ><a target=\"_blank\" aria-label=\"Compartir en Twitter\" href='https:\/\/twitter.com\/share?text=Lanzan%20el%20Programa%202026%20Chile%20Se%20Prepara%20y%20la%20primera%20gu%C3%ADa%20nacional%20para%20voluntariados%20en%20GRD%20y%20riesgo%20volc%C3%A1nico&#038;url=https:\/\/radiorevelacionfm.cl\/?p=62993' aria-hidden='false' data-av_icon='\ue8f1' data-av_iconfont='entypo-fontello' title='' data-avia-related-tooltip='Compartir en Twitter' rel=\"noopener\"><span class='avia_hidden_link_text'>Compartir en Twitter<\/span><\/a><\/li><li class='av-share-link av-social-link-whatsapp' ><a target=\"_blank\" aria-label=\"Compartir en Whatsapp\" href='https:\/\/api.whatsapp.com\/send?text=https:\/\/radiorevelacionfm.cl\/?p=62993' aria-hidden='false' data-av_icon='\uf232' data-av_iconfont='entypo-fontello' title='' data-avia-related-tooltip='Compartir en Whatsapp' rel=\"noopener\"><span class='avia_hidden_link_text'>Compartir en Whatsapp<\/span><\/a><\/li><li class='av-share-link av-social-link-linkedin' ><a target=\"_blank\" aria-label=\"Compartir en LinkedIn\" href='https:\/\/linkedin.com\/shareArticle?mini=true&#038;title=Lanzan%20el%20Programa%202026%20Chile%20Se%20Prepara%20y%20la%20primera%20gu%C3%ADa%20nacional%20para%20voluntariados%20en%20GRD%20y%20riesgo%20volc%C3%A1nico&#038;url=https:\/\/radiorevelacionfm.cl\/?p=62993' aria-hidden='false' data-av_icon='\ue8fc' data-av_iconfont='entypo-fontello' title='' data-avia-related-tooltip='Compartir en LinkedIn' rel=\"noopener\"><span class='avia_hidden_link_text'>Compartir en LinkedIn<\/span><\/a><\/li><li class='av-share-link av-social-link-mail' ><a  aria-label=\"Compartir por correo\" href='mailto:?subject=Lanzan%20el%20Programa%202026%20Chile%20Se%20Prepara%20y%20la%20primera%20gu%C3%ADa%20nacional%20para%20voluntariados%20en%20GRD%20y%20riesgo%20volc%C3%A1nico&#038;body=https:\/\/radiorevelacionfm.cl\/?p=62993' aria-hidden='false' data-av_icon='\ue805' data-av_iconfont='entypo-fontello' title='' data-avia-related-tooltip='Compartir por correo'><span class='avia_hidden_link_text'>Compartir por correo<\/span><\/a><\/li><\/ul><\/div><\/div>\n<div  style='height:50px' class='hr hr-invisible   avia-builder-el-8  el_after_av_social_share  el_before_av_comments_list '><span class='hr-inner ' ><span class='hr-inner-style'><\/span><\/span><\/div>\n<div  class='av-buildercomment  av-blog-meta-html-info-disabled av-blog-meta-tag-disabled  '><\/div>\n","protected":false},"excerpt":{"rendered":"","protected":false},"author":1,"featured_media":62994,"comment_status":"closed","ping_status":"closed","sticky":false,"template":"","format":"standard","meta":{"footnotes":""},"categories":[61],"tags":[],"class_list":["post-62993","post","type-post","status-publish","format-standard","has-post-thumbnail","hentry","category-nacional"],"jetpack_featured_media_url":"https:\/\/radiorevelacionfm.cl\/wp-content\/uploads\/2026\/01\/post-chile-se-prepara-01-1-1_optimized-1.jpg","_links":{"self":[{"href":"https:\/\/radiorevelacionfm.cl\/index.php?rest_route=\/wp\/v2\/posts\/62993","targetHints":{"allow":["GET"]}}],"collection":[{"href":"https:\/\/radiorevelacionfm.cl\/index.php?rest_route=\/wp\/v2\/posts"}],"about":[{"href":"https:\/\/radiorevelacionfm.cl\/index.php?rest_route=\/wp\/v2\/types\/post"}],"author":[{"embeddable":true,"href":"https:\/\/radiorevelacionfm.cl\/index.php?rest_route=\/wp\/v2\/users\/1"}],"replies":[{"embeddable":true,"href":"https:\/\/radiorevelacionfm.cl\/index.php?rest_route=%2Fwp%2Fv2%2Fcomments&post=62993"}],"version-history":[{"count":2,"href":"https:\/\/radiorevelacionfm.cl\/index.php?rest_route=\/wp\/v2\/posts\/62993\/revisions"}],"predecessor-version":[{"id":63031,"href":"https:\/\/radiorevelacionfm.cl\/index.php?rest_route=\/wp\/v2\/posts\/62993\/revisions\/63031"}],"wp:featuredmedia":[{"embeddable":true,"href":"https:\/\/radiorevelacionfm.cl\/index.php?rest_route=\/wp\/v2\/media\/62994"}],"wp:attachment":[{"href":"https:\/\/radiorevelacionfm.cl\/index.php?rest_route=%2Fwp%2Fv2%2Fmedia&parent=62993"}],"wp:term":[{"taxonomy":"category","embeddable":true,"href":"https:\/\/radiorevelacionfm.cl\/index.php?rest_route=%2Fwp%2Fv2%2Fcategories&post=62993"},{"taxonomy":"post_tag","embeddable":true,"href":"https:\/\/radiorevelacionfm.cl\/index.php?rest_route=%2Fwp%2Fv2%2Ftags&post=62993"}],"curies":[{"name":"wp","href":"https:\/\/api.w.org\/{rel}","templated":true}]}}