{"id":62989,"date":"2026-01-06T13:33:50","date_gmt":"2026-01-06T16:33:50","guid":{"rendered":"https:\/\/radiorevelacionfm.cl\/?p=62989"},"modified":"2026-01-06T13:33:50","modified_gmt":"2026-01-06T16:33:50","slug":"71-estudiantes-de-la-educacion-publica-de-aysen-obtienen-resultados-destacados-en-la-paes-2025","status":"publish","type":"post","link":"https:\/\/radiorevelacionfm.cl\/?p=62989","title":{"rendered":"71 estudiantes de la educaci\u00f3n p\u00fablica de Ays\u00e9n obtienen resultados destacados en la PAES 2025"},"content":{"rendered":"<div class=\"flex_column av_one_full  flex_column_div av-zero-column-padding first  avia-builder-el-0  el_before_av_one_full  avia-builder-el-first  \" style='border-radius:0px; '><div  class='avia-image-container  av-styling-    avia-builder-el-1  avia-builder-el-no-sibling  avia-align-center '  itemprop=\"image\" itemscope=\"itemscope\" itemtype=\"https:\/\/schema.org\/ImageObject\"  ><div class='avia-image-container-inner'><div class='avia-image-overlay-wrap'><img decoding=\"async\" class='wp-image-62990 avia-img-lazy-loading-not-62990 avia_image' src=\"https:\/\/radiorevelacionfm.cl\/wp-content\/uploads\/2026\/01\/PAES-2025-1-1.jpg\" alt='' title='PAES 2025 (1) (1)' height=\"600\" width=\"900\"  itemprop=\"thumbnailUrl\" srcset=\"https:\/\/radiorevelacionfm.cl\/wp-content\/uploads\/2026\/01\/PAES-2025-1-1.jpg 900w, https:\/\/radiorevelacionfm.cl\/wp-content\/uploads\/2026\/01\/PAES-2025-1-1-300x200.jpg 300w, https:\/\/radiorevelacionfm.cl\/wp-content\/uploads\/2026\/01\/PAES-2025-1-1-768x512.jpg 768w, https:\/\/radiorevelacionfm.cl\/wp-content\/uploads\/2026\/01\/PAES-2025-1-1-705x470.jpg 705w, https:\/\/radiorevelacionfm.cl\/wp-content\/uploads\/2026\/01\/PAES-2025-1-1-450x300.jpg 450w, https:\/\/radiorevelacionfm.cl\/wp-content\/uploads\/2026\/01\/PAES-2025-1-1-600x400.jpg 600w\" sizes=\"(max-width: 900px) 100vw, 900px\" \/><\/div><\/div><\/div><\/div><div class=\"flex_column av_one_full  flex_column_div av-zero-column-padding first  avia-builder-el-2  el_after_av_one_full  el_before_av_one_full  column-top-margin\" style='border-radius:0px; '><section class=\"av_textblock_section \"  itemscope=\"itemscope\" itemtype=\"https:\/\/schema.org\/BlogPosting\" itemprop=\"blogPost\" ><div class='avia_textblock  '   itemprop=\"text\" ><p style=\"text-align: center;\"><strong><span style=\"font-size: 18pt;\">71 estudiantes de la educaci\u00f3n p\u00fablica de Ays\u00e9n obtienen resultados destacados en la PAES 2025<\/span><\/strong><\/p>\n<div id=\"gtx-trans\" style=\"position: absolute; left: -50px; top: 4.31534px;\">\n<div class=\"gtx-trans-icon\"><\/div>\n<\/div>\n<\/div><\/section><\/div><div class=\"flex_column av_one_full  flex_column_div av-zero-column-padding first  avia-builder-el-4  el_after_av_one_full  el_before_av_hr  column-top-margin\" style='border-radius:0px; '><section class=\"av_textblock_section \"  itemscope=\"itemscope\" itemtype=\"https:\/\/schema.org\/BlogPosting\" itemprop=\"blogPost\" ><div class='avia_textblock  '   itemprop=\"text\" ><p style=\"text-align: justify;\">Esta semana se dieron a conocer los resultados de la Prueba de Acceso a la Educaci\u00f3n Superior (PAES) 2025, proceso que estuvo marcado por la expectativa y el nerviosismo de los 433 estudiantes de la educaci\u00f3n p\u00fablica de Ays\u00e9n que rindieron el examen en diciembre de 2025. Los resultados fueron altamente positivos a nivel regional, destacando a 71 estudiantes que obtuvieron puntajes superiores a 750 puntos.<\/p>\n<p style=\"text-align: justify;\">En la prueba de Competencia Lectora, 28 estudiantes alcanzaron puntajes destacados, seis m\u00e1s que en el proceso anterior. En tanto, en Competencia Matem\u00e1tica, 43 estudiantes lograron resultados sobresalientes, lo que representa un aumento de dos estudiantes respecto del a\u00f1o previo. Estas cifras evidencian una mejora sostenida en el desempe\u00f1o acad\u00e9mico y el fortalecimiento de la educaci\u00f3n p\u00fablica en la regi\u00f3n de Ays\u00e9n.<\/p>\n<p style=\"text-align: justify;\">Los resultados acad\u00e9micos regionales entregados reflejan una clara una mejora sostenida, donde el promedio de Competencia Lectora alcanz\u00f3 los 580,3 puntos, superando en 20 puntos el promedio del a\u00f1o anterior, mientras que en Competencia Matem\u00e1tica 1 se obtuvo un promedio de 586 puntos, con un aumento de 37 puntos respecto del proceso previo.<\/p>\n<p style=\"text-align: justify;\">A nivel de establecimientos educacionales, el Liceo Bicentenario Austral Lord Cochrane lider\u00f3 los resultados en ambas pruebas, con 636,75 puntos en Competencia Lectora y 659,75 puntos en competencia Matem\u00e1tica 1. Tambi\u00e9n destacaron, en lectura, el Liceo Bicentenario Luisa Rabanal Palma de Chile Chico, la Escuela Eusebio Ibar Schepeler de La Junta, Liceo Bicentenario Arturo Prat Chac\u00f3n de Puerto Cisnes y el Liceo Bicentenario Altos del Mackay de Coyhaique; mientras que en Matem\u00e1ticas sobresalieron adem\u00e1s la Escuela Eusebio Ibar, el Liceo Altos del Mackay y el Liceo Luisa Rabanal Palma.<\/p>\n<p style=\"text-align: justify;\">Desde el Servicio Local de Educaci\u00f3n P\u00fablica (SLEP) Ays\u00e9n, estos resultados fueron valorados como una se\u00f1al concreta del fortalecimiento de la educaci\u00f3n p\u00fablica en la regi\u00f3n. Al respecto, el director ejecutivo del SLEP Ays\u00e9n, Sebasti\u00e1n Gonz\u00e1lez Rogers, se\u00f1al\u00f3 que: \u201cEstos resultados reflejan un trabajo sistem\u00e1tico que se ha venido desarrollando en los establecimientos p\u00fablicos de la regi\u00f3n, con foco en la mejora de los procesos pedag\u00f3gicos, el acompa\u00f1amiento a los equipos docentes y directivos, y el fortalecimiento de las trayectorias educativas de nuestras y nuestros estudiantes. Como SLEP Ays\u00e9n, entendemos que avanzar en calidad es un proceso continuo, y estos indicadores nos confirman que vamos por el camino correcto\u201d.<\/p>\n<p style=\"text-align: justify;\"><strong>Puntajes destacados en la educaci\u00f3n p\u00fablica <\/strong><\/p>\n<p style=\"text-align: justify;\">En cuanto a los puntajes sobresalientes, el Liceo Bicentenario Austral Lord Cochrane concentr\u00f3 la mayor cantidad de estudiantes destacados, con 14 resultados sobresalientes en matem\u00e1ticas y 8 en lectura. Le siguieron el Liceo Bicentenario Altos del Mackay y el Liceo Bicentenario Luisa Rabanal Palma, establecimientos que evidencian avances consistentes en ambas evaluaciones.<\/p>\n<p style=\"text-align: justify;\">En esta misma l\u00ednea, el director ejecutivo destac\u00f3 tanto la mejora significativa alcanzada por los estudiantes de la formaci\u00f3n cient\u00edfico-humanista como el positivo desempe\u00f1o de la formaci\u00f3n t\u00e9cnico-profesional. Al respecto, Sebasti\u00e1n Gonz\u00e1lez Rogers indic\u00f3 que: \u201cEs relevante observar que en este proceso 2025 hubo un mayor n\u00famero de estudiantes de formaci\u00f3n t\u00e9cnico-profesional que rindieron las pruebas obligatorias de la PAES en comparaci\u00f3n con el a\u00f1o anterior. Esto demuestra que los y las estudiantes de esta modalidad est\u00e1n proyectando la continuidad de estudios superiores tras egresar del nivel t\u00e9cnico medio, lo que se relaciona directamente con su motivaci\u00f3n por seguir avanzando en sus trayectorias educativas y con el fortalecimiento del capital humano de la regi\u00f3n\u201d.<\/p>\n<p style=\"text-align: justify;\">Finalmente, desde el SLEP Ays\u00e9n se enfatiz\u00f3 que estos resultados refuerzan el compromiso de la educaci\u00f3n p\u00fablica con la equidad, la mejora continua y la generaci\u00f3n de mayores oportunidades de acceso a la educaci\u00f3n superior para las y los estudiantes de la regi\u00f3n.<\/p>\n<\/div><\/section><\/div><div  style='height:50px' class='hr hr-invisible   avia-builder-el-6  el_after_av_one_full  el_before_av_social_share '><span class='hr-inner ' ><span class='hr-inner-style'><\/span><\/span><\/div><\/p>\n<div  class='av-social-sharing-box  avia-builder-el-7  el_after_av_hr  el_before_av_hr  '><div class='av-share-box'><h5 class='av-share-link-description av-no-toc '>Compartir esta noticia<\/h5><ul class='av-share-box-list noLightbox'><li class='av-share-link av-social-link-facebook' ><a target=\"_blank\" aria-label=\"Compartir en Facebook\" href='https:\/\/www.facebook.com\/sharer.php?u=https:\/\/radiorevelacionfm.cl\/?p=62989&#038;t=71%20estudiantes%20de%20la%20educaci%C3%B3n%20p%C3%BAblica%20de%20Ays%C3%A9n%20obtienen%20resultados%20destacados%20en%20la%20PAES%202025' aria-hidden='false' data-av_icon='\ue8f3' data-av_iconfont='entypo-fontello' title='' data-avia-related-tooltip='Compartir en Facebook' rel=\"noopener\"><span class='avia_hidden_link_text'>Compartir en Facebook<\/span><\/a><\/li><li class='av-share-link av-social-link-twitter' ><a target=\"_blank\" aria-label=\"Compartir en Twitter\" href='https:\/\/twitter.com\/share?text=71%20estudiantes%20de%20la%20educaci%C3%B3n%20p%C3%BAblica%20de%20Ays%C3%A9n%20obtienen%20resultados%20destacados%20en%20la%20PAES%202025&#038;url=https:\/\/radiorevelacionfm.cl\/?p=62989' aria-hidden='false' data-av_icon='\ue8f1' data-av_iconfont='entypo-fontello' title='' data-avia-related-tooltip='Compartir en Twitter' rel=\"noopener\"><span class='avia_hidden_link_text'>Compartir en Twitter<\/span><\/a><\/li><li class='av-share-link av-social-link-whatsapp' ><a target=\"_blank\" aria-label=\"Compartir en Whatsapp\" href='https:\/\/api.whatsapp.com\/send?text=https:\/\/radiorevelacionfm.cl\/?p=62989' aria-hidden='false' data-av_icon='\uf232' data-av_iconfont='entypo-fontello' title='' data-avia-related-tooltip='Compartir en Whatsapp' rel=\"noopener\"><span class='avia_hidden_link_text'>Compartir en Whatsapp<\/span><\/a><\/li><li class='av-share-link av-social-link-linkedin' ><a target=\"_blank\" aria-label=\"Compartir en LinkedIn\" href='https:\/\/linkedin.com\/shareArticle?mini=true&#038;title=71%20estudiantes%20de%20la%20educaci%C3%B3n%20p%C3%BAblica%20de%20Ays%C3%A9n%20obtienen%20resultados%20destacados%20en%20la%20PAES%202025&#038;url=https:\/\/radiorevelacionfm.cl\/?p=62989' aria-hidden='false' data-av_icon='\ue8fc' data-av_iconfont='entypo-fontello' title='' data-avia-related-tooltip='Compartir en LinkedIn' rel=\"noopener\"><span class='avia_hidden_link_text'>Compartir en LinkedIn<\/span><\/a><\/li><li class='av-share-link av-social-link-mail' ><a  aria-label=\"Compartir por correo\" href='mailto:?subject=71%20estudiantes%20de%20la%20educaci%C3%B3n%20p%C3%BAblica%20de%20Ays%C3%A9n%20obtienen%20resultados%20destacados%20en%20la%20PAES%202025&#038;body=https:\/\/radiorevelacionfm.cl\/?p=62989' aria-hidden='false' data-av_icon='\ue805' data-av_iconfont='entypo-fontello' title='' data-avia-related-tooltip='Compartir por correo'><span class='avia_hidden_link_text'>Compartir por correo<\/span><\/a><\/li><\/ul><\/div><\/div>\n<div  style='height:50px' class='hr hr-invisible   avia-builder-el-8  el_after_av_social_share  el_before_av_comments_list '><span class='hr-inner ' ><span class='hr-inner-style'><\/span><\/span><\/div>\n<div  class='av-buildercomment  av-blog-meta-html-info-disabled av-blog-meta-tag-disabled  '><\/div>\n","protected":false},"excerpt":{"rendered":"","protected":false},"author":1,"featured_media":62990,"comment_status":"closed","ping_status":"closed","sticky":false,"template":"","format":"standard","meta":{"footnotes":""},"categories":[49],"tags":[],"class_list":["post-62989","post","type-post","status-publish","format-standard","has-post-thumbnail","hentry","category-educacion"],"jetpack_featured_media_url":"https:\/\/radiorevelacionfm.cl\/wp-content\/uploads\/2026\/01\/PAES-2025-1-1.jpg","_links":{"self":[{"href":"https:\/\/radiorevelacionfm.cl\/index.php?rest_route=\/wp\/v2\/posts\/62989","targetHints":{"allow":["GET"]}}],"collection":[{"href":"https:\/\/radiorevelacionfm.cl\/index.php?rest_route=\/wp\/v2\/posts"}],"about":[{"href":"https:\/\/radiorevelacionfm.cl\/index.php?rest_route=\/wp\/v2\/types\/post"}],"author":[{"embeddable":true,"href":"https:\/\/radiorevelacionfm.cl\/index.php?rest_route=\/wp\/v2\/users\/1"}],"replies":[{"embeddable":true,"href":"https:\/\/radiorevelacionfm.cl\/index.php?rest_route=%2Fwp%2Fv2%2Fcomments&post=62989"}],"version-history":[{"count":2,"href":"https:\/\/radiorevelacionfm.cl\/index.php?rest_route=\/wp\/v2\/posts\/62989\/revisions"}],"predecessor-version":[{"id":62992,"href":"https:\/\/radiorevelacionfm.cl\/index.php?rest_route=\/wp\/v2\/posts\/62989\/revisions\/62992"}],"wp:featuredmedia":[{"embeddable":true,"href":"https:\/\/radiorevelacionfm.cl\/index.php?rest_route=\/wp\/v2\/media\/62990"}],"wp:attachment":[{"href":"https:\/\/radiorevelacionfm.cl\/index.php?rest_route=%2Fwp%2Fv2%2Fmedia&parent=62989"}],"wp:term":[{"taxonomy":"category","embeddable":true,"href":"https:\/\/radiorevelacionfm.cl\/index.php?rest_route=%2Fwp%2Fv2%2Fcategories&post=62989"},{"taxonomy":"post_tag","embeddable":true,"href":"https:\/\/radiorevelacionfm.cl\/index.php?rest_route=%2Fwp%2Fv2%2Ftags&post=62989"}],"curies":[{"name":"wp","href":"https:\/\/api.w.org\/{rel}","templated":true}]}}