{"id":62985,"date":"2026-01-06T11:57:43","date_gmt":"2026-01-06T14:57:43","guid":{"rendered":"https:\/\/radiorevelacionfm.cl\/?p=62985"},"modified":"2026-01-06T11:57:43","modified_gmt":"2026-01-06T14:57:43","slug":"concejal-vera-exige-solucion-urgente-ante-suspension-de-transporte-subsidiado-que-afecta-a-personas-mayores-de-nirehuao-el-gato-y-los-aros","status":"publish","type":"post","link":"https:\/\/radiorevelacionfm.cl\/?p=62985","title":{"rendered":"Concejal Vera exige soluci\u00f3n urgente ante suspensi\u00f3n de transporte subsidiado que afecta a personas mayores de \u00d1irehuao, El Gato y Los Aros"},"content":{"rendered":"<div class=\"flex_column av_one_full  flex_column_div av-zero-column-padding first  avia-builder-el-0  el_before_av_one_full  avia-builder-el-first  \" style='border-radius:0px; '><div  class='avia-image-container  av-styling-    avia-builder-el-1  avia-builder-el-no-sibling  avia-align-center '  itemprop=\"image\" itemscope=\"itemscope\" itemtype=\"https:\/\/schema.org\/ImageObject\"  ><div class='avia-image-container-inner'><div class='avia-image-overlay-wrap'><img decoding=\"async\" class='wp-image-62986 avia-img-lazy-loading-not-62986 avia_image' src=\"https:\/\/radiorevelacionfm.cl\/wp-content\/uploads\/2026\/01\/apoyo-01-1_optimized.jpeg\" alt='' title='apoyo-01-(1)_optimized' height=\"600\" width=\"800\"  itemprop=\"thumbnailUrl\" srcset=\"https:\/\/radiorevelacionfm.cl\/wp-content\/uploads\/2026\/01\/apoyo-01-1_optimized.jpeg 800w, https:\/\/radiorevelacionfm.cl\/wp-content\/uploads\/2026\/01\/apoyo-01-1_optimized-300x225.jpeg 300w, https:\/\/radiorevelacionfm.cl\/wp-content\/uploads\/2026\/01\/apoyo-01-1_optimized-768x576.jpeg 768w, https:\/\/radiorevelacionfm.cl\/wp-content\/uploads\/2026\/01\/apoyo-01-1_optimized-705x529.jpeg 705w, https:\/\/radiorevelacionfm.cl\/wp-content\/uploads\/2026\/01\/apoyo-01-1_optimized-450x338.jpeg 450w, https:\/\/radiorevelacionfm.cl\/wp-content\/uploads\/2026\/01\/apoyo-01-1_optimized-600x450.jpeg 600w\" sizes=\"(max-width: 800px) 100vw, 800px\" \/><\/div><\/div><\/div><\/div><div class=\"flex_column av_one_full  flex_column_div av-zero-column-padding first  avia-builder-el-2  el_after_av_one_full  el_before_av_one_full  column-top-margin\" style='border-radius:0px; '><section class=\"av_textblock_section \"  itemscope=\"itemscope\" itemtype=\"https:\/\/schema.org\/BlogPosting\" itemprop=\"blogPost\" ><div class='avia_textblock  '   itemprop=\"text\" ><p style=\"text-align: center;\"><strong><span style=\"font-size: 18pt;\">Concejal Vera exige soluci\u00f3n urgente ante suspensi\u00f3n de transporte subsidiado que afecta a personas mayores de \u00d1irehuao, El Gato y Los Aros<\/span><\/strong><\/p>\n<div id=\"gtx-trans\" style=\"position: absolute; left: -50px; top: 4.31534px;\">\n<div class=\"gtx-trans-icon\"><\/div>\n<\/div>\n<\/div><\/section><\/div><div class=\"flex_column av_one_full  flex_column_div av-zero-column-padding first  avia-builder-el-4  el_after_av_one_full  el_before_av_hr  column-top-margin\" style='border-radius:0px; '><section class=\"av_textblock_section \"  itemscope=\"itemscope\" itemtype=\"https:\/\/schema.org\/BlogPosting\" itemprop=\"blogPost\" ><div class='avia_textblock  '   itemprop=\"text\" ><p style=\"text-align: justify;\">El concejal de Coyhaique, Sebasti\u00e1n Vera, ingres\u00f3 un oficio formal al SEREMI de Transportes y Telecomunicaciones de Ays\u00e9n manifestando su preocupaci\u00f3n y solicitando una respuesta urgente frente a la suspensi\u00f3n del servicio de transporte subsidiado CTR 0270, que afecta a sectores rurales como \u00d1irehuao, El Gato y Los Aros.<\/p>\n<p style=\"text-align: justify;\">Seg\u00fan lo expuesto en el oficio, la empresa operadora Buses Interlagos no recibe el pago del subsidio desde junio de 2025, debido a observaciones administrativas a nivel central que no han sido resueltas, situaci\u00f3n que se extendi\u00f3 por m\u00e1s de seis meses y que volvi\u00f3 insostenible la continuidad del servicio, obligando a su suspensi\u00f3n a contar del 22 de diciembre de 2025, pese a los esfuerzos realizados por la empresa para mantener la operaci\u00f3n.<\/p>\n<p style=\"text-align: justify;\">El concejal Vera advirti\u00f3 que esta situaci\u00f3n tiene un alto impacto social, ya que la principal poblaci\u00f3n usuaria del servicio corresponde a personas mayores, quienes dependen de este transporte para acceder a atenci\u00f3n de salud, compra de medicamentos, tr\u00e1mites y servicios b\u00e1sicos, sin contar con alternativas reales de conectividad.<\/p>\n<p style=\"text-align: justify;\">Asimismo, el concejal inform\u00f3 que ha tomado contacto directo con dirigentes y representantes de los sectores afectados, quienes le han transmitido su preocupaci\u00f3n por el aislamiento que enfrentan actualmente las comunidades rurales, reforzando la urgencia de una soluci\u00f3n institucional.<\/p>\n<p style=\"text-align: justify;\">\u201cEste es un problema administrativo que no puede seguir siendo traspasado a la comunidad. Las personas mayores no pueden quedar aisladas por falta de gesti\u00f3n del Estado\u201d, se\u00f1al\u00f3 Vera Ojeda.<\/p>\n<p style=\"text-align: justify;\">Adem\u00e1s, el concejal indic\u00f3 que tom\u00f3 contacto con el Gobernador Regional de Ays\u00e9n, Marcelo Santana, quien manifest\u00f3 su preocupaci\u00f3n por esta situaci\u00f3n y se encuentra atento a las gestiones necesarias para avanzar en una soluci\u00f3n que permita restablecer el servicio a la brevedad.<\/p>\n<p style=\"text-align: justify;\">Finalmente, Sebasti\u00e1n Vera se\u00f1al\u00f3 que realizar\u00e1 seguimiento permanente a este caso y reiter\u00f3 el llamado a que las instituciones responsables asuman su rol y entreguen respuestas concretas, enfatizando que la conectividad rural y la protecci\u00f3n de las personas mayores son obligaciones del Estado y no pueden quedar sujetas a demoras administrativas.<\/p>\n<\/div><\/section><\/div><div  style='height:50px' class='hr hr-invisible   avia-builder-el-6  el_after_av_one_full  el_before_av_social_share '><span class='hr-inner ' ><span class='hr-inner-style'><\/span><\/span><\/div><\/p>\n<div  class='av-social-sharing-box  avia-builder-el-7  el_after_av_hr  el_before_av_hr  '><div class='av-share-box'><h5 class='av-share-link-description av-no-toc '>Compartir esta noticia<\/h5><ul class='av-share-box-list noLightbox'><li class='av-share-link av-social-link-facebook' ><a target=\"_blank\" aria-label=\"Compartir en Facebook\" href='https:\/\/www.facebook.com\/sharer.php?u=https:\/\/radiorevelacionfm.cl\/?p=62985&#038;t=Concejal%20Vera%20exige%20soluci%C3%B3n%20urgente%20ante%20suspensi%C3%B3n%20de%20transporte%20subsidiado%20que%20afecta%20a%20personas%20mayores%20de%20%C3%91irehuao%2C%20El%20Gato%20y%20Los%20Aros' aria-hidden='false' data-av_icon='\ue8f3' data-av_iconfont='entypo-fontello' title='' data-avia-related-tooltip='Compartir en Facebook' rel=\"noopener\"><span class='avia_hidden_link_text'>Compartir en Facebook<\/span><\/a><\/li><li class='av-share-link av-social-link-twitter' ><a target=\"_blank\" aria-label=\"Compartir en Twitter\" href='https:\/\/twitter.com\/share?text=Concejal%20Vera%20exige%20soluci%C3%B3n%20urgente%20ante%20suspensi%C3%B3n%20de%20transporte%20subsidiado%20que%20afecta%20a%20personas%20mayores%20de%20%C3%91irehuao%2C%20El%20Gato%20y%20Los%20Aros&#038;url=https:\/\/radiorevelacionfm.cl\/?p=62985' aria-hidden='false' data-av_icon='\ue8f1' data-av_iconfont='entypo-fontello' title='' data-avia-related-tooltip='Compartir en Twitter' rel=\"noopener\"><span class='avia_hidden_link_text'>Compartir en Twitter<\/span><\/a><\/li><li class='av-share-link av-social-link-whatsapp' ><a target=\"_blank\" aria-label=\"Compartir en Whatsapp\" href='https:\/\/api.whatsapp.com\/send?text=https:\/\/radiorevelacionfm.cl\/?p=62985' aria-hidden='false' data-av_icon='\uf232' data-av_iconfont='entypo-fontello' title='' data-avia-related-tooltip='Compartir en Whatsapp' rel=\"noopener\"><span class='avia_hidden_link_text'>Compartir en Whatsapp<\/span><\/a><\/li><li class='av-share-link av-social-link-linkedin' ><a target=\"_blank\" aria-label=\"Compartir en LinkedIn\" href='https:\/\/linkedin.com\/shareArticle?mini=true&#038;title=Concejal%20Vera%20exige%20soluci%C3%B3n%20urgente%20ante%20suspensi%C3%B3n%20de%20transporte%20subsidiado%20que%20afecta%20a%20personas%20mayores%20de%20%C3%91irehuao%2C%20El%20Gato%20y%20Los%20Aros&#038;url=https:\/\/radiorevelacionfm.cl\/?p=62985' aria-hidden='false' data-av_icon='\ue8fc' data-av_iconfont='entypo-fontello' title='' data-avia-related-tooltip='Compartir en LinkedIn' rel=\"noopener\"><span class='avia_hidden_link_text'>Compartir en LinkedIn<\/span><\/a><\/li><li class='av-share-link av-social-link-mail' ><a  aria-label=\"Compartir por correo\" href='mailto:?subject=Concejal%20Vera%20exige%20soluci%C3%B3n%20urgente%20ante%20suspensi%C3%B3n%20de%20transporte%20subsidiado%20que%20afecta%20a%20personas%20mayores%20de%20%C3%91irehuao%2C%20El%20Gato%20y%20Los%20Aros&#038;body=https:\/\/radiorevelacionfm.cl\/?p=62985' aria-hidden='false' data-av_icon='\ue805' data-av_iconfont='entypo-fontello' title='' data-avia-related-tooltip='Compartir por correo'><span class='avia_hidden_link_text'>Compartir por correo<\/span><\/a><\/li><\/ul><\/div><\/div>\n<div  style='height:50px' class='hr hr-invisible   avia-builder-el-8  el_after_av_social_share  el_before_av_comments_list '><span class='hr-inner ' ><span class='hr-inner-style'><\/span><\/span><\/div>\n<div  class='av-buildercomment  av-blog-meta-html-info-disabled av-blog-meta-tag-disabled  '><\/div>\n","protected":false},"excerpt":{"rendered":"","protected":false},"author":1,"featured_media":62986,"comment_status":"closed","ping_status":"closed","sticky":false,"template":"","format":"standard","meta":{"footnotes":""},"categories":[38],"tags":[],"class_list":["post-62985","post","type-post","status-publish","format-standard","has-post-thumbnail","hentry","category-regional"],"jetpack_featured_media_url":"https:\/\/radiorevelacionfm.cl\/wp-content\/uploads\/2026\/01\/apoyo-01-1_optimized.jpeg","_links":{"self":[{"href":"https:\/\/radiorevelacionfm.cl\/index.php?rest_route=\/wp\/v2\/posts\/62985","targetHints":{"allow":["GET"]}}],"collection":[{"href":"https:\/\/radiorevelacionfm.cl\/index.php?rest_route=\/wp\/v2\/posts"}],"about":[{"href":"https:\/\/radiorevelacionfm.cl\/index.php?rest_route=\/wp\/v2\/types\/post"}],"author":[{"embeddable":true,"href":"https:\/\/radiorevelacionfm.cl\/index.php?rest_route=\/wp\/v2\/users\/1"}],"replies":[{"embeddable":true,"href":"https:\/\/radiorevelacionfm.cl\/index.php?rest_route=%2Fwp%2Fv2%2Fcomments&post=62985"}],"version-history":[{"count":2,"href":"https:\/\/radiorevelacionfm.cl\/index.php?rest_route=\/wp\/v2\/posts\/62985\/revisions"}],"predecessor-version":[{"id":62988,"href":"https:\/\/radiorevelacionfm.cl\/index.php?rest_route=\/wp\/v2\/posts\/62985\/revisions\/62988"}],"wp:featuredmedia":[{"embeddable":true,"href":"https:\/\/radiorevelacionfm.cl\/index.php?rest_route=\/wp\/v2\/media\/62986"}],"wp:attachment":[{"href":"https:\/\/radiorevelacionfm.cl\/index.php?rest_route=%2Fwp%2Fv2%2Fmedia&parent=62985"}],"wp:term":[{"taxonomy":"category","embeddable":true,"href":"https:\/\/radiorevelacionfm.cl\/index.php?rest_route=%2Fwp%2Fv2%2Fcategories&post=62985"},{"taxonomy":"post_tag","embeddable":true,"href":"https:\/\/radiorevelacionfm.cl\/index.php?rest_route=%2Fwp%2Fv2%2Ftags&post=62985"}],"curies":[{"name":"wp","href":"https:\/\/api.w.org\/{rel}","templated":true}]}}