{"id":6298,"date":"2021-07-15T10:23:41","date_gmt":"2021-07-15T13:23:41","guid":{"rendered":"https:\/\/radiorevelacionfm.cl\/?p=6298"},"modified":"2021-07-15T10:23:41","modified_gmt":"2021-07-15T13:23:41","slug":"ministerio-de-justicia-y-registro-civil-presentan-plan-de-renovacion-de-cedulas","status":"publish","type":"post","link":"https:\/\/radiorevelacionfm.cl\/?p=6298","title":{"rendered":"Ministerio de Justicia y Registro Civil presentan \u201cPlan de Renovaci\u00f3n de C\u00e9dulas\u201d"},"content":{"rendered":"<div class=\"flex_column av_one_full  flex_column_div av-zero-column-padding first  avia-builder-el-0  el_before_av_one_full  avia-builder-el-first  \" style='border-radius:0px; '><div  class='avia-image-container  av-styling-    avia-builder-el-1  avia-builder-el-no-sibling  avia-align-center '  itemprop=\"image\" itemscope=\"itemscope\" itemtype=\"https:\/\/schema.org\/ImageObject\"  ><div class='avia-image-container-inner'><div class='avia-image-overlay-wrap'><img decoding=\"async\" class='wp-image-6299 avia-img-lazy-loading-not-6299 avia_image' src=\"https:\/\/radiorevelacionfm.cl\/wp-content\/uploads\/2021\/07\/plan-renovacion-de-cedulas-1-1.jpg\" alt='' title='plan renovaci\u00f3n de c\u00e9dulas (1) (1)' height=\"600\" width=\"900\"  itemprop=\"thumbnailUrl\" srcset=\"https:\/\/radiorevelacionfm.cl\/wp-content\/uploads\/2021\/07\/plan-renovacion-de-cedulas-1-1.jpg 900w, https:\/\/radiorevelacionfm.cl\/wp-content\/uploads\/2021\/07\/plan-renovacion-de-cedulas-1-1-300x200.jpg 300w, https:\/\/radiorevelacionfm.cl\/wp-content\/uploads\/2021\/07\/plan-renovacion-de-cedulas-1-1-768x512.jpg 768w, https:\/\/radiorevelacionfm.cl\/wp-content\/uploads\/2021\/07\/plan-renovacion-de-cedulas-1-1-705x470.jpg 705w, https:\/\/radiorevelacionfm.cl\/wp-content\/uploads\/2021\/07\/plan-renovacion-de-cedulas-1-1-600x400.jpg 600w\" sizes=\"(max-width: 900px) 100vw, 900px\" \/><\/div><\/div><\/div><\/div><div class=\"flex_column av_one_full  flex_column_div av-zero-column-padding first  avia-builder-el-2  el_after_av_one_full  el_before_av_one_full  column-top-margin\" style='border-radius:0px; '><section class=\"av_textblock_section \"  itemscope=\"itemscope\" itemtype=\"https:\/\/schema.org\/BlogPosting\" itemprop=\"blogPost\" ><div class='avia_textblock  '   itemprop=\"text\" ><p style=\"text-align: center;\"><strong><span style=\"font-size: 18pt;\">Ministerio de Justicia y Registro Civil presentan \u201cPlan de Renovaci\u00f3n de C\u00e9dulas\u201d<\/span><\/strong><\/p>\n<div id=\"gtx-trans\" style=\"position: absolute; left: -50px; top: 4.31534px;\">\n<div class=\"gtx-trans-icon\"><\/div>\n<\/div>\n<\/div><\/section><\/div><div class=\"flex_column av_one_full  flex_column_div av-zero-column-padding first  avia-builder-el-4  el_after_av_one_full  el_before_av_hr  column-top-margin\" style='border-radius:0px; '><section class=\"av_textblock_section \"  itemscope=\"itemscope\" itemtype=\"https:\/\/schema.org\/BlogPosting\" itemprop=\"blogPost\" ><div class='avia_textblock  '   itemprop=\"text\" ><p style=\"text-align: justify;\"><strong>\u201cPlan de Renovaci\u00f3n de C\u00e9dulas\u201d <\/strong>se denomina la instancia que ha puesto a disposici\u00f3n desde hoy, el Ministerio de Justica y el Servicio de Registro Civil e Identificaci\u00f3n para todos aquellos ciudadanos chilenos y extranjeros, a quienes a fines de este a\u00f1o y a comienzos del 2022 se les venza su c\u00e9dula de identidad, esto tras caducar los decretos de extensi\u00f3n de c\u00e9dulas que rigen actualmente.<\/p>\n<p style=\"text-align: justify;\">A nivel regional, este plan que operar\u00e1 a trav\u00e9s de un agendamiento en l\u00ednea y s\u00f3lo estar\u00e1 disponible para la oficina de Coyhaique en primera instancia, dado que es la que entrega mayor n\u00famero documentos de identidad en la regi\u00f3n, y para acceder al sistema de agendamiento, se debe ingresar a la p\u00e1gina web <a href=\"http:\/\/www.registrocivil.cl\/\">www.registrocivil.cl<\/a>, pinchar \u201ctr\u00e1mites en l\u00ednea\u201d, y luego entrar a la opci\u00f3n \u201creservar hora\u201d. All\u00ed se selecciona el d\u00eda y la hora para ir a realizar el tr\u00e1mite.<\/p>\n<p style=\"text-align: justify;\">En relaci\u00f3n al anuncio realizado este mi\u00e9rcoles por el Ministro de Justicia Hern\u00e1n Larra\u00edn y el Director Nacional del Servicio de Registro Civil e Identificaci\u00f3n Sergio Mierzejewski, el Seremi de la cartera a nivel regional Luis Prieto Epuyao explic\u00f3 que<strong> \u201c<\/strong>es muy importante que el Registro Civil modernice y digitalice sus sistemas, y esta iniciativa va en esa direcci\u00f3n, dado que gracias al agendamiento en l\u00ednea, las personas en este caso de Coyhaique, ya no tendr\u00e1n que hacer una fila presencialmente para obtener una hora de atenci\u00f3n para renovar su c\u00e9dula de identidad, sino que pueden agendarla desde la casa, a trav\u00e9s de un computador o su tel\u00e9fono celular, y programar hasta con seis meses de anticipaci\u00f3n la realizaci\u00f3n del tr\u00e1mite, con la ventaja, adem\u00e1s de poder elegir el d\u00eda y hora determinados, lo que permite realizar todo en cuesti\u00f3n de minutos, sin largas esperas\u201d.<\/p>\n<p style=\"text-align: justify;\">Mientras que el Director Regional del Servicio de Registro Civil e Identificaci\u00f3n, Rodrigo Aguilera Silva se\u00f1al\u00f3 que \u201ceste es un plan que parti\u00f3 aproximadamente hace un mes en la regi\u00f3n, a nivel nacional unos meses antes, principalmente en Santiago, y la medida tiene como objetivo disminuir los tiempos de espera de las personas, recordando adem\u00e1s que estamos en pandemia y tenemos una aglomeraci\u00f3n mayor a la entrada del edificio por un tema de los protocolos sanitarios y los aforos, eso hace que aumenten las filas en las afueras de las oficinas, y en Coyhaique principalmente, que es donde tenemos el n\u00famero m\u00e1s alto de actuaciones, ya que al tener horas tomadas las personas vienen en el horario indicado y no tienen que esperar, por lo que invitamos a las personas en Coyhaique a acceder a trav\u00e9s de <a href=\"http:\/\/www.registrocivil.cl\">www.registrocivil.cl<\/a> y tomar su hora de atenci\u00f3n, ahora es importante se\u00f1alar que la idea es extender este plan a otras comunas, donde tambi\u00e9n tenemos un alto n\u00famero de cedulas de identidad como por ejemplo Puerto Ays\u00e9n\u201d.<\/p>\n<p style=\"text-align: justify;\">Finalmente y respecto a las elecciones primarias de este domingo, el Seremi Luis Prieto indic\u00f3 que \u201ctodas las personas pueden votar con las c\u00e9dulas de identidad o pasaportes que hayan vencido a contar del 1 de octubre de 2019, seg\u00fan indica la Ley 21.279 del Ministerio de Justicia y Servel. Esta regla tambi\u00e9n se homologa a los electores con c\u00e9dula para extranjeros. Por lo tanto, si alguien tiene el carnet est\u00e1 vencido no debe preocuparse, porque el derecho a sufragar est\u00e1 plenamente resguardado para todos y todas\u00bb.<\/p>\n<\/div><\/section><\/div><div  style='height:50px' class='hr hr-invisible   avia-builder-el-6  el_after_av_one_full  el_before_av_social_share '><span class='hr-inner ' ><span class='hr-inner-style'><\/span><\/span><\/div><\/p>\n<div  class='av-social-sharing-box  avia-builder-el-7  el_after_av_hr  el_before_av_hr  '><div class='av-share-box'><h5 class='av-share-link-description av-no-toc '>Compartir esta noticia<\/h5><ul class='av-share-box-list noLightbox'><li class='av-share-link av-social-link-facebook' ><a target=\"_blank\" aria-label=\"Compartir en Facebook\" href='https:\/\/www.facebook.com\/sharer.php?u=https:\/\/radiorevelacionfm.cl\/?p=6298&#038;t=Ministerio%20de%20Justicia%20y%20Registro%20Civil%20presentan%20%E2%80%9CPlan%20de%20Renovaci%C3%B3n%20de%20C%C3%A9dulas%E2%80%9D' aria-hidden='false' data-av_icon='\ue8f3' data-av_iconfont='entypo-fontello' title='' data-avia-related-tooltip='Compartir en Facebook' rel=\"noopener\"><span class='avia_hidden_link_text'>Compartir en Facebook<\/span><\/a><\/li><li class='av-share-link av-social-link-twitter' ><a target=\"_blank\" aria-label=\"Compartir en Twitter\" href='https:\/\/twitter.com\/share?text=Ministerio%20de%20Justicia%20y%20Registro%20Civil%20presentan%20%E2%80%9CPlan%20de%20Renovaci%C3%B3n%20de%20C%C3%A9dulas%E2%80%9D&#038;url=https:\/\/radiorevelacionfm.cl\/?p=6298' aria-hidden='false' data-av_icon='\ue8f1' data-av_iconfont='entypo-fontello' title='' data-avia-related-tooltip='Compartir en Twitter' rel=\"noopener\"><span class='avia_hidden_link_text'>Compartir en Twitter<\/span><\/a><\/li><li class='av-share-link av-social-link-whatsapp' ><a target=\"_blank\" aria-label=\"Compartir en Whatsapp\" href='https:\/\/api.whatsapp.com\/send?text=https:\/\/radiorevelacionfm.cl\/?p=6298' aria-hidden='false' data-av_icon='\uf232' data-av_iconfont='entypo-fontello' title='' data-avia-related-tooltip='Compartir en Whatsapp' rel=\"noopener\"><span class='avia_hidden_link_text'>Compartir en Whatsapp<\/span><\/a><\/li><li class='av-share-link av-social-link-linkedin' ><a target=\"_blank\" aria-label=\"Compartir en LinkedIn\" href='https:\/\/linkedin.com\/shareArticle?mini=true&#038;title=Ministerio%20de%20Justicia%20y%20Registro%20Civil%20presentan%20%E2%80%9CPlan%20de%20Renovaci%C3%B3n%20de%20C%C3%A9dulas%E2%80%9D&#038;url=https:\/\/radiorevelacionfm.cl\/?p=6298' aria-hidden='false' data-av_icon='\ue8fc' data-av_iconfont='entypo-fontello' title='' data-avia-related-tooltip='Compartir en LinkedIn' rel=\"noopener\"><span class='avia_hidden_link_text'>Compartir en LinkedIn<\/span><\/a><\/li><li class='av-share-link av-social-link-mail' ><a  aria-label=\"Compartir por correo\" href='mailto:?subject=Ministerio%20de%20Justicia%20y%20Registro%20Civil%20presentan%20%E2%80%9CPlan%20de%20Renovaci%C3%B3n%20de%20C%C3%A9dulas%E2%80%9D&#038;body=https:\/\/radiorevelacionfm.cl\/?p=6298' aria-hidden='false' data-av_icon='\ue805' data-av_iconfont='entypo-fontello' title='' data-avia-related-tooltip='Compartir por correo'><span class='avia_hidden_link_text'>Compartir por correo<\/span><\/a><\/li><\/ul><\/div><\/div>\n<div  style='height:50px' class='hr hr-invisible   avia-builder-el-8  el_after_av_social_share  el_before_av_comments_list '><span class='hr-inner ' ><span class='hr-inner-style'><\/span><\/span><\/div>\n<div  class='av-buildercomment  av-blog-meta-html-info-disabled av-blog-meta-tag-disabled  '><\/div>\n","protected":false},"excerpt":{"rendered":"","protected":false},"author":1,"featured_media":6299,"comment_status":"open","ping_status":"open","sticky":false,"template":"","format":"standard","meta":{"footnotes":""},"categories":[55],"tags":[],"class_list":["post-6298","post","type-post","status-publish","format-standard","has-post-thumbnail","hentry","category-justicia"],"jetpack_featured_media_url":"https:\/\/radiorevelacionfm.cl\/wp-content\/uploads\/2021\/07\/plan-renovacion-de-cedulas-1-1.jpg","_links":{"self":[{"href":"https:\/\/radiorevelacionfm.cl\/index.php?rest_route=\/wp\/v2\/posts\/6298","targetHints":{"allow":["GET"]}}],"collection":[{"href":"https:\/\/radiorevelacionfm.cl\/index.php?rest_route=\/wp\/v2\/posts"}],"about":[{"href":"https:\/\/radiorevelacionfm.cl\/index.php?rest_route=\/wp\/v2\/types\/post"}],"author":[{"embeddable":true,"href":"https:\/\/radiorevelacionfm.cl\/index.php?rest_route=\/wp\/v2\/users\/1"}],"replies":[{"embeddable":true,"href":"https:\/\/radiorevelacionfm.cl\/index.php?rest_route=%2Fwp%2Fv2%2Fcomments&post=6298"}],"version-history":[{"count":1,"href":"https:\/\/radiorevelacionfm.cl\/index.php?rest_route=\/wp\/v2\/posts\/6298\/revisions"}],"predecessor-version":[{"id":6300,"href":"https:\/\/radiorevelacionfm.cl\/index.php?rest_route=\/wp\/v2\/posts\/6298\/revisions\/6300"}],"wp:featuredmedia":[{"embeddable":true,"href":"https:\/\/radiorevelacionfm.cl\/index.php?rest_route=\/wp\/v2\/media\/6299"}],"wp:attachment":[{"href":"https:\/\/radiorevelacionfm.cl\/index.php?rest_route=%2Fwp%2Fv2%2Fmedia&parent=6298"}],"wp:term":[{"taxonomy":"category","embeddable":true,"href":"https:\/\/radiorevelacionfm.cl\/index.php?rest_route=%2Fwp%2Fv2%2Fcategories&post=6298"},{"taxonomy":"post_tag","embeddable":true,"href":"https:\/\/radiorevelacionfm.cl\/index.php?rest_route=%2Fwp%2Fv2%2Ftags&post=6298"}],"curies":[{"name":"wp","href":"https:\/\/api.w.org\/{rel}","templated":true}]}}