{"id":62977,"date":"2026-01-05T21:07:14","date_gmt":"2026-01-06T00:07:14","guid":{"rendered":"https:\/\/radiorevelacionfm.cl\/?p=62977"},"modified":"2026-01-05T21:07:14","modified_gmt":"2026-01-06T00:07:14","slug":"balance-educativo-en-aysen-el-cumplimiento-de-un-compromiso-clave-con-el-porvenir-regional","status":"publish","type":"post","link":"https:\/\/radiorevelacionfm.cl\/?p=62977","title":{"rendered":"Balance Educativo en Ays\u00e9n: El cumplimiento de un compromiso clave con el porvenir regional"},"content":{"rendered":"<div class=\"flex_column av_one_full  flex_column_div av-zero-column-padding first  avia-builder-el-0  el_before_av_one_full  avia-builder-el-first  \" style='border-radius:0px; '><div  class='avia-image-container  av-styling-    avia-builder-el-1  avia-builder-el-no-sibling  avia-align-center '  itemprop=\"image\" itemscope=\"itemscope\" itemtype=\"https:\/\/schema.org\/ImageObject\"  ><div class='avia-image-container-inner'><div class='avia-image-overlay-wrap'><img decoding=\"async\" class='wp-image-62978 avia-img-lazy-loading-not-62978 avia_image' src=\"https:\/\/radiorevelacionfm.cl\/wp-content\/uploads\/2026\/01\/Seremi-de-Gobierno_columna_05.01.26-1-1.jpeg\" alt='' title='Seremi de Gobierno_columna_05.01.26 (1) (1)' height=\"600\" width=\"844\"  itemprop=\"thumbnailUrl\" srcset=\"https:\/\/radiorevelacionfm.cl\/wp-content\/uploads\/2026\/01\/Seremi-de-Gobierno_columna_05.01.26-1-1.jpeg 844w, https:\/\/radiorevelacionfm.cl\/wp-content\/uploads\/2026\/01\/Seremi-de-Gobierno_columna_05.01.26-1-1-300x213.jpeg 300w, https:\/\/radiorevelacionfm.cl\/wp-content\/uploads\/2026\/01\/Seremi-de-Gobierno_columna_05.01.26-1-1-768x546.jpeg 768w, https:\/\/radiorevelacionfm.cl\/wp-content\/uploads\/2026\/01\/Seremi-de-Gobierno_columna_05.01.26-1-1-260x185.jpeg 260w, https:\/\/radiorevelacionfm.cl\/wp-content\/uploads\/2026\/01\/Seremi-de-Gobierno_columna_05.01.26-1-1-705x501.jpeg 705w, https:\/\/radiorevelacionfm.cl\/wp-content\/uploads\/2026\/01\/Seremi-de-Gobierno_columna_05.01.26-1-1-450x320.jpeg 450w, https:\/\/radiorevelacionfm.cl\/wp-content\/uploads\/2026\/01\/Seremi-de-Gobierno_columna_05.01.26-1-1-600x427.jpeg 600w\" sizes=\"(max-width: 844px) 100vw, 844px\" \/><\/div><\/div><\/div><\/div><div class=\"flex_column av_one_full  flex_column_div av-zero-column-padding first  avia-builder-el-2  el_after_av_one_full  el_before_av_one_full  column-top-margin\" style='border-radius:0px; '><section class=\"av_textblock_section \"  itemscope=\"itemscope\" itemtype=\"https:\/\/schema.org\/BlogPosting\" itemprop=\"blogPost\" ><div class='avia_textblock  '   itemprop=\"text\" ><p style=\"text-align: center;\"><strong><span style=\"font-size: 18pt;\">Balance Educativo en Ays\u00e9n: El cumplimiento de un compromiso clave con el porvenir regional<\/span><\/strong><\/p>\n<div id=\"gtx-trans\" style=\"position: absolute; left: -50px; top: 4.31534px;\">\n<div class=\"gtx-trans-icon\"><\/div>\n<\/div>\n<\/div><\/section><\/div><div class=\"flex_column av_one_full  flex_column_div av-zero-column-padding first  avia-builder-el-4  el_after_av_one_full  el_before_av_hr  column-top-margin\" style='border-radius:0px; '><section class=\"av_textblock_section \"  itemscope=\"itemscope\" itemtype=\"https:\/\/schema.org\/BlogPosting\" itemprop=\"blogPost\" ><div class='avia_textblock  '   itemprop=\"text\" ><p style=\"text-align: justify;\"><em>Por: \u00darsula Mix, Seremi de Gobierno Ays\u00e9n.<\/em><\/p>\n<p style=\"text-align: justify;\">La educaci\u00f3n no es s\u00f3lo un derecho, es el motor que transforma realidades. Al cerrar ciclos e iniciar nuevos desaf\u00edos este 2026, el Gobierno del Presidente Gabriel Boric consolida una gesti\u00f3n enfocada en descentralizar las oportunidades y dignificar el proceso de ense\u00f1anza y aprendizaje en cada rinc\u00f3n de nuestro territorio.<\/p>\n<p style=\"text-align: justify;\">Uno de los pilares fundamentales de este avance ha sido la implementaci\u00f3n del Servicio Local de Educaci\u00f3n P\u00fablica (SLEP) Ays\u00e9n. Este cambio de paradigma no s\u00f3lo ha garantizado la continuidad y estabilidad del sistema, sino que ha permitido un acompa\u00f1amiento pedag\u00f3gico directo, entendiendo que las necesidades de una escuela rural en Arroyo El Gato o Villa O\u00b4Higgins son distintas a las de un liceo urbano en Coyhaique.<\/p>\n<p style=\"text-align: justify;\">La dignidad se construye con hechos concretos. Por ello, impulsamos una inversi\u00f3n hist\u00f3rica cercana a los $7.000 millones de pesos en infraestructura educacional. A trav\u00e9s de m\u00e1s de 30 proyectos de conservaci\u00f3n, hemos llegado a localidades como Tortel, Bah\u00eda Murta y Puerto Ays\u00e9n, mejorando espacios educativos para que est\u00e9n a la altura del talento, el esfuerzo y los sue\u00f1os de nuestras y nuestros estudiantes.<\/p>\n<p style=\"text-align: justify;\">En una regi\u00f3n marcada por la dispersi\u00f3n geogr\u00e1fica, la equidad educativa exige enfrentar el aislamiento. Hoy podemos decir con orgullo que hemos priorizado sistemas de calefacci\u00f3n digna en zonas extremas como Ra\u00fal Mar\u00edn Balmaceda, Puyuhuapi y Puerto Bertrand, y que alcanzamos el 100% de conectividad en los establecimientos del SLEP Ays\u00e9n. Estos avances no son menores: significan acortar brechas hist\u00f3ricas y garantizar acceso efectivo al conocimiento en la era digital.<\/p>\n<p style=\"text-align: justify;\">El fortalecimiento ha sido integral y transversal. Desde la primera infancia hasta la educaci\u00f3n superior, hemos acompa\u00f1ado a las comunidades educativas con pol\u00edticas concretas. La educaci\u00f3n parvularia se ha robustecido con nuevos jardines infantiles y material pedag\u00f3gico de alto est\u00e1ndar, mientras que m\u00e1s de 9.000 estudiantes cuentan hoy con el respaldo de JUNAEB. A ello se suma el aumento del 10% en la Beca Patagonia, un apoyo directo que alivia el presupuesto de cientos de familias de la regi\u00f3n.<\/p>\n<p style=\"text-align: justify;\">Este per\u00edodo tambi\u00e9n ha estado marcado por avances en justicia social largamente postergada. El inicio del pago de la Deuda Hist\u00f3rica a profesoras y profesores comienza a saldar una herida abierta por d\u00e9cadas con quienes dedicaron su vida a formar generaciones. Asimismo, el fortalecimiento de la Universidad de Ays\u00e9n y del Centro de Formaci\u00f3n T\u00e9cnica Estatal \u2014con nuevas sedes, laboratorios y salas\u2014 reafirma nuestro compromiso con una educaci\u00f3n superior p\u00fablica y de calidad, permitiendo que las y los j\u00f3venes puedan proyectar su futuro sin tener que abandonar su territorio.<\/p>\n<p style=\"text-align: justify;\">Sabemos que a\u00fan existen desaf\u00edos. La educaci\u00f3n es una tarea permanente y colectiva, que requiere constancia y di\u00e1logo. Sin embargo, los avances alcanzados son realidades concretas que fortalecen el tejido social y proyectan un mejor porvenir para Ays\u00e9n. Estamos construyendo una educaci\u00f3n p\u00fablica, gratuita y de calidad, que nace desde el territorio y se proyecta para el desarrollo integral de nuestra regi\u00f3n.<\/p>\n<\/div><\/section><\/div><div  style='height:50px' class='hr hr-invisible   avia-builder-el-6  el_after_av_one_full  el_before_av_social_share '><span class='hr-inner ' ><span class='hr-inner-style'><\/span><\/span><\/div><\/p>\n<div  class='av-social-sharing-box  avia-builder-el-7  el_after_av_hr  el_before_av_hr  '><div class='av-share-box'><h5 class='av-share-link-description av-no-toc '>Compartir esta noticia<\/h5><ul class='av-share-box-list noLightbox'><li class='av-share-link av-social-link-facebook' ><a target=\"_blank\" aria-label=\"Compartir en Facebook\" href='https:\/\/www.facebook.com\/sharer.php?u=https:\/\/radiorevelacionfm.cl\/?p=62977&#038;t=Balance%20Educativo%20en%20Ays%C3%A9n%3A%20El%20cumplimiento%20de%20un%20compromiso%20clave%20con%20el%20porvenir%20regional' aria-hidden='false' data-av_icon='\ue8f3' data-av_iconfont='entypo-fontello' title='' data-avia-related-tooltip='Compartir en Facebook' rel=\"noopener\"><span class='avia_hidden_link_text'>Compartir en Facebook<\/span><\/a><\/li><li class='av-share-link av-social-link-twitter' ><a target=\"_blank\" aria-label=\"Compartir en Twitter\" href='https:\/\/twitter.com\/share?text=Balance%20Educativo%20en%20Ays%C3%A9n%3A%20El%20cumplimiento%20de%20un%20compromiso%20clave%20con%20el%20porvenir%20regional&#038;url=https:\/\/radiorevelacionfm.cl\/?p=62977' aria-hidden='false' data-av_icon='\ue8f1' data-av_iconfont='entypo-fontello' title='' data-avia-related-tooltip='Compartir en Twitter' rel=\"noopener\"><span class='avia_hidden_link_text'>Compartir en Twitter<\/span><\/a><\/li><li class='av-share-link av-social-link-whatsapp' ><a target=\"_blank\" aria-label=\"Compartir en Whatsapp\" href='https:\/\/api.whatsapp.com\/send?text=https:\/\/radiorevelacionfm.cl\/?p=62977' aria-hidden='false' data-av_icon='\uf232' data-av_iconfont='entypo-fontello' title='' data-avia-related-tooltip='Compartir en Whatsapp' rel=\"noopener\"><span class='avia_hidden_link_text'>Compartir en Whatsapp<\/span><\/a><\/li><li class='av-share-link av-social-link-linkedin' ><a target=\"_blank\" aria-label=\"Compartir en LinkedIn\" href='https:\/\/linkedin.com\/shareArticle?mini=true&#038;title=Balance%20Educativo%20en%20Ays%C3%A9n%3A%20El%20cumplimiento%20de%20un%20compromiso%20clave%20con%20el%20porvenir%20regional&#038;url=https:\/\/radiorevelacionfm.cl\/?p=62977' aria-hidden='false' data-av_icon='\ue8fc' data-av_iconfont='entypo-fontello' title='' data-avia-related-tooltip='Compartir en LinkedIn' rel=\"noopener\"><span class='avia_hidden_link_text'>Compartir en LinkedIn<\/span><\/a><\/li><li class='av-share-link av-social-link-mail' ><a  aria-label=\"Compartir por correo\" href='mailto:?subject=Balance%20Educativo%20en%20Ays%C3%A9n%3A%20El%20cumplimiento%20de%20un%20compromiso%20clave%20con%20el%20porvenir%20regional&#038;body=https:\/\/radiorevelacionfm.cl\/?p=62977' aria-hidden='false' data-av_icon='\ue805' data-av_iconfont='entypo-fontello' title='' data-avia-related-tooltip='Compartir por correo'><span class='avia_hidden_link_text'>Compartir por correo<\/span><\/a><\/li><\/ul><\/div><\/div>\n<div  style='height:50px' class='hr hr-invisible   avia-builder-el-8  el_after_av_social_share  el_before_av_comments_list '><span class='hr-inner ' ><span class='hr-inner-style'><\/span><\/span><\/div>\n<div  class='av-buildercomment  av-blog-meta-html-info-disabled av-blog-meta-tag-disabled  '><\/div>\n","protected":false},"excerpt":{"rendered":"","protected":false},"author":1,"featured_media":62978,"comment_status":"closed","ping_status":"closed","sticky":false,"template":"","format":"standard","meta":{"footnotes":""},"categories":[50],"tags":[],"class_list":["post-62977","post","type-post","status-publish","format-standard","has-post-thumbnail","hentry","category-cartas-y-opinion"],"jetpack_featured_media_url":"https:\/\/radiorevelacionfm.cl\/wp-content\/uploads\/2026\/01\/Seremi-de-Gobierno_columna_05.01.26-1-1.jpeg","_links":{"self":[{"href":"https:\/\/radiorevelacionfm.cl\/index.php?rest_route=\/wp\/v2\/posts\/62977","targetHints":{"allow":["GET"]}}],"collection":[{"href":"https:\/\/radiorevelacionfm.cl\/index.php?rest_route=\/wp\/v2\/posts"}],"about":[{"href":"https:\/\/radiorevelacionfm.cl\/index.php?rest_route=\/wp\/v2\/types\/post"}],"author":[{"embeddable":true,"href":"https:\/\/radiorevelacionfm.cl\/index.php?rest_route=\/wp\/v2\/users\/1"}],"replies":[{"embeddable":true,"href":"https:\/\/radiorevelacionfm.cl\/index.php?rest_route=%2Fwp%2Fv2%2Fcomments&post=62977"}],"version-history":[{"count":2,"href":"https:\/\/radiorevelacionfm.cl\/index.php?rest_route=\/wp\/v2\/posts\/62977\/revisions"}],"predecessor-version":[{"id":62980,"href":"https:\/\/radiorevelacionfm.cl\/index.php?rest_route=\/wp\/v2\/posts\/62977\/revisions\/62980"}],"wp:featuredmedia":[{"embeddable":true,"href":"https:\/\/radiorevelacionfm.cl\/index.php?rest_route=\/wp\/v2\/media\/62978"}],"wp:attachment":[{"href":"https:\/\/radiorevelacionfm.cl\/index.php?rest_route=%2Fwp%2Fv2%2Fmedia&parent=62977"}],"wp:term":[{"taxonomy":"category","embeddable":true,"href":"https:\/\/radiorevelacionfm.cl\/index.php?rest_route=%2Fwp%2Fv2%2Fcategories&post=62977"},{"taxonomy":"post_tag","embeddable":true,"href":"https:\/\/radiorevelacionfm.cl\/index.php?rest_route=%2Fwp%2Fv2%2Ftags&post=62977"}],"curies":[{"name":"wp","href":"https:\/\/api.w.org\/{rel}","templated":true}]}}