{"id":62969,"date":"2026-01-05T17:35:19","date_gmt":"2026-01-05T20:35:19","guid":{"rendered":"https:\/\/radiorevelacionfm.cl\/?p=62969"},"modified":"2026-01-05T17:35:19","modified_gmt":"2026-01-05T20:35:19","slug":"corfo-lanza-programa-que-prepara-al-turismo-de-puerto-cisnes-para-la-adaptacion-climatica-y-nuevos-mercados","status":"publish","type":"post","link":"https:\/\/radiorevelacionfm.cl\/?p=62969","title":{"rendered":"Corfo lanza programa que prepara al turismo de Puerto Cisnes para la adaptaci\u00f3n clim\u00e1tica y nuevos mercados"},"content":{"rendered":"<div class=\"flex_column av_one_full  flex_column_div av-zero-column-padding first  avia-builder-el-0  el_before_av_one_full  avia-builder-el-first  \" style='border-radius:0px; '><div  class='avia-image-container  av-styling-    avia-builder-el-1  avia-builder-el-no-sibling  avia-align-center '  itemprop=\"image\" itemscope=\"itemscope\" itemtype=\"https:\/\/schema.org\/ImageObject\"  ><div class='avia-image-container-inner'><div class='avia-image-overlay-wrap'><img decoding=\"async\" class='wp-image-62970 avia-img-lazy-loading-not-62970 avia_image' src=\"https:\/\/radiorevelacionfm.cl\/wp-content\/uploads\/2026\/01\/4-2026-01-05t173431_optimized.407-1.jpg\" alt='' title='4 - -2026-01-05t173431_optimized.407-(1)' height=\"600\" width=\"1083\"  itemprop=\"thumbnailUrl\" srcset=\"https:\/\/radiorevelacionfm.cl\/wp-content\/uploads\/2026\/01\/4-2026-01-05t173431_optimized.407-1.jpg 1083w, https:\/\/radiorevelacionfm.cl\/wp-content\/uploads\/2026\/01\/4-2026-01-05t173431_optimized.407-1-300x166.jpg 300w, https:\/\/radiorevelacionfm.cl\/wp-content\/uploads\/2026\/01\/4-2026-01-05t173431_optimized.407-1-1030x571.jpg 1030w, https:\/\/radiorevelacionfm.cl\/wp-content\/uploads\/2026\/01\/4-2026-01-05t173431_optimized.407-1-768x425.jpg 768w, https:\/\/radiorevelacionfm.cl\/wp-content\/uploads\/2026\/01\/4-2026-01-05t173431_optimized.407-1-705x391.jpg 705w, https:\/\/radiorevelacionfm.cl\/wp-content\/uploads\/2026\/01\/4-2026-01-05t173431_optimized.407-1-450x249.jpg 450w, https:\/\/radiorevelacionfm.cl\/wp-content\/uploads\/2026\/01\/4-2026-01-05t173431_optimized.407-1-600x332.jpg 600w\" sizes=\"(max-width: 1083px) 100vw, 1083px\" \/><\/div><\/div><\/div><\/div><div class=\"flex_column av_one_full  flex_column_div av-zero-column-padding first  avia-builder-el-2  el_after_av_one_full  el_before_av_one_full  column-top-margin\" style='border-radius:0px; '><section class=\"av_textblock_section \"  itemscope=\"itemscope\" itemtype=\"https:\/\/schema.org\/BlogPosting\" itemprop=\"blogPost\" ><div class='avia_textblock  '   itemprop=\"text\" ><p style=\"text-align: center;\"><span style=\"font-size: 18pt;\"><b>Corfo lanza programa que prepara al turismo de Puerto Cisnes para la adaptaci\u00f3n clim\u00e1tica y nuevos mercados<\/b><\/span><\/p>\n<div id=\"gtx-trans\" style=\"position: absolute; left: -50px; top: 4.31534px;\">\n<div class=\"gtx-trans-icon\"><\/div>\n<\/div>\n<\/div><\/section><\/div><div class=\"flex_column av_one_full  flex_column_div av-zero-column-padding first  avia-builder-el-4  el_after_av_one_full  el_before_av_hr  column-top-margin\" style='border-radius:0px; '><section class=\"av_textblock_section \"  itemscope=\"itemscope\" itemtype=\"https:\/\/schema.org\/BlogPosting\" itemprop=\"blogPost\" ><div class='avia_textblock  '   itemprop=\"text\" ><p style=\"font-weight: 400; text-align: justify;\"><em>La iniciativa articula a actores p\u00fablicos, privados y comunitarios para fortalecer capacidades locales y proyectar un turismo sostenible en Ays\u00e9n Norte.<\/em><\/p>\n<p style=\"font-weight: 400; text-align: justify;\">Con foco en la adaptaci\u00f3n al cambio clim\u00e1tico, la innovaci\u00f3n y la sostenibilidad productiva, inici\u00f3 <em>Emprende Ays\u00e9n Norte Sostenible<\/em>, iniciativa apoyada por Corfo Ays\u00e9n a trav\u00e9s del programa Viraliza Formaci\u00f3n, que busca fortalecer la competitividad de los emprendimientos tur\u00edsticos de Puerto Cisnes y su entorno, anticip\u00e1ndose a nuevos est\u00e1ndares ambientales y a las transformaciones del mercado tur\u00edstico internacional.<\/p>\n<p style=\"font-weight: 400; text-align: justify;\">El programa es ejecutado por la consultora Grandes Destinos, cuenta con el respaldo estrat\u00e9gico del Consejo del Salm\u00f3n y la coordinaci\u00f3n territorial de la Corporaci\u00f3n Queulat, en una articulaci\u00f3n p\u00fablico-privada-comunitaria orientada a asegurar pertinencia territorial, escalabilidad y una proyecci\u00f3n de largo plazo para el desarrollo del destino.<\/p>\n<p style=\"font-weight: 400; text-align: justify;\">La iniciativa busca preparar al sector para escenarios productivos y ambientales cada vez m\u00e1s exigentes, incorporando principios de econom\u00eda circular, modelos de negocio adaptativos y estrategias de respuesta frente al cambio clim\u00e1tico. El programa contempla la participaci\u00f3n de 30 emprendedoras y emprendedores, quienes ser\u00e1n convocados entre enero y febrero mediante un proceso abierto dirigido a actores del ecosistema local.<\/p>\n<p style=\"font-weight: 400; text-align: justify;\">Desde Corfo Ays\u00e9n, su director Humberto Mar\u00edn Leiva, destac\u00f3 que esta iniciativa responde a un cambio estructural en la forma de entender el desarrollo tur\u00edstico en la regi\u00f3n. \u201cHoy el desaf\u00edo no es solo atraer m\u00e1s visitantes, sino preparar a los emprendimientos para enfrentar escenarios clim\u00e1ticos m\u00e1s complejos, mayores exigencias de sostenibilidad y mercados que valoran experiencias responsables y con identidad territorial. Este programa apunta justamente a eso: a fortalecer capacidades locales para un turismo con futuro\u201d, se\u00f1al\u00f3.<\/p>\n<p style=\"font-weight: 400; text-align: justify;\">Para Jaime Guazzini, representante de Grandes Destinos, \u201cEmprende Ays\u00e9n Norte Sostenible es un programa innovador que busca fortalecer negocios tur\u00edsticos din\u00e1micos y resilientes en Puerto Cisnes y su entorno, potenciando la sostenibilidad, la innovaci\u00f3n y la adaptaci\u00f3n frente a la crisis clim\u00e1tica\u201d. El profesional valor\u00f3 la coherencia del programa con los Objetivos de Desarrollo Sostenible y la importancia de la formaci\u00f3n presencial para asegurar aprendizajes aplicados.<\/p>\n<p style=\"font-weight: 400; text-align: justify;\">Por su parte, Olga Soto, presidenta de la Corporaci\u00f3n Queulat, afirm\u00f3 que la iniciativa \u201cpermitir\u00e1 transferir competencias clave para innovar, gestionar y comercializar nuestros emprendimientos tur\u00edsticos con responsabilidad ambiental y social\u201d, destacando el aporte del programa al fortalecimiento del destino como referente del turismo sostenible.<\/p>\n<p style=\"font-weight: 400; text-align: justify;\">Desde el sector productivo, la presidenta ejecutiva del Consejo del Salm\u00f3n, Loreto Seguel King, destac\u00f3 que esta iniciativa da continuidad al trabajo que el gremio ha venido desarrollando junto al turismo y la gastronom\u00eda regional, fortaleciendo la econom\u00eda circular y la identidad local como ejes compartidos entre sectores productivos estrat\u00e9gicos del sur austral. \u201cEste proyecto p\u00fablico-privado en Puerto Cisnes y su entorno ratifica nuestro compromiso no solo con la regi\u00f3n y las familias que son parte de ella, sino tambi\u00e9n con otros sectores clave para el desarrollo del sur austral, impulsando la sostenibilidad y la identidad territorial\u201d, se\u00f1al\u00f3.<\/p>\n<p style=\"font-weight: 400; text-align: justify;\"><strong>FORTALECIMIENTO DE CAPACIDADES Y HERRAMIENTAS APLICADAS<\/strong><\/p>\n<p style=\"font-weight: 400; text-align: justify;\">El dise\u00f1o del programa considera una formaci\u00f3n 100% presencial, que integra m\u00f3dulos de gesti\u00f3n ambiental, innovaci\u00f3n, promoci\u00f3n digital y revisi\u00f3n de modelos de negocio. La propuesta se complementa con mentor\u00edas personalizadas, acompa\u00f1amiento t\u00e9cnico y el acceso a una plataforma digital que funcionar\u00e1 como repositorio de contenidos, buenas pr\u00e1cticas y testimonios. Este recurso quedar\u00e1 disponible como herramienta abierta para el conjunto del sector tur\u00edstico regional, ampliando el impacto m\u00e1s all\u00e1 del grupo participante. Adem\u00e1s, se realizar\u00e1 un diagn\u00f3stico de entrada para identificar brechas de conocimiento y orientar los contenidos formativos a las necesidades reales del territorio.<\/p>\n<p style=\"font-weight: 400; text-align: justify;\">El programa surge de una articulaci\u00f3n p\u00fablico-privada-comunitaria que re\u00fane a diversas organizaciones locales, lo que asegura pertinencia territorial y proyecci\u00f3n. Grandes Destinos se encarga de la ejecuci\u00f3n t\u00e9cnica; la Corporaci\u00f3n Queulat aporta coordinaci\u00f3n en terreno; y el Consejo del Salm\u00f3n refuerza el v\u00ednculo con otros sectores productivos. Esta estructura permite conectar capacidades y generar una mirada compartida sobre el desarrollo sostenible del destino Puerto Cisnes.<\/p>\n<p style=\"font-weight: 400; text-align: justify;\">Durante enero y febrero se realizar\u00e1 la convocatoria, la cual contar\u00e1 con 30 cupos disponibles, para posteriormente iniciar el proceso formativo y el acompa\u00f1amiento t\u00e9cnico.<\/p>\n<\/div><\/section><\/div><div  style='height:50px' class='hr hr-invisible   avia-builder-el-6  el_after_av_one_full  el_before_av_social_share '><span class='hr-inner ' ><span class='hr-inner-style'><\/span><\/span><\/div><\/p>\n<div  class='av-social-sharing-box  avia-builder-el-7  el_after_av_hr  el_before_av_hr  '><div class='av-share-box'><h5 class='av-share-link-description av-no-toc '>Compartir esta noticia<\/h5><ul class='av-share-box-list noLightbox'><li class='av-share-link av-social-link-facebook' ><a target=\"_blank\" aria-label=\"Compartir en Facebook\" href='https:\/\/www.facebook.com\/sharer.php?u=https:\/\/radiorevelacionfm.cl\/?p=62969&#038;t=Corfo%20lanza%20programa%20que%20prepara%20al%20turismo%20de%20Puerto%20Cisnes%20para%20la%20adaptaci%C3%B3n%20clim%C3%A1tica%20y%20nuevos%20mercados' aria-hidden='false' data-av_icon='\ue8f3' data-av_iconfont='entypo-fontello' title='' data-avia-related-tooltip='Compartir en Facebook' rel=\"noopener\"><span class='avia_hidden_link_text'>Compartir en Facebook<\/span><\/a><\/li><li class='av-share-link av-social-link-twitter' ><a target=\"_blank\" aria-label=\"Compartir en Twitter\" href='https:\/\/twitter.com\/share?text=Corfo%20lanza%20programa%20que%20prepara%20al%20turismo%20de%20Puerto%20Cisnes%20para%20la%20adaptaci%C3%B3n%20clim%C3%A1tica%20y%20nuevos%20mercados&#038;url=https:\/\/radiorevelacionfm.cl\/?p=62969' aria-hidden='false' data-av_icon='\ue8f1' data-av_iconfont='entypo-fontello' title='' data-avia-related-tooltip='Compartir en Twitter' rel=\"noopener\"><span class='avia_hidden_link_text'>Compartir en Twitter<\/span><\/a><\/li><li class='av-share-link av-social-link-whatsapp' ><a target=\"_blank\" aria-label=\"Compartir en Whatsapp\" href='https:\/\/api.whatsapp.com\/send?text=https:\/\/radiorevelacionfm.cl\/?p=62969' aria-hidden='false' data-av_icon='\uf232' data-av_iconfont='entypo-fontello' title='' data-avia-related-tooltip='Compartir en Whatsapp' rel=\"noopener\"><span class='avia_hidden_link_text'>Compartir en Whatsapp<\/span><\/a><\/li><li class='av-share-link av-social-link-linkedin' ><a target=\"_blank\" aria-label=\"Compartir en LinkedIn\" href='https:\/\/linkedin.com\/shareArticle?mini=true&#038;title=Corfo%20lanza%20programa%20que%20prepara%20al%20turismo%20de%20Puerto%20Cisnes%20para%20la%20adaptaci%C3%B3n%20clim%C3%A1tica%20y%20nuevos%20mercados&#038;url=https:\/\/radiorevelacionfm.cl\/?p=62969' aria-hidden='false' data-av_icon='\ue8fc' data-av_iconfont='entypo-fontello' title='' data-avia-related-tooltip='Compartir en LinkedIn' rel=\"noopener\"><span class='avia_hidden_link_text'>Compartir en LinkedIn<\/span><\/a><\/li><li class='av-share-link av-social-link-mail' ><a  aria-label=\"Compartir por correo\" href='mailto:?subject=Corfo%20lanza%20programa%20que%20prepara%20al%20turismo%20de%20Puerto%20Cisnes%20para%20la%20adaptaci%C3%B3n%20clim%C3%A1tica%20y%20nuevos%20mercados&#038;body=https:\/\/radiorevelacionfm.cl\/?p=62969' aria-hidden='false' data-av_icon='\ue805' data-av_iconfont='entypo-fontello' title='' data-avia-related-tooltip='Compartir por correo'><span class='avia_hidden_link_text'>Compartir por correo<\/span><\/a><\/li><\/ul><\/div><\/div>\n<div  style='height:50px' class='hr hr-invisible   avia-builder-el-8  el_after_av_social_share  el_before_av_comments_list '><span class='hr-inner ' ><span class='hr-inner-style'><\/span><\/span><\/div>\n<div  class='av-buildercomment  av-blog-meta-html-info-disabled av-blog-meta-tag-disabled  '><\/div>\n","protected":false},"excerpt":{"rendered":"","protected":false},"author":1,"featured_media":62970,"comment_status":"closed","ping_status":"closed","sticky":false,"template":"","format":"standard","meta":{"footnotes":""},"categories":[38],"tags":[],"class_list":["post-62969","post","type-post","status-publish","format-standard","has-post-thumbnail","hentry","category-regional"],"jetpack_featured_media_url":"https:\/\/radiorevelacionfm.cl\/wp-content\/uploads\/2026\/01\/4-2026-01-05t173431_optimized.407-1.jpg","_links":{"self":[{"href":"https:\/\/radiorevelacionfm.cl\/index.php?rest_route=\/wp\/v2\/posts\/62969","targetHints":{"allow":["GET"]}}],"collection":[{"href":"https:\/\/radiorevelacionfm.cl\/index.php?rest_route=\/wp\/v2\/posts"}],"about":[{"href":"https:\/\/radiorevelacionfm.cl\/index.php?rest_route=\/wp\/v2\/types\/post"}],"author":[{"embeddable":true,"href":"https:\/\/radiorevelacionfm.cl\/index.php?rest_route=\/wp\/v2\/users\/1"}],"replies":[{"embeddable":true,"href":"https:\/\/radiorevelacionfm.cl\/index.php?rest_route=%2Fwp%2Fv2%2Fcomments&post=62969"}],"version-history":[{"count":2,"href":"https:\/\/radiorevelacionfm.cl\/index.php?rest_route=\/wp\/v2\/posts\/62969\/revisions"}],"predecessor-version":[{"id":62972,"href":"https:\/\/radiorevelacionfm.cl\/index.php?rest_route=\/wp\/v2\/posts\/62969\/revisions\/62972"}],"wp:featuredmedia":[{"embeddable":true,"href":"https:\/\/radiorevelacionfm.cl\/index.php?rest_route=\/wp\/v2\/media\/62970"}],"wp:attachment":[{"href":"https:\/\/radiorevelacionfm.cl\/index.php?rest_route=%2Fwp%2Fv2%2Fmedia&parent=62969"}],"wp:term":[{"taxonomy":"category","embeddable":true,"href":"https:\/\/radiorevelacionfm.cl\/index.php?rest_route=%2Fwp%2Fv2%2Fcategories&post=62969"},{"taxonomy":"post_tag","embeddable":true,"href":"https:\/\/radiorevelacionfm.cl\/index.php?rest_route=%2Fwp%2Fv2%2Ftags&post=62969"}],"curies":[{"name":"wp","href":"https:\/\/api.w.org\/{rel}","templated":true}]}}