{"id":62963,"date":"2026-01-05T16:16:18","date_gmt":"2026-01-05T19:16:18","guid":{"rendered":"https:\/\/radiorevelacionfm.cl\/?p=62963"},"modified":"2026-01-05T17:30:32","modified_gmt":"2026-01-05T20:30:32","slug":"en-puerto-ibanez-se-vivio-una-nueva-version-de-la-fiesta-del-chivo","status":"publish","type":"post","link":"https:\/\/radiorevelacionfm.cl\/?p=62963","title":{"rendered":"En Puerto Ib\u00e1\u00f1ez se vivi\u00f3 una nueva versi\u00f3n del Festival Chivero 2026"},"content":{"rendered":"<div class=\"flex_column av_one_full  flex_column_div av-zero-column-padding first  avia-builder-el-0  el_before_av_one_full  avia-builder-el-first  \" style='border-radius:0px; '><div  class='avia-image-container  av-styling-    avia-builder-el-1  avia-builder-el-no-sibling  avia-align-center '  itemprop=\"image\" itemscope=\"itemscope\" itemtype=\"https:\/\/schema.org\/ImageObject\"  ><div class='avia-image-container-inner'><div class='avia-image-overlay-wrap'><img decoding=\"async\" class='wp-image-62964 avia-img-lazy-loading-not-62964 avia_image' src=\"https:\/\/radiorevelacionfm.cl\/wp-content\/uploads\/2026\/01\/606061330_914970084207668_7420653120421276126_n-1_optimized-1.jpg\" alt='' title='606061330_914970084207668_7420653120421276126_n-(1)_optimized (1)' height=\"600\" width=\"884\"  itemprop=\"thumbnailUrl\" srcset=\"https:\/\/radiorevelacionfm.cl\/wp-content\/uploads\/2026\/01\/606061330_914970084207668_7420653120421276126_n-1_optimized-1.jpg 884w, https:\/\/radiorevelacionfm.cl\/wp-content\/uploads\/2026\/01\/606061330_914970084207668_7420653120421276126_n-1_optimized-1-300x204.jpg 300w, https:\/\/radiorevelacionfm.cl\/wp-content\/uploads\/2026\/01\/606061330_914970084207668_7420653120421276126_n-1_optimized-1-768x521.jpg 768w, https:\/\/radiorevelacionfm.cl\/wp-content\/uploads\/2026\/01\/606061330_914970084207668_7420653120421276126_n-1_optimized-1-705x479.jpg 705w, https:\/\/radiorevelacionfm.cl\/wp-content\/uploads\/2026\/01\/606061330_914970084207668_7420653120421276126_n-1_optimized-1-450x305.jpg 450w, https:\/\/radiorevelacionfm.cl\/wp-content\/uploads\/2026\/01\/606061330_914970084207668_7420653120421276126_n-1_optimized-1-600x407.jpg 600w\" sizes=\"(max-width: 884px) 100vw, 884px\" \/><\/div><\/div><\/div><\/div>\n<div class=\"flex_column av_one_full  flex_column_div av-zero-column-padding first  avia-builder-el-2  el_after_av_one_full  el_before_av_one_full  column-top-margin\" style='border-radius:0px; '><section class=\"av_textblock_section \"  itemscope=\"itemscope\" itemtype=\"https:\/\/schema.org\/BlogPosting\" itemprop=\"blogPost\" ><div class='avia_textblock  '   itemprop=\"text\" ><p style=\"text-align: center;\"><strong><span style=\"font-size: 18pt;\">En Puerto Ib\u00e1\u00f1ez se vivi\u00f3 una nueva versi\u00f3n del Festival Chivero 2026<\/span><\/strong><\/p>\n<div id=\"gtx-trans\" style=\"position: absolute; left: -50px; top: 4.31534px;\">\n<div class=\"gtx-trans-icon\"><\/div>\n<\/div>\n<\/div><\/section><\/div><div class=\"flex_column av_one_full  flex_column_div av-zero-column-padding first  avia-builder-el-4  el_after_av_one_full  el_before_av_hr  column-top-margin\" style='border-radius:0px; '><section class=\"av_textblock_section \"  itemscope=\"itemscope\" itemtype=\"https:\/\/schema.org\/BlogPosting\" itemprop=\"blogPost\" ><div class='avia_textblock  '   itemprop=\"text\" ><p style=\"text-align: justify;\">El fin de semana reci\u00e9n pasado se llev\u00f3 a cabo la cuarta versi\u00f3n del Festival Chivero, que arranc\u00f3 con el arreo de 1.300 chivos.<\/p>\n<p style=\"text-align: justify;\">Una celebraci\u00f3n que releva el patrimonio cultural y productivo de la comuna de R\u00edo Ib\u00e1\u00f1ez, en una jornada marcada por la participaci\u00f3n activa de una comunidad orgullosa de sus tradiciones.<\/p>\n<p style=\"text-align: justify;\">El alcalde de la comuna de R\u00edo Ib\u00e1\u00f1ez, Marcelo Jelvez, destac\u00f3 que la producci\u00f3n caprina representa cerca del 75% de la masa regional, consolid\u00e1ndose como una actividad clave para el desarrollo local, la econom\u00eda circular y la identidad campesina del sector.<\/p>\n<p style=\"text-align: justify;\">Esta fiesta es resultado del trabajo conjunto entre organizaciones locales, el municipio de R\u00edo Ib\u00e1\u00f1ez, sus concejales, y el apoyo del Gobierno Regional de Ays\u00e9n y su Consejo, a trav\u00e9s del Programa de Fomento Productivo, permitiendo que esta y otras fiestas costumbristas sigan creciendo y proyect\u00e1ndose en el tiempo.<\/p>\n<p style=\"text-align: justify;\">En el marco de la actividad, las Consejeras Regionales Paulina Hern\u00e1ndez y Rosa Gonz\u00e1lez valoraron estas instancias como espacios que fortalecen la identidad local, el trabajo del campo y la econom\u00eda de las familias, destacando la importancia de seguir respaldando iniciativas que nacen desde las propias comunidades.<\/p>\n<p style=\"text-align: justify;\">Por su parte, los concejales Ren\u00e1n Catal\u00e1n y Aner Oyarz\u00fan, junto a Ana Villagr\u00e1n, presidenta interina del Comit\u00e9 Caprino de la comuna, relevaron el rol de los productores caprinos y el esfuerzo organizativo que sostiene esta actividad, fundamental para el mundo rural y el patrimonio cultural local.<\/p>\n<p style=\"text-align: justify;\">Desde el Gobierno Regional de Ays\u00e9n y su Consejo se destac\u00f3 la necesidad de continuar fortaleciendo la agricultura y la ganader\u00eda, no solo a trav\u00e9s de eventos, sino tambi\u00e9n mediante pol\u00edticas de fomento productivo que reconozcan su aporte estrat\u00e9gico al desarrollo regional.<\/p>\n<\/div><\/section><\/div><\/p>\n<div  style='height:50px' class='hr hr-invisible   avia-builder-el-6  el_after_av_one_full  el_before_av_social_share '><span class='hr-inner ' ><span class='hr-inner-style'><\/span><\/span><\/div>\n<div  class='av-social-sharing-box  avia-builder-el-7  el_after_av_hr  el_before_av_hr  '><div class='av-share-box'><h5 class='av-share-link-description av-no-toc '>Compartir esta noticia<\/h5><ul class='av-share-box-list noLightbox'><li class='av-share-link av-social-link-facebook' ><a target=\"_blank\" aria-label=\"Compartir en Facebook\" href='https:\/\/www.facebook.com\/sharer.php?u=https:\/\/radiorevelacionfm.cl\/?p=62963&#038;t=En%20Puerto%20Ib%C3%A1%C3%B1ez%20se%20vivi%C3%B3%20una%20nueva%20versi%C3%B3n%20del%20Festival%20Chivero%202026' aria-hidden='false' data-av_icon='\ue8f3' data-av_iconfont='entypo-fontello' title='' data-avia-related-tooltip='Compartir en Facebook' rel=\"noopener\"><span class='avia_hidden_link_text'>Compartir en Facebook<\/span><\/a><\/li><li class='av-share-link av-social-link-twitter' ><a target=\"_blank\" aria-label=\"Compartir en Twitter\" href='https:\/\/twitter.com\/share?text=En%20Puerto%20Ib%C3%A1%C3%B1ez%20se%20vivi%C3%B3%20una%20nueva%20versi%C3%B3n%20del%20Festival%20Chivero%202026&#038;url=https:\/\/radiorevelacionfm.cl\/?p=62963' aria-hidden='false' data-av_icon='\ue8f1' data-av_iconfont='entypo-fontello' title='' data-avia-related-tooltip='Compartir en Twitter' rel=\"noopener\"><span class='avia_hidden_link_text'>Compartir en Twitter<\/span><\/a><\/li><li class='av-share-link av-social-link-whatsapp' ><a target=\"_blank\" aria-label=\"Compartir en Whatsapp\" href='https:\/\/api.whatsapp.com\/send?text=https:\/\/radiorevelacionfm.cl\/?p=62963' aria-hidden='false' data-av_icon='\uf232' data-av_iconfont='entypo-fontello' title='' data-avia-related-tooltip='Compartir en Whatsapp' rel=\"noopener\"><span class='avia_hidden_link_text'>Compartir en Whatsapp<\/span><\/a><\/li><li class='av-share-link av-social-link-linkedin' ><a target=\"_blank\" aria-label=\"Compartir en LinkedIn\" href='https:\/\/linkedin.com\/shareArticle?mini=true&#038;title=En%20Puerto%20Ib%C3%A1%C3%B1ez%20se%20vivi%C3%B3%20una%20nueva%20versi%C3%B3n%20del%20Festival%20Chivero%202026&#038;url=https:\/\/radiorevelacionfm.cl\/?p=62963' aria-hidden='false' data-av_icon='\ue8fc' data-av_iconfont='entypo-fontello' title='' data-avia-related-tooltip='Compartir en LinkedIn' rel=\"noopener\"><span class='avia_hidden_link_text'>Compartir en LinkedIn<\/span><\/a><\/li><li class='av-share-link av-social-link-mail' ><a  aria-label=\"Compartir por correo\" href='mailto:?subject=En%20Puerto%20Ib%C3%A1%C3%B1ez%20se%20vivi%C3%B3%20una%20nueva%20versi%C3%B3n%20del%20Festival%20Chivero%202026&#038;body=https:\/\/radiorevelacionfm.cl\/?p=62963' aria-hidden='false' data-av_icon='\ue805' data-av_iconfont='entypo-fontello' title='' data-avia-related-tooltip='Compartir por correo'><span class='avia_hidden_link_text'>Compartir por correo<\/span><\/a><\/li><\/ul><\/div><\/div>\n<div  style='height:50px' class='hr hr-invisible   avia-builder-el-8  el_after_av_social_share  el_before_av_comments_list '><span class='hr-inner ' ><span class='hr-inner-style'><\/span><\/span><\/div>\n<div  class='av-buildercomment  av-blog-meta-html-info-disabled av-blog-meta-tag-disabled  '><\/div>\n","protected":false},"excerpt":{"rendered":"","protected":false},"author":1,"featured_media":62964,"comment_status":"closed","ping_status":"closed","sticky":false,"template":"","format":"standard","meta":{"footnotes":""},"categories":[38],"tags":[],"class_list":["post-62963","post","type-post","status-publish","format-standard","has-post-thumbnail","hentry","category-regional"],"jetpack_featured_media_url":"https:\/\/radiorevelacionfm.cl\/wp-content\/uploads\/2026\/01\/606061330_914970084207668_7420653120421276126_n-1_optimized-1.jpg","_links":{"self":[{"href":"https:\/\/radiorevelacionfm.cl\/index.php?rest_route=\/wp\/v2\/posts\/62963","targetHints":{"allow":["GET"]}}],"collection":[{"href":"https:\/\/radiorevelacionfm.cl\/index.php?rest_route=\/wp\/v2\/posts"}],"about":[{"href":"https:\/\/radiorevelacionfm.cl\/index.php?rest_route=\/wp\/v2\/types\/post"}],"author":[{"embeddable":true,"href":"https:\/\/radiorevelacionfm.cl\/index.php?rest_route=\/wp\/v2\/users\/1"}],"replies":[{"embeddable":true,"href":"https:\/\/radiorevelacionfm.cl\/index.php?rest_route=%2Fwp%2Fv2%2Fcomments&post=62963"}],"version-history":[{"count":3,"href":"https:\/\/radiorevelacionfm.cl\/index.php?rest_route=\/wp\/v2\/posts\/62963\/revisions"}],"predecessor-version":[{"id":62967,"href":"https:\/\/radiorevelacionfm.cl\/index.php?rest_route=\/wp\/v2\/posts\/62963\/revisions\/62967"}],"wp:featuredmedia":[{"embeddable":true,"href":"https:\/\/radiorevelacionfm.cl\/index.php?rest_route=\/wp\/v2\/media\/62964"}],"wp:attachment":[{"href":"https:\/\/radiorevelacionfm.cl\/index.php?rest_route=%2Fwp%2Fv2%2Fmedia&parent=62963"}],"wp:term":[{"taxonomy":"category","embeddable":true,"href":"https:\/\/radiorevelacionfm.cl\/index.php?rest_route=%2Fwp%2Fv2%2Fcategories&post=62963"},{"taxonomy":"post_tag","embeddable":true,"href":"https:\/\/radiorevelacionfm.cl\/index.php?rest_route=%2Fwp%2Fv2%2Ftags&post=62963"}],"curies":[{"name":"wp","href":"https:\/\/api.w.org\/{rel}","templated":true}]}}