{"id":62951,"date":"2026-01-05T11:57:18","date_gmt":"2026-01-05T14:57:18","guid":{"rendered":"https:\/\/radiorevelacionfm.cl\/?p=62951"},"modified":"2026-01-05T11:57:18","modified_gmt":"2026-01-05T14:57:18","slug":"en-guaitecas-mas-de-100-personas-mejoran-sus-viviendas-con-apoyo-del-fosis-y-el-gobierno-regional","status":"publish","type":"post","link":"https:\/\/radiorevelacionfm.cl\/?p=62951","title":{"rendered":"En Guaitecas: M\u00e1s de 100 personas mejoran sus viviendas con apoyo del FOSIS y el Gobierno Regional"},"content":{"rendered":"<div class=\"flex_column av_one_full  flex_column_div av-zero-column-padding first  avia-builder-el-0  el_before_av_one_full  avia-builder-el-first  \" style='border-radius:0px; '><div  class='avia-image-container  av-styling-    avia-builder-el-1  avia-builder-el-no-sibling  avia-align-center '  itemprop=\"image\" itemscope=\"itemscope\" itemtype=\"https:\/\/schema.org\/ImageObject\"  ><div class='avia-image-container-inner'><div class='avia-image-overlay-wrap'><img decoding=\"async\" class='wp-image-62952 avia-img-lazy-loading-not-62952 avia_image' src=\"https:\/\/radiorevelacionfm.cl\/wp-content\/uploads\/2026\/01\/mejoramiento-habitabilidad-guaitecas-1_optimized.jpeg\" alt='' title='mejoramiento-habitabilidad-guaitecas-(1)_optimized' height=\"600\" width=\"970\"  itemprop=\"thumbnailUrl\" srcset=\"https:\/\/radiorevelacionfm.cl\/wp-content\/uploads\/2026\/01\/mejoramiento-habitabilidad-guaitecas-1_optimized.jpeg 970w, https:\/\/radiorevelacionfm.cl\/wp-content\/uploads\/2026\/01\/mejoramiento-habitabilidad-guaitecas-1_optimized-300x186.jpeg 300w, https:\/\/radiorevelacionfm.cl\/wp-content\/uploads\/2026\/01\/mejoramiento-habitabilidad-guaitecas-1_optimized-768x475.jpeg 768w, https:\/\/radiorevelacionfm.cl\/wp-content\/uploads\/2026\/01\/mejoramiento-habitabilidad-guaitecas-1_optimized-705x436.jpeg 705w, https:\/\/radiorevelacionfm.cl\/wp-content\/uploads\/2026\/01\/mejoramiento-habitabilidad-guaitecas-1_optimized-450x278.jpeg 450w, https:\/\/radiorevelacionfm.cl\/wp-content\/uploads\/2026\/01\/mejoramiento-habitabilidad-guaitecas-1_optimized-600x371.jpeg 600w\" sizes=\"(max-width: 970px) 100vw, 970px\" \/><\/div><\/div><\/div><\/div><div class=\"flex_column av_one_full  flex_column_div av-zero-column-padding first  avia-builder-el-2  el_after_av_one_full  el_before_av_one_full  column-top-margin\" style='border-radius:0px; '><section class=\"av_textblock_section \"  itemscope=\"itemscope\" itemtype=\"https:\/\/schema.org\/BlogPosting\" itemprop=\"blogPost\" ><div class='avia_textblock  '   itemprop=\"text\" ><p style=\"text-align: center;\"><strong><span style=\"font-size: 18pt;\">En Guaitecas: M\u00e1s de 100 personas mejoran sus viviendas con apoyo del FOSIS y el Gobierno Regional<\/span><\/strong><\/p>\n<div id=\"gtx-trans\" style=\"position: absolute; left: -50px; top: 4.31534px;\">\n<div class=\"gtx-trans-icon\"><\/div>\n<\/div>\n<\/div><\/section><\/div><div class=\"flex_column av_one_full  flex_column_div av-zero-column-padding first  avia-builder-el-4  el_after_av_one_full  el_before_av_hr  column-top-margin\" style='border-radius:0px; '><section class=\"av_textblock_section \"  itemscope=\"itemscope\" itemtype=\"https:\/\/schema.org\/BlogPosting\" itemprop=\"blogPost\" ><div class='avia_textblock  '   itemprop=\"text\" ><ul>\n<li style=\"text-align: justify;\"><em>El programa hizo posible entregar soluciones constructivas a personas mayores o discapacitadas que se dedicaron a la pesca artesanal en Melinka, Repollal Bajo y Repollal Alto; gracias a recursos aprobados por el Gobierno Regional de Ays\u00e9n y su Consejo y la ejecuci\u00f3n del FOSIS.<\/em><\/li>\n<\/ul>\n<p style=\"text-align: justify;\">En Repollal Alto se realiz\u00f3 la ceremonia de cierre del programa de Mejoramiento de la Habitabilidad de Pescadores Artesanales de la comuna de Guaitecas, donde lleg\u00f3 la directora regional del FOSIS, Fernanda Leiva, acompa\u00f1ada por el gobernador regional de Ays\u00e9n, Marcelo Santana, para compartir con parte de las 106 personas usuarias que fueron parte de este hito c\u00falmine de la iniciativa financiada por el Fondo Nacional de Desarrollo Regional (FNDR), con recursos aprobados por el Gobierno Regional de Ays\u00e9n y su Consejo, que cont\u00f3 con la ejecuci\u00f3n de FOSIS con el apoyo de Consultores de la Patagonia.<\/p>\n<p style=\"text-align: justify;\">El programa tiene como objetivo implementar soluciones constructivas y entrega de equipamiento para la vivienda de personas mayores o con discapacidad, que sean habitantes de la comuna de Guaitecas y que pertenezcan a alguno de los 12 sindicatos de la pesca artesanal, que son parte del acuerdo de las zonas contiguas.<\/p>\n<p style=\"text-align: justify;\">Alberto Dom\u00ednguez Herrera, usuario del programa y habitante de Melinka, valor\u00f3 positivamente esta iniciativa por el cambio que \u00e9sta significa para su bienestar y el de su familia. \u201cYo le agradezco mucho al FOSIS, con esos 3 millones de pesos que me dieron le pagu\u00e9 al maestro para agrandar para una lavander\u00eda que mi se\u00f1ora est\u00e1 trabajando y la otra parte la ocup\u00e9 para agrandar mi dormitorio para instalar un ba\u00f1o con base baja. La ayuda que se me hizo fue grande y yo no iba a tener la posibilidad de hacerlo solo\u201d.<\/p>\n<p style=\"text-align: justify;\">El gobernador regional de Ays\u00e9n, Marcelo Santana Vargas, destac\u00f3 el trabajo del FOSIS con el municipio y asegur\u00f3 que \u201cnos ha permitido como Gobierno Regional resolver el problema de habitabilidad de una decena de personas de Melinka y Repollal, de una manera \u00e1gil, presta, que lleg\u00f3 con una soluci\u00f3n temprana y donde no hubo que hacer tanta burocracia para resolver algo que es esencial en el litoral de nuestra regi\u00f3n, que es la calidad de la vivienda. Estamos contentos de que los recursos sirvan para mejorar la calidad de vida de la gente y por sobre todas las cosas de personas que viven en estas zonas m\u00e1s aisladas. Felicitaciones y a seguir trabajando en mejorar la calidad de vida de todos los ayseninos\u201d.<\/p>\n<p style=\"text-align: justify;\">Fernanda Leiva Mu\u00f1oz, directora regional del FOSIS en Ays\u00e9n, concluy\u00f3 que \u201cestamos muy contentos porque pudimos llegar a estas personas que nos abrieron la puerta de su casa y les pudimos entregar soluciones constructivas, reparaciones, ampliaciones, distintos tipos de alternativas de construcciones, adem\u00e1s de equipamiento para sus viviendas y para mejorar su calidad de vida. Queremos agradecer el trabajo que colaborativamente se realiz\u00f3 con la Municipalidad, el financiamiento del Gobierno Regional, el trabajo de Consultores de la Patagonia, el equipo del FOSIS y todas las personas que permitieron entrar en sus hogares, adem\u00e1s de los dirigentes y los sindicatos que priorizaron que pudiese llegar esta ayudar a personas mayores y con discapacidad\u201d.<\/p>\n<p style=\"text-align: justify;\">En la ceremonia de cierre del programa tambi\u00e9n estuvo presente el alcalde de Guaitecas, Bans Puinao; la consejera regional, Rosita Gonz\u00e1lez; el concejal de Guaitecas, V\u00edctor \u00c1lvarez y el jefe de divisi\u00f3n Fomento e Industria del Gobierno Regional de Ays\u00e9n, Fernando Guzm\u00e1n.<\/p>\n<p style=\"text-align: justify;\">El programa de Mejoramiento de la Habitabilidad de Pescadores Artesanales de Guaitecas permiti\u00f3 implementar soluciones o instalaciones constructivas en ba\u00f1os, cocinas y dormitorios; aislaci\u00f3n t\u00e9rmica; implementaci\u00f3n y equipamiento de espacios comunes habitacionales (camas, cocinas, mobiliario, calefacci\u00f3n, tazas de ba\u00f1o, lavamanos, duchas, serpentin, mesas de comedor, s\u00e1banas, toallas, entre otros); implementaci\u00f3n en electrodom\u00e9sticos que sean parte del mobiliario fundamental para los miembros de las familias como cocinas, lavadoras, refrigeradores y mejoramiento del entorno de la vivienda (relleno de material, retiro de microbasurales).<\/p>\n<\/div><\/section><\/div><div  style='height:50px' class='hr hr-invisible   avia-builder-el-6  el_after_av_one_full  el_before_av_social_share '><span class='hr-inner ' ><span class='hr-inner-style'><\/span><\/span><\/div><\/p>\n<div  class='av-social-sharing-box  avia-builder-el-7  el_after_av_hr  el_before_av_hr  '><div class='av-share-box'><h5 class='av-share-link-description av-no-toc '>Compartir esta noticia<\/h5><ul class='av-share-box-list noLightbox'><li class='av-share-link av-social-link-facebook' ><a target=\"_blank\" aria-label=\"Compartir en Facebook\" href='https:\/\/www.facebook.com\/sharer.php?u=https:\/\/radiorevelacionfm.cl\/?p=62951&#038;t=En%20Guaitecas%3A%20M%C3%A1s%20de%20100%20personas%20mejoran%20sus%20viviendas%20con%20apoyo%20del%20FOSIS%20y%20el%20Gobierno%20Regional' aria-hidden='false' data-av_icon='\ue8f3' data-av_iconfont='entypo-fontello' title='' data-avia-related-tooltip='Compartir en Facebook' rel=\"noopener\"><span class='avia_hidden_link_text'>Compartir en Facebook<\/span><\/a><\/li><li class='av-share-link av-social-link-twitter' ><a target=\"_blank\" aria-label=\"Compartir en Twitter\" href='https:\/\/twitter.com\/share?text=En%20Guaitecas%3A%20M%C3%A1s%20de%20100%20personas%20mejoran%20sus%20viviendas%20con%20apoyo%20del%20FOSIS%20y%20el%20Gobierno%20Regional&#038;url=https:\/\/radiorevelacionfm.cl\/?p=62951' aria-hidden='false' data-av_icon='\ue8f1' data-av_iconfont='entypo-fontello' title='' data-avia-related-tooltip='Compartir en Twitter' rel=\"noopener\"><span class='avia_hidden_link_text'>Compartir en Twitter<\/span><\/a><\/li><li class='av-share-link av-social-link-whatsapp' ><a target=\"_blank\" aria-label=\"Compartir en Whatsapp\" href='https:\/\/api.whatsapp.com\/send?text=https:\/\/radiorevelacionfm.cl\/?p=62951' aria-hidden='false' data-av_icon='\uf232' data-av_iconfont='entypo-fontello' title='' data-avia-related-tooltip='Compartir en Whatsapp' rel=\"noopener\"><span class='avia_hidden_link_text'>Compartir en Whatsapp<\/span><\/a><\/li><li class='av-share-link av-social-link-linkedin' ><a target=\"_blank\" aria-label=\"Compartir en LinkedIn\" href='https:\/\/linkedin.com\/shareArticle?mini=true&#038;title=En%20Guaitecas%3A%20M%C3%A1s%20de%20100%20personas%20mejoran%20sus%20viviendas%20con%20apoyo%20del%20FOSIS%20y%20el%20Gobierno%20Regional&#038;url=https:\/\/radiorevelacionfm.cl\/?p=62951' aria-hidden='false' data-av_icon='\ue8fc' data-av_iconfont='entypo-fontello' title='' data-avia-related-tooltip='Compartir en LinkedIn' rel=\"noopener\"><span class='avia_hidden_link_text'>Compartir en LinkedIn<\/span><\/a><\/li><li class='av-share-link av-social-link-mail' ><a  aria-label=\"Compartir por correo\" href='mailto:?subject=En%20Guaitecas%3A%20M%C3%A1s%20de%20100%20personas%20mejoran%20sus%20viviendas%20con%20apoyo%20del%20FOSIS%20y%20el%20Gobierno%20Regional&#038;body=https:\/\/radiorevelacionfm.cl\/?p=62951' aria-hidden='false' data-av_icon='\ue805' data-av_iconfont='entypo-fontello' title='' data-avia-related-tooltip='Compartir por correo'><span class='avia_hidden_link_text'>Compartir por correo<\/span><\/a><\/li><\/ul><\/div><\/div>\n<div  style='height:50px' class='hr hr-invisible   avia-builder-el-8  el_after_av_social_share  el_before_av_comments_list '><span class='hr-inner ' ><span class='hr-inner-style'><\/span><\/span><\/div>\n<div  class='av-buildercomment  av-blog-meta-html-info-disabled av-blog-meta-tag-disabled  '><\/div>\n","protected":false},"excerpt":{"rendered":"","protected":false},"author":1,"featured_media":62952,"comment_status":"closed","ping_status":"closed","sticky":false,"template":"","format":"standard","meta":{"footnotes":""},"categories":[38],"tags":[],"class_list":["post-62951","post","type-post","status-publish","format-standard","has-post-thumbnail","hentry","category-regional"],"jetpack_featured_media_url":"https:\/\/radiorevelacionfm.cl\/wp-content\/uploads\/2026\/01\/mejoramiento-habitabilidad-guaitecas-1_optimized.jpeg","_links":{"self":[{"href":"https:\/\/radiorevelacionfm.cl\/index.php?rest_route=\/wp\/v2\/posts\/62951","targetHints":{"allow":["GET"]}}],"collection":[{"href":"https:\/\/radiorevelacionfm.cl\/index.php?rest_route=\/wp\/v2\/posts"}],"about":[{"href":"https:\/\/radiorevelacionfm.cl\/index.php?rest_route=\/wp\/v2\/types\/post"}],"author":[{"embeddable":true,"href":"https:\/\/radiorevelacionfm.cl\/index.php?rest_route=\/wp\/v2\/users\/1"}],"replies":[{"embeddable":true,"href":"https:\/\/radiorevelacionfm.cl\/index.php?rest_route=%2Fwp%2Fv2%2Fcomments&post=62951"}],"version-history":[{"count":2,"href":"https:\/\/radiorevelacionfm.cl\/index.php?rest_route=\/wp\/v2\/posts\/62951\/revisions"}],"predecessor-version":[{"id":62954,"href":"https:\/\/radiorevelacionfm.cl\/index.php?rest_route=\/wp\/v2\/posts\/62951\/revisions\/62954"}],"wp:featuredmedia":[{"embeddable":true,"href":"https:\/\/radiorevelacionfm.cl\/index.php?rest_route=\/wp\/v2\/media\/62952"}],"wp:attachment":[{"href":"https:\/\/radiorevelacionfm.cl\/index.php?rest_route=%2Fwp%2Fv2%2Fmedia&parent=62951"}],"wp:term":[{"taxonomy":"category","embeddable":true,"href":"https:\/\/radiorevelacionfm.cl\/index.php?rest_route=%2Fwp%2Fv2%2Fcategories&post=62951"},{"taxonomy":"post_tag","embeddable":true,"href":"https:\/\/radiorevelacionfm.cl\/index.php?rest_route=%2Fwp%2Fv2%2Ftags&post=62951"}],"curies":[{"name":"wp","href":"https:\/\/api.w.org\/{rel}","templated":true}]}}