{"id":62943,"date":"2026-01-04T16:17:18","date_gmt":"2026-01-04T19:17:18","guid":{"rendered":"https:\/\/radiorevelacionfm.cl\/?p=62943"},"modified":"2026-01-04T16:17:18","modified_gmt":"2026-01-04T19:17:18","slug":"delegacion-presidencial-regional-de-aysen-en-etapa-decisiva-nombres-que-se-analizan-para-ocupar-el-cargo-ya-estan-en-carpeta-en-santiago","status":"publish","type":"post","link":"https:\/\/radiorevelacionfm.cl\/?p=62943","title":{"rendered":"Delegaci\u00f3n Presidencial Regional de Ays\u00e9n en etapa decisiva: nombres que se analizan para ocupar el cargo ya est\u00e1n en carpeta en Santiago"},"content":{"rendered":"<div class=\"flex_column av_one_full  flex_column_div av-zero-column-padding first  avia-builder-el-0  el_before_av_one_full  avia-builder-el-first  \" style='border-radius:0px; '><div  class='avia-image-container  av-styling-    avia-builder-el-1  avia-builder-el-no-sibling  avia-align-center '  itemprop=\"image\" itemscope=\"itemscope\" itemtype=\"https:\/\/schema.org\/ImageObject\"  ><div class='avia-image-container-inner'><div class='avia-image-overlay-wrap'><img decoding=\"async\" class='wp-image-62944 avia-img-lazy-loading-not-62944 avia_image' src=\"https:\/\/radiorevelacionfm.cl\/wp-content\/uploads\/2026\/01\/dpr-aysen-1_optimized.jpeg\" alt='' title='dpr-aysen-(1)_optimized' height=\"600\" width=\"1067\"  itemprop=\"thumbnailUrl\" srcset=\"https:\/\/radiorevelacionfm.cl\/wp-content\/uploads\/2026\/01\/dpr-aysen-1_optimized.jpeg 1067w, https:\/\/radiorevelacionfm.cl\/wp-content\/uploads\/2026\/01\/dpr-aysen-1_optimized-300x169.jpeg 300w, https:\/\/radiorevelacionfm.cl\/wp-content\/uploads\/2026\/01\/dpr-aysen-1_optimized-1030x579.jpeg 1030w, https:\/\/radiorevelacionfm.cl\/wp-content\/uploads\/2026\/01\/dpr-aysen-1_optimized-768x432.jpeg 768w, https:\/\/radiorevelacionfm.cl\/wp-content\/uploads\/2026\/01\/dpr-aysen-1_optimized-705x396.jpeg 705w, https:\/\/radiorevelacionfm.cl\/wp-content\/uploads\/2026\/01\/dpr-aysen-1_optimized-450x253.jpeg 450w, https:\/\/radiorevelacionfm.cl\/wp-content\/uploads\/2026\/01\/dpr-aysen-1_optimized-600x337.jpeg 600w\" sizes=\"(max-width: 1067px) 100vw, 1067px\" \/><\/div><\/div><\/div><\/div><div class=\"flex_column av_one_full  flex_column_div av-zero-column-padding first  avia-builder-el-2  el_after_av_one_full  el_before_av_one_full  column-top-margin\" style='border-radius:0px; '><section class=\"av_textblock_section \"  itemscope=\"itemscope\" itemtype=\"https:\/\/schema.org\/BlogPosting\" itemprop=\"blogPost\" ><div class='avia_textblock  '   itemprop=\"text\" ><p style=\"text-align: center;\"><strong><span style=\"font-size: 18pt;\">Delegaci\u00f3n Presidencial Regional de Ays\u00e9n en etapa decisiva: nombres que se analizan para ocupar el cargo ya est\u00e1n en carpeta en Santiago<\/span><\/strong><\/p>\n<div id=\"gtx-trans\" style=\"position: absolute; left: -50px; top: 4.31534px;\">\n<div class=\"gtx-trans-icon\"><\/div>\n<\/div>\n<\/div><\/section><\/div><div class=\"flex_column av_one_full  flex_column_div av-zero-column-padding first  avia-builder-el-4  el_after_av_one_full  el_before_av_hr  column-top-margin\" style='border-radius:0px; '><section class=\"av_textblock_section \"  itemscope=\"itemscope\" itemtype=\"https:\/\/schema.org\/BlogPosting\" itemprop=\"blogPost\" ><div class='avia_textblock  '   itemprop=\"text\" ><p dir=\"ltr\" style=\"text-align: justify;\">La definici\u00f3n de qui\u00e9n asumir\u00e1 la Delegaci\u00f3n Presidencial Regional de Ays\u00e9n comenz\u00f3 a entrar en su fase m\u00e1s relevante y ya se estar\u00eda abordando en instancias de decisi\u00f3n a nivel central, donde se analizan los perfiles que podr\u00edan liderar la representaci\u00f3n del Ejecutivo en la regi\u00f3n.<\/p>\n<p dir=\"ltr\" style=\"text-align: justify;\">Seg\u00fan antecedentes recogidos desde distintas fuentes, el proceso ya considera una n\u00f3mina acotada de nombres que se encuentran actualmente \u201cen carpeta\u201d en Santiago. Entre ellos figura la actual diputada Marcia Raphael (RN) y esposa del ex Subsecretario de Pesca Pablo Galilea, cuyo nombre ha tomado fuerza en las conversaciones a pesar de su derrota parlamentaria, principalmente por su experiencia legislativa y conocimiento del aparato p\u00fablico.<\/p>\n<p dir=\"ltr\" style=\"text-align: justify;\">Junto a ella, tambi\u00e9n se eval\u00faa a Felipe Henr\u00edquez (PNL), ex Seremi de Agricultura y quien fue candidato a senador por Ays\u00e9n; Omar Mu\u00f1oz Sierra (UDI), ex alcalde de Coyhaique, ex consejero regional y actual jefe de la Divisi\u00f3n de Planificaci\u00f3n del Gobierno Regional de Ays\u00e9n; y el doctor Jaime Ceballos (PR), ex candidato a diputado y profesional del \u00e1rea de la salud con participaci\u00f3n activa en el debate p\u00fablico regional. Estos nombres conformar\u00edan el grupo que hoy se analiza para definir qui\u00e9n encabezar\u00e1 la Delegaci\u00f3n Presidencial Regional.<\/p>\n<p dir=\"ltr\" style=\"text-align: justify;\">Desde el \u00e1mbito t\u00e9cnico-administrativo se se\u00f1ala que esta decisi\u00f3n es clave para la coordinaci\u00f3n con el Gobierno Regional, los municipios y los servicios p\u00fablicos, especialmente en un escenario donde se busca dar continuidad a proyectos estrat\u00e9gicos y fortalecer la gesti\u00f3n territorial del Estado.<\/p>\n<p dir=\"ltr\" style=\"text-align: justify;\">En paralelo, y como parte del mismo proceso de conformaci\u00f3n del gabinete regional, tambi\u00e9n han comenzado a circular nombres para distintas Secretar\u00edas Regionales Ministeriales, en una etapa a\u00fan preliminar. Entre los perfiles que se estar\u00edan discutiendo figuran V\u00edctor Oyarz\u00fan, Luz Villegas, Fernando Guzm\u00e1n, Geoconda Navarrete, Sergio Becerra, Luis Prieto, Ra\u00fal Rudolphi, Eugenio Canales, B\u00e1rbara Ortuzar y Fernando San Crist\u00f3bal, entre otros, en un dise\u00f1o que buscar\u00eda combinar experiencia en gesti\u00f3n p\u00fablica, conocimiento sectorial y continuidad administrativa.<\/p>\n<p dir=\"ltr\" style=\"text-align: justify;\">Si bien no existen confirmaciones oficiales, el hecho de que estos nombres ya est\u00e9n siendo evaluados a nivel central ha comenzado a generar inter\u00e9s y debate en la opini\u00f3n p\u00fablica regional, considerando que la definici\u00f3n del Delegado Presidencial Regional marcar\u00e1 el rumbo de la gesti\u00f3n gubernamental en Ays\u00e9n en los pr\u00f3ximos a\u00f1os.<\/p>\n<div class=\"yj6qo\" style=\"text-align: justify;\"><\/div>\n<div class=\"adL\" style=\"text-align: justify;\"><\/div>\n<\/div><\/section><\/div><div  style='height:50px' class='hr hr-invisible   avia-builder-el-6  el_after_av_one_full  el_before_av_social_share '><span class='hr-inner ' ><span class='hr-inner-style'><\/span><\/span><\/div><\/p>\n<div  class='av-social-sharing-box  avia-builder-el-7  el_after_av_hr  el_before_av_hr  '><div class='av-share-box'><h5 class='av-share-link-description av-no-toc '>Compartir esta noticia<\/h5><ul class='av-share-box-list noLightbox'><li class='av-share-link av-social-link-facebook' ><a target=\"_blank\" aria-label=\"Compartir en Facebook\" href='https:\/\/www.facebook.com\/sharer.php?u=https:\/\/radiorevelacionfm.cl\/?p=62943&#038;t=Delegaci%C3%B3n%20Presidencial%20Regional%20de%20Ays%C3%A9n%20en%20etapa%20decisiva%3A%20nombres%20que%20se%20analizan%20para%20ocupar%20el%20cargo%20ya%20est%C3%A1n%20en%20carpeta%20en%20Santiago' aria-hidden='false' data-av_icon='\ue8f3' data-av_iconfont='entypo-fontello' title='' data-avia-related-tooltip='Compartir en Facebook' rel=\"noopener\"><span class='avia_hidden_link_text'>Compartir en Facebook<\/span><\/a><\/li><li class='av-share-link av-social-link-twitter' ><a target=\"_blank\" aria-label=\"Compartir en Twitter\" href='https:\/\/twitter.com\/share?text=Delegaci%C3%B3n%20Presidencial%20Regional%20de%20Ays%C3%A9n%20en%20etapa%20decisiva%3A%20nombres%20que%20se%20analizan%20para%20ocupar%20el%20cargo%20ya%20est%C3%A1n%20en%20carpeta%20en%20Santiago&#038;url=https:\/\/radiorevelacionfm.cl\/?p=62943' aria-hidden='false' data-av_icon='\ue8f1' data-av_iconfont='entypo-fontello' title='' data-avia-related-tooltip='Compartir en Twitter' rel=\"noopener\"><span class='avia_hidden_link_text'>Compartir en Twitter<\/span><\/a><\/li><li class='av-share-link av-social-link-whatsapp' ><a target=\"_blank\" aria-label=\"Compartir en Whatsapp\" href='https:\/\/api.whatsapp.com\/send?text=https:\/\/radiorevelacionfm.cl\/?p=62943' aria-hidden='false' data-av_icon='\uf232' data-av_iconfont='entypo-fontello' title='' data-avia-related-tooltip='Compartir en Whatsapp' rel=\"noopener\"><span class='avia_hidden_link_text'>Compartir en Whatsapp<\/span><\/a><\/li><li class='av-share-link av-social-link-linkedin' ><a target=\"_blank\" aria-label=\"Compartir en LinkedIn\" href='https:\/\/linkedin.com\/shareArticle?mini=true&#038;title=Delegaci%C3%B3n%20Presidencial%20Regional%20de%20Ays%C3%A9n%20en%20etapa%20decisiva%3A%20nombres%20que%20se%20analizan%20para%20ocupar%20el%20cargo%20ya%20est%C3%A1n%20en%20carpeta%20en%20Santiago&#038;url=https:\/\/radiorevelacionfm.cl\/?p=62943' aria-hidden='false' data-av_icon='\ue8fc' data-av_iconfont='entypo-fontello' title='' data-avia-related-tooltip='Compartir en LinkedIn' rel=\"noopener\"><span class='avia_hidden_link_text'>Compartir en LinkedIn<\/span><\/a><\/li><li class='av-share-link av-social-link-mail' ><a  aria-label=\"Compartir por correo\" href='mailto:?subject=Delegaci%C3%B3n%20Presidencial%20Regional%20de%20Ays%C3%A9n%20en%20etapa%20decisiva%3A%20nombres%20que%20se%20analizan%20para%20ocupar%20el%20cargo%20ya%20est%C3%A1n%20en%20carpeta%20en%20Santiago&#038;body=https:\/\/radiorevelacionfm.cl\/?p=62943' aria-hidden='false' data-av_icon='\ue805' data-av_iconfont='entypo-fontello' title='' data-avia-related-tooltip='Compartir por correo'><span class='avia_hidden_link_text'>Compartir por correo<\/span><\/a><\/li><\/ul><\/div><\/div>\n<div  style='height:50px' class='hr hr-invisible   avia-builder-el-8  el_after_av_social_share  el_before_av_comments_list '><span class='hr-inner ' ><span class='hr-inner-style'><\/span><\/span><\/div>\n<div  class='av-buildercomment  av-blog-meta-html-info-disabled av-blog-meta-tag-disabled  '><\/div>\n","protected":false},"excerpt":{"rendered":"","protected":false},"author":1,"featured_media":62944,"comment_status":"closed","ping_status":"closed","sticky":false,"template":"","format":"standard","meta":{"footnotes":""},"categories":[35],"tags":[],"class_list":["post-62943","post","type-post","status-publish","format-standard","has-post-thumbnail","hentry","category-politica"],"jetpack_featured_media_url":"https:\/\/radiorevelacionfm.cl\/wp-content\/uploads\/2026\/01\/dpr-aysen-1_optimized.jpeg","_links":{"self":[{"href":"https:\/\/radiorevelacionfm.cl\/index.php?rest_route=\/wp\/v2\/posts\/62943","targetHints":{"allow":["GET"]}}],"collection":[{"href":"https:\/\/radiorevelacionfm.cl\/index.php?rest_route=\/wp\/v2\/posts"}],"about":[{"href":"https:\/\/radiorevelacionfm.cl\/index.php?rest_route=\/wp\/v2\/types\/post"}],"author":[{"embeddable":true,"href":"https:\/\/radiorevelacionfm.cl\/index.php?rest_route=\/wp\/v2\/users\/1"}],"replies":[{"embeddable":true,"href":"https:\/\/radiorevelacionfm.cl\/index.php?rest_route=%2Fwp%2Fv2%2Fcomments&post=62943"}],"version-history":[{"count":2,"href":"https:\/\/radiorevelacionfm.cl\/index.php?rest_route=\/wp\/v2\/posts\/62943\/revisions"}],"predecessor-version":[{"id":62947,"href":"https:\/\/radiorevelacionfm.cl\/index.php?rest_route=\/wp\/v2\/posts\/62943\/revisions\/62947"}],"wp:featuredmedia":[{"embeddable":true,"href":"https:\/\/radiorevelacionfm.cl\/index.php?rest_route=\/wp\/v2\/media\/62944"}],"wp:attachment":[{"href":"https:\/\/radiorevelacionfm.cl\/index.php?rest_route=%2Fwp%2Fv2%2Fmedia&parent=62943"}],"wp:term":[{"taxonomy":"category","embeddable":true,"href":"https:\/\/radiorevelacionfm.cl\/index.php?rest_route=%2Fwp%2Fv2%2Fcategories&post=62943"},{"taxonomy":"post_tag","embeddable":true,"href":"https:\/\/radiorevelacionfm.cl\/index.php?rest_route=%2Fwp%2Fv2%2Ftags&post=62943"}],"curies":[{"name":"wp","href":"https:\/\/api.w.org\/{rel}","templated":true}]}}