{"id":6294,"date":"2021-07-14T23:34:01","date_gmt":"2021-07-15T02:34:01","guid":{"rendered":"https:\/\/radiorevelacionfm.cl\/?p=6294"},"modified":"2021-07-14T23:34:01","modified_gmt":"2021-07-15T02:34:01","slug":"emprendedores-de-la-actividad-fisica-y-salud-mental-de-aysen-entrega-protocolo-de-uso-de-gimnasios-a-autoridades-de-salud-y-deporte","status":"publish","type":"post","link":"https:\/\/radiorevelacionfm.cl\/?p=6294","title":{"rendered":"Emprendedores de la Actividad F\u00edsica y Salud Mental de Ays\u00e9n entrega Protocolo de Uso de Gimnasios a autoridades de Salud y Deporte"},"content":{"rendered":"<div class=\"flex_column av_one_full  flex_column_div av-zero-column-padding first  avia-builder-el-0  el_before_av_one_full  avia-builder-el-first  \" style='border-radius:0px; '><div  class='avia-image-container  av-styling-    avia-builder-el-1  avia-builder-el-no-sibling  avia-align-center '  itemprop=\"image\" itemscope=\"itemscope\" itemtype=\"https:\/\/schema.org\/ImageObject\"  ><div class='avia-image-container-inner'><div class='avia-image-overlay-wrap'><img decoding=\"async\" class='wp-image-0 avia-img-lazy-loading-not-0 avia_image' src=\"https:\/\/radiorevelacionfm.cl\/wp-content\/uploads\/2021\/07\/foto-grupal-1-1.jpg\" alt='' title=''   itemprop=\"thumbnailUrl\"  \/><\/div><\/div><\/div><\/div>\n<div class=\"flex_column av_one_full  flex_column_div av-zero-column-padding first  avia-builder-el-2  el_after_av_one_full  el_before_av_one_full  column-top-margin\" style='border-radius:0px; '><section class=\"av_textblock_section \"  itemscope=\"itemscope\" itemtype=\"https:\/\/schema.org\/BlogPosting\" itemprop=\"blogPost\" ><div class='avia_textblock  '   itemprop=\"text\" ><p style=\"text-align: center;\"><strong><span style=\"font-size: 18pt;\">Emprendedores de la Actividad F\u00edsica y Salud Mental de Ays\u00e9n entrega Protocolo de Uso de Gimnasios a autoridades de Salud y Deporte<\/span><\/strong><\/p>\n<div id=\"gtx-trans\" style=\"position: absolute; left: -50px; top: 4.31534px;\">\n<div class=\"gtx-trans-icon\"><\/div>\n<\/div>\n<\/div><\/section><\/div><div class=\"flex_column av_one_full  flex_column_div av-zero-column-padding first  avia-builder-el-4  el_after_av_one_full  el_before_av_hr  column-top-margin\" style='border-radius:0px; '><section class=\"av_textblock_section \"  itemscope=\"itemscope\" itemtype=\"https:\/\/schema.org\/BlogPosting\" itemprop=\"blogPost\" ><div class='avia_textblock  '   itemprop=\"text\" ><p class=\"v1MsoNormal\" style=\"text-align: justify;\">Hasta el centro deportivo \u00abEspacio Kosten\u00bb concurri\u00f3 este martes la Seremi de Salud Alejandra Valdebenito, el Seremi del Deporte, Rodrigo Cubilla Retamal y el Director Regional del IND Jos\u00e9 Manuel Sep\u00falveda para reunirse con el directorio de la Asociaci\u00f3n Gremial quienes prepararon un Protocolo de Uso para Gimnasios y espacios destinados a la actividad f\u00edsica en la regi\u00f3n.<\/p>\n<p class=\"v1MsoNormal\" style=\"text-align: justify;\">Autoridades y representantes del gremio realizaron un recorrido por las instalaciones del primer centro de escalada y de entrenamiento indoor en Coyhaique, con el objetivo de observar las medidas sanitarias implementadas y dialogar sobre el protocolo redactado por la agrupaci\u00f3n gremial.<\/p>\n<p style=\"text-align: justify;\">\u00abEsta ma\u00f1ana junto a la Seremi de Salud y al Director Regional del IND recibimos un importante documento redactado por la Red de Emprendedores del sector deporte, trabajo que \u00a0demuestra que es un gremio que se ha ido fortaleciendo para reactivar la actividad f\u00edsica en nuestra regi\u00f3n y que tanta falta nos hace, por supuesto en este proceso, como Mindep e Ind, hemos acompa\u00f1ado a las organizaciones, orient\u00e1ndolas y transmitiendo sus inquietudes a la Seremi de Salud, as\u00ed que invitamos a la comunidad a informarse para retornar la actividad f\u00edsica, siempre cuid\u00e1ndose y manteniendo las medidas sanitarias\u00bb, se\u00f1al\u00f3 el Seremi del Deporte, Rodrigo Cubilla.<\/p>\n<p class=\"v1MsoNormal\" style=\"text-align: justify;\">Por su parte. Alejandra Valdebenito, Seremi de Salud destac\u00f3 el compromiso de los diversos sectores involucrados en implementar las nuevas modificaciones del Plan Paso a Paso que comienzan a regir este jueves 15 de julio \u00abHoy observamos como el Seremi del Deporte intensifica sus protocolos sanitarios e informa de estas modificaciones a su sector. Ma\u00f1ana estaremos junto al sector Cultura y as\u00ed seguiremos avanzando en garantizar m\u00e1s libertades de desplazamiento de personas en lugares abiertos y cerrados durante esta pandemia y, al mismo tiempo, resguardar la salud de nuestra gente\u00bb, destac\u00f3 la Autoridad Sanitaria.<\/p>\n<p class=\"v1MsoNormal\" style=\"text-align: justify;\">Asimismo, Daniel Pedrero, Presidente de la Agrupaci\u00f3n Gremial de Emprendedores de la Actividad F\u00edsica y Salud Mental de Ays\u00e9n, se\u00f1al\u00f3 \u00abhoy estamos realizando un acto simb\u00f3lico de entrega de los protocolos de reapertura desde la Fase 2 en adelante para los recintos deportivos y actividad f\u00edsica en general, documento que trabajamos de hace un buen tiempo, donde nuestra agrupaci\u00f3n apunta a principalmente al desarrollo de la actividad f\u00edsica para mejorar los niveles de salud partiendo desde la base de que la actividad f\u00edsica mejora el sistema inmunol\u00f3gico y el sedentarismo con lo que, esperamos que este documento y sirva de modelo a nivel nacional para abrir gimnasios en localidades y regiones similares a las nuestras donde las condiciones del clima son adversas\u00bb.<\/p>\n<div style=\"text-align: justify;\"><\/div>\n<\/div><\/section><\/div><\/p>\n<div  style='height:50px' class='hr hr-invisible   avia-builder-el-6  el_after_av_one_full  el_before_av_social_share '><span class='hr-inner ' ><span class='hr-inner-style'><\/span><\/span><\/div>\n<div  class='av-social-sharing-box  avia-builder-el-7  el_after_av_hr  el_before_av_hr  '><div class='av-share-box'><h5 class='av-share-link-description av-no-toc '>Compartir esta noticia<\/h5><ul class='av-share-box-list noLightbox'><li class='av-share-link av-social-link-facebook' ><a target=\"_blank\" aria-label=\"Compartir en Facebook\" href='https:\/\/www.facebook.com\/sharer.php?u=https:\/\/radiorevelacionfm.cl\/?p=6294&#038;t=Emprendedores%20de%20la%20Actividad%20F%C3%ADsica%20y%20Salud%20Mental%20de%20Ays%C3%A9n%20entrega%20Protocolo%20de%20Uso%20de%20Gimnasios%20a%20autoridades%20de%20Salud%20y%20Deporte' aria-hidden='false' data-av_icon='\ue8f3' data-av_iconfont='entypo-fontello' title='' data-avia-related-tooltip='Compartir en Facebook' rel=\"noopener\"><span class='avia_hidden_link_text'>Compartir en Facebook<\/span><\/a><\/li><li class='av-share-link av-social-link-twitter' ><a target=\"_blank\" aria-label=\"Compartir en Twitter\" href='https:\/\/twitter.com\/share?text=Emprendedores%20de%20la%20Actividad%20F%C3%ADsica%20y%20Salud%20Mental%20de%20Ays%C3%A9n%20entrega%20Protocolo%20de%20Uso%20de%20Gimnasios%20a%20autoridades%20de%20Salud%20y%20Deporte&#038;url=https:\/\/radiorevelacionfm.cl\/?p=6294' aria-hidden='false' data-av_icon='\ue8f1' data-av_iconfont='entypo-fontello' title='' data-avia-related-tooltip='Compartir en Twitter' rel=\"noopener\"><span class='avia_hidden_link_text'>Compartir en Twitter<\/span><\/a><\/li><li class='av-share-link av-social-link-whatsapp' ><a target=\"_blank\" aria-label=\"Compartir en Whatsapp\" href='https:\/\/api.whatsapp.com\/send?text=https:\/\/radiorevelacionfm.cl\/?p=6294' aria-hidden='false' data-av_icon='\uf232' data-av_iconfont='entypo-fontello' title='' data-avia-related-tooltip='Compartir en Whatsapp' rel=\"noopener\"><span class='avia_hidden_link_text'>Compartir en Whatsapp<\/span><\/a><\/li><li class='av-share-link av-social-link-linkedin' ><a target=\"_blank\" aria-label=\"Compartir en LinkedIn\" href='https:\/\/linkedin.com\/shareArticle?mini=true&#038;title=Emprendedores%20de%20la%20Actividad%20F%C3%ADsica%20y%20Salud%20Mental%20de%20Ays%C3%A9n%20entrega%20Protocolo%20de%20Uso%20de%20Gimnasios%20a%20autoridades%20de%20Salud%20y%20Deporte&#038;url=https:\/\/radiorevelacionfm.cl\/?p=6294' aria-hidden='false' data-av_icon='\ue8fc' data-av_iconfont='entypo-fontello' title='' data-avia-related-tooltip='Compartir en LinkedIn' rel=\"noopener\"><span class='avia_hidden_link_text'>Compartir en LinkedIn<\/span><\/a><\/li><li class='av-share-link av-social-link-mail' ><a  aria-label=\"Compartir por correo\" href='mailto:?subject=Emprendedores%20de%20la%20Actividad%20F%C3%ADsica%20y%20Salud%20Mental%20de%20Ays%C3%A9n%20entrega%20Protocolo%20de%20Uso%20de%20Gimnasios%20a%20autoridades%20de%20Salud%20y%20Deporte&#038;body=https:\/\/radiorevelacionfm.cl\/?p=6294' aria-hidden='false' data-av_icon='\ue805' data-av_iconfont='entypo-fontello' title='' data-avia-related-tooltip='Compartir por correo'><span class='avia_hidden_link_text'>Compartir por correo<\/span><\/a><\/li><\/ul><\/div><\/div>\n<div  style='height:50px' class='hr hr-invisible   avia-builder-el-8  el_after_av_social_share  el_before_av_comments_list '><span class='hr-inner ' ><span class='hr-inner-style'><\/span><\/span><\/div>\n<div  class='av-buildercomment  av-blog-meta-html-info-disabled av-blog-meta-tag-disabled  '><\/div>\n","protected":false},"excerpt":{"rendered":"","protected":false},"author":1,"featured_media":0,"comment_status":"open","ping_status":"open","sticky":false,"template":"","format":"standard","meta":{"footnotes":""},"categories":[40],"tags":[],"class_list":["post-6294","post","type-post","status-publish","format-standard","hentry","category-deportes"],"jetpack_featured_media_url":"","_links":{"self":[{"href":"https:\/\/radiorevelacionfm.cl\/index.php?rest_route=\/wp\/v2\/posts\/6294","targetHints":{"allow":["GET"]}}],"collection":[{"href":"https:\/\/radiorevelacionfm.cl\/index.php?rest_route=\/wp\/v2\/posts"}],"about":[{"href":"https:\/\/radiorevelacionfm.cl\/index.php?rest_route=\/wp\/v2\/types\/post"}],"author":[{"embeddable":true,"href":"https:\/\/radiorevelacionfm.cl\/index.php?rest_route=\/wp\/v2\/users\/1"}],"replies":[{"embeddable":true,"href":"https:\/\/radiorevelacionfm.cl\/index.php?rest_route=%2Fwp%2Fv2%2Fcomments&post=6294"}],"version-history":[{"count":2,"href":"https:\/\/radiorevelacionfm.cl\/index.php?rest_route=\/wp\/v2\/posts\/6294\/revisions"}],"predecessor-version":[{"id":6301,"href":"https:\/\/radiorevelacionfm.cl\/index.php?rest_route=\/wp\/v2\/posts\/6294\/revisions\/6301"}],"wp:attachment":[{"href":"https:\/\/radiorevelacionfm.cl\/index.php?rest_route=%2Fwp%2Fv2%2Fmedia&parent=6294"}],"wp:term":[{"taxonomy":"category","embeddable":true,"href":"https:\/\/radiorevelacionfm.cl\/index.php?rest_route=%2Fwp%2Fv2%2Fcategories&post=6294"},{"taxonomy":"post_tag","embeddable":true,"href":"https:\/\/radiorevelacionfm.cl\/index.php?rest_route=%2Fwp%2Fv2%2Ftags&post=6294"}],"curies":[{"name":"wp","href":"https:\/\/api.w.org\/{rel}","templated":true}]}}