{"id":62924,"date":"2026-01-02T20:18:01","date_gmt":"2026-01-02T23:18:01","guid":{"rendered":"https:\/\/radiorevelacionfm.cl\/?p=62924"},"modified":"2026-01-02T20:28:35","modified_gmt":"2026-01-02T23:28:35","slug":"emiten-alerta-preventiva-por-amenaza-de-incendios-forestales-debido-a-temperaturas-extremas-este-fin-de-semana","status":"publish","type":"post","link":"https:\/\/radiorevelacionfm.cl\/?p=62924","title":{"rendered":"Emiten Alerta Preventiva por amenaza de incendios forestales debido a temperaturas extremas este fin de semana"},"content":{"rendered":"<div class=\"flex_column av_one_full  flex_column_div av-zero-column-padding first  avia-builder-el-0  el_before_av_one_full  avia-builder-el-first  \" style='border-radius:0px; '><div  class='avia-image-container  av-styling-    avia-builder-el-1  avia-builder-el-no-sibling  avia-align-center '  itemprop=\"image\" itemscope=\"itemscope\" itemtype=\"https:\/\/schema.org\/ImageObject\"  ><div class='avia-image-container-inner'><div class='avia-image-overlay-wrap'><img decoding=\"async\" class='wp-image-62925 avia-img-lazy-loading-not-62925 avia_image' src=\"https:\/\/radiorevelacionfm.cl\/wp-content\/uploads\/2026\/01\/incendio-cochrane-2025-1_optimized-1.jpg\" alt='' title='incendio-cochrane-2025-(1)_optimized (1)' height=\"600\" width=\"850\"  itemprop=\"thumbnailUrl\" srcset=\"https:\/\/radiorevelacionfm.cl\/wp-content\/uploads\/2026\/01\/incendio-cochrane-2025-1_optimized-1.jpg 850w, https:\/\/radiorevelacionfm.cl\/wp-content\/uploads\/2026\/01\/incendio-cochrane-2025-1_optimized-1-300x212.jpg 300w, https:\/\/radiorevelacionfm.cl\/wp-content\/uploads\/2026\/01\/incendio-cochrane-2025-1_optimized-1-768x542.jpg 768w, https:\/\/radiorevelacionfm.cl\/wp-content\/uploads\/2026\/01\/incendio-cochrane-2025-1_optimized-1-260x185.jpg 260w, https:\/\/radiorevelacionfm.cl\/wp-content\/uploads\/2026\/01\/incendio-cochrane-2025-1_optimized-1-705x498.jpg 705w, https:\/\/radiorevelacionfm.cl\/wp-content\/uploads\/2026\/01\/incendio-cochrane-2025-1_optimized-1-450x318.jpg 450w, https:\/\/radiorevelacionfm.cl\/wp-content\/uploads\/2026\/01\/incendio-cochrane-2025-1_optimized-1-600x424.jpg 600w\" sizes=\"(max-width: 850px) 100vw, 850px\" \/><\/div><\/div><\/div><\/div>\n<div class=\"flex_column av_one_full  flex_column_div av-zero-column-padding first  avia-builder-el-2  el_after_av_one_full  el_before_av_one_full  column-top-margin\" style='border-radius:0px; '><section class=\"av_textblock_section \"  itemscope=\"itemscope\" itemtype=\"https:\/\/schema.org\/BlogPosting\" itemprop=\"blogPost\" ><div class='avia_textblock  '   itemprop=\"text\" ><p style=\"text-align: center;\"><strong><span style=\"font-size: 18pt;\">Emiten Alerta Preventiva por amenaza de incendios forestales debido a temperaturas extremas este fin de semana<\/span><\/strong><\/p>\n<div id=\"gtx-trans\" style=\"position: absolute; left: -50px; top: 4.31534px;\">\n<div class=\"gtx-trans-icon\"><\/div>\n<\/div>\n<\/div><\/section><\/div>\n<div class=\"flex_column av_one_full  flex_column_div av-zero-column-padding first  avia-builder-el-4  el_after_av_one_full  el_before_av_hr  column-top-margin\" style='border-radius:0px; '><section class=\"av_textblock_section \"  itemscope=\"itemscope\" itemtype=\"https:\/\/schema.org\/BlogPosting\" itemprop=\"blogPost\" ><div class='avia_textblock  '   itemprop=\"text\" ><p style=\"text-align: justify;\">De acuerdo con la informaci\u00f3n proporcionada por la Corporaci\u00f3n Nacional Forestal (CONAF), se informa que se realiz\u00f3 un an\u00e1lisis t\u00e9cnico donde se determin\u00f3 zonas con alta probabilidad de generaci\u00f3n de propagaci\u00f3n de incendios forestales, adicionalmente, considerando los pron\u00f3sticos meteorol\u00f3gicos se determina la existencia de condiciones propicias para el desarrollo y\/o propagaci\u00f3n de incendios forestales.<br \/>\nPor otra parte, la Direcci\u00f3n Meteorol\u00f3gica de Chile mantiene vigente las siguientes alertas meteorol\u00f3gicas para la Regi\u00f3n de Ays\u00e9n.<\/p>\n<p style=\"text-align: justify;\">Alerta Meteorol\u00f3gica AA1\/2026 del jueves 01 de enero que indica Altas Temperaturas EXTREMAS en las zonas Litoral Interior Norte y Patagonia Subandina Norte de la Regi\u00f3n de Ays\u00e9n, esto debido una condici\u00f3n sin\u00f3ptica de dorsal en altura.<\/p>\n<p>Regi\u00f3n: Ays\u00e9n<\/p>\n<p>Domingo 04<\/p>\n<p>Litoral Interior Norte\u00a0 31 -3 3<\/p>\n<p>Patagonia Subandina Norte\u00a0 32 -34<\/p>\n<p style=\"text-align: justify;\">Aviso Meteorol\u00f3gico A505-3\/2025 de hoy 02 de enero que indica Altas Temperaturas en las zonas Insular Norte, Litoral Interior Norte, Cordillera Austral Norte, Patagonia Subandina Norte, Insular Sur, Cordillera Austral Sur y Patagonia Subandina Sur de la Regi\u00f3n de Ays\u00e9n, esto debido una condici\u00f3n sin\u00f3ptica de dorsal en altura.<\/p>\n<p style=\"text-align: justify;\">En consideraci\u00f3n a estos antecedentes emitidos por CONAF y la Direcci\u00f3n Meteorol\u00f3gica de Chile, el Servicio Nacional de Prevenci\u00f3n y Respuesta ante Desastres (SENAPRED) Regi\u00f3n de Ays\u00e9n, en coordinaci\u00f3n con la Delegaci\u00f3n Presidencial Regional de Ays\u00e9n, DECLARA Alerta Verde Temprana Preventiva para la Regi\u00f3n de Ays\u00e9n por AMENAZA DE INCENDIOS FORESTALES, vigente desde hoy y hasta que las condiciones meteorol\u00f3gicas as\u00ed lo ameriten.<\/p>\n<p style=\"text-align: justify;\">Como recomendaciones a la poblaci\u00f3n se deber\u00e1n considerar entre otros aspectos los siguientes:<\/p>\n<p>* En atenci\u00f3n al pron\u00f3stico de altas temperaturas, se recomienda a la poblaci\u00f3n que se protejan y extremen las precauciones ante los riesgos derivados de temperaturas extremas por calor, con especial atenci\u00f3n a la poblaci\u00f3n m\u00e1s vulnerable, quienes deben limitar su exposici\u00f3n al sol.<br \/>\n* Adem\u00e1s, se aconseja estar informado a trav\u00e9s de los medios de comunicaci\u00f3n respecto del pron\u00f3stico del tiempo.<br \/>\n* Mantener las campa\u00f1as de prevenci\u00f3n frente a las causas que originan incendios.<br \/>\n* No realizar fogatas al aire libre.<br \/>\n* No lanzar colillas de cigarrillos desde veh\u00edculos, en tr\u00e1nsito hacia caminos y bermas.<br \/>\n* Recomendar a los ni\u00f1os, los peligros que implican el manejo irresponsable del fuego, pudiendo accidentarse o provocar incendios forestales, siendo estos constitutivos de delito.<br \/>\n* Complementariamente, orientar a la poblaci\u00f3n de zonas adyacentes a pastizales, matorrales y bosques, el evitar pr\u00e1cticas inapropiadas en el uso y manejo del fuego, con el fin de prevenir focos de incendios forestales.<br \/>\n* A la comunidad en general, realizar labores de desmalezamiento en los sectores cercanos a viviendas.<\/p>\n<\/div><\/section><\/div><div  style='height:50px' class='hr hr-invisible   avia-builder-el-6  el_after_av_one_full  el_before_av_social_share '><span class='hr-inner ' ><span class='hr-inner-style'><\/span><\/span><\/div><\/p>\n<div  class='av-social-sharing-box  avia-builder-el-7  el_after_av_hr  el_before_av_hr  '><div class='av-share-box'><h5 class='av-share-link-description av-no-toc '>Compartir esta noticia<\/h5><ul class='av-share-box-list noLightbox'><li class='av-share-link av-social-link-facebook' ><a target=\"_blank\" aria-label=\"Compartir en Facebook\" href='https:\/\/www.facebook.com\/sharer.php?u=https:\/\/radiorevelacionfm.cl\/?p=62924&#038;t=Emiten%20Alerta%20Preventiva%20por%20amenaza%20de%20incendios%20forestales%20debido%20a%20temperaturas%20extremas%20este%20fin%20de%20semana' aria-hidden='false' data-av_icon='\ue8f3' data-av_iconfont='entypo-fontello' title='' data-avia-related-tooltip='Compartir en Facebook' rel=\"noopener\"><span class='avia_hidden_link_text'>Compartir en Facebook<\/span><\/a><\/li><li class='av-share-link av-social-link-twitter' ><a target=\"_blank\" aria-label=\"Compartir en Twitter\" href='https:\/\/twitter.com\/share?text=Emiten%20Alerta%20Preventiva%20por%20amenaza%20de%20incendios%20forestales%20debido%20a%20temperaturas%20extremas%20este%20fin%20de%20semana&#038;url=https:\/\/radiorevelacionfm.cl\/?p=62924' aria-hidden='false' data-av_icon='\ue8f1' data-av_iconfont='entypo-fontello' title='' data-avia-related-tooltip='Compartir en Twitter' rel=\"noopener\"><span class='avia_hidden_link_text'>Compartir en Twitter<\/span><\/a><\/li><li class='av-share-link av-social-link-whatsapp' ><a target=\"_blank\" aria-label=\"Compartir en Whatsapp\" href='https:\/\/api.whatsapp.com\/send?text=https:\/\/radiorevelacionfm.cl\/?p=62924' aria-hidden='false' data-av_icon='\uf232' data-av_iconfont='entypo-fontello' title='' data-avia-related-tooltip='Compartir en Whatsapp' rel=\"noopener\"><span class='avia_hidden_link_text'>Compartir en Whatsapp<\/span><\/a><\/li><li class='av-share-link av-social-link-linkedin' ><a target=\"_blank\" aria-label=\"Compartir en LinkedIn\" href='https:\/\/linkedin.com\/shareArticle?mini=true&#038;title=Emiten%20Alerta%20Preventiva%20por%20amenaza%20de%20incendios%20forestales%20debido%20a%20temperaturas%20extremas%20este%20fin%20de%20semana&#038;url=https:\/\/radiorevelacionfm.cl\/?p=62924' aria-hidden='false' data-av_icon='\ue8fc' data-av_iconfont='entypo-fontello' title='' data-avia-related-tooltip='Compartir en LinkedIn' rel=\"noopener\"><span class='avia_hidden_link_text'>Compartir en LinkedIn<\/span><\/a><\/li><li class='av-share-link av-social-link-mail' ><a  aria-label=\"Compartir por correo\" href='mailto:?subject=Emiten%20Alerta%20Preventiva%20por%20amenaza%20de%20incendios%20forestales%20debido%20a%20temperaturas%20extremas%20este%20fin%20de%20semana&#038;body=https:\/\/radiorevelacionfm.cl\/?p=62924' aria-hidden='false' data-av_icon='\ue805' data-av_iconfont='entypo-fontello' title='' data-avia-related-tooltip='Compartir por correo'><span class='avia_hidden_link_text'>Compartir por correo<\/span><\/a><\/li><\/ul><\/div><\/div>\n<div  style='height:50px' class='hr hr-invisible   avia-builder-el-8  el_after_av_social_share  el_before_av_comments_list '><span class='hr-inner ' ><span class='hr-inner-style'><\/span><\/span><\/div>\n<div  class='av-buildercomment  av-blog-meta-html-info-disabled av-blog-meta-tag-disabled  '><\/div>\n","protected":false},"excerpt":{"rendered":"","protected":false},"author":1,"featured_media":62925,"comment_status":"closed","ping_status":"closed","sticky":false,"template":"","format":"standard","meta":{"footnotes":""},"categories":[38],"tags":[],"class_list":["post-62924","post","type-post","status-publish","format-standard","has-post-thumbnail","hentry","category-regional"],"jetpack_featured_media_url":"https:\/\/radiorevelacionfm.cl\/wp-content\/uploads\/2026\/01\/incendio-cochrane-2025-1_optimized-1.jpg","_links":{"self":[{"href":"https:\/\/radiorevelacionfm.cl\/index.php?rest_route=\/wp\/v2\/posts\/62924","targetHints":{"allow":["GET"]}}],"collection":[{"href":"https:\/\/radiorevelacionfm.cl\/index.php?rest_route=\/wp\/v2\/posts"}],"about":[{"href":"https:\/\/radiorevelacionfm.cl\/index.php?rest_route=\/wp\/v2\/types\/post"}],"author":[{"embeddable":true,"href":"https:\/\/radiorevelacionfm.cl\/index.php?rest_route=\/wp\/v2\/users\/1"}],"replies":[{"embeddable":true,"href":"https:\/\/radiorevelacionfm.cl\/index.php?rest_route=%2Fwp%2Fv2%2Fcomments&post=62924"}],"version-history":[{"count":3,"href":"https:\/\/radiorevelacionfm.cl\/index.php?rest_route=\/wp\/v2\/posts\/62924\/revisions"}],"predecessor-version":[{"id":62927,"href":"https:\/\/radiorevelacionfm.cl\/index.php?rest_route=\/wp\/v2\/posts\/62924\/revisions\/62927"}],"wp:featuredmedia":[{"embeddable":true,"href":"https:\/\/radiorevelacionfm.cl\/index.php?rest_route=\/wp\/v2\/media\/62925"}],"wp:attachment":[{"href":"https:\/\/radiorevelacionfm.cl\/index.php?rest_route=%2Fwp%2Fv2%2Fmedia&parent=62924"}],"wp:term":[{"taxonomy":"category","embeddable":true,"href":"https:\/\/radiorevelacionfm.cl\/index.php?rest_route=%2Fwp%2Fv2%2Fcategories&post=62924"},{"taxonomy":"post_tag","embeddable":true,"href":"https:\/\/radiorevelacionfm.cl\/index.php?rest_route=%2Fwp%2Fv2%2Ftags&post=62924"}],"curies":[{"name":"wp","href":"https:\/\/api.w.org\/{rel}","templated":true}]}}