{"id":6291,"date":"2021-07-15T10:32:40","date_gmt":"2021-07-15T13:32:40","guid":{"rendered":"https:\/\/radiorevelacionfm.cl\/?p=6291"},"modified":"2021-07-15T10:32:40","modified_gmt":"2021-07-15T13:32:40","slug":"parques-nacionales-abren-a-publico-y-conaf-llama-al-autocuidado","status":"publish","type":"post","link":"https:\/\/radiorevelacionfm.cl\/?p=6291","title":{"rendered":"Parques nacionales abren a p\u00fablico y Conaf llama al autocuidado"},"content":{"rendered":"<div class=\"flex_column av_one_full  flex_column_div av-zero-column-padding first  avia-builder-el-0  el_before_av_one_full  avia-builder-el-first  \" style='border-radius:0px; '><div  class='avia-image-container  av-styling-    avia-builder-el-1  avia-builder-el-no-sibling  avia-align-center '  itemprop=\"image\" itemscope=\"itemscope\" itemtype=\"https:\/\/schema.org\/ImageObject\"  ><div class='avia-image-container-inner'><div class='avia-image-overlay-wrap'><img decoding=\"async\" class='wp-image-6292 avia-img-lazy-loading-not-6292 avia_image' src=\"https:\/\/radiorevelacionfm.cl\/wp-content\/uploads\/2021\/07\/parque3_optimized.jpeg\" alt='' title='parque3_optimized' height=\"600\" width=\"900\"  itemprop=\"thumbnailUrl\" srcset=\"https:\/\/radiorevelacionfm.cl\/wp-content\/uploads\/2021\/07\/parque3_optimized.jpeg 900w, https:\/\/radiorevelacionfm.cl\/wp-content\/uploads\/2021\/07\/parque3_optimized-300x200.jpeg 300w, https:\/\/radiorevelacionfm.cl\/wp-content\/uploads\/2021\/07\/parque3_optimized-768x512.jpeg 768w, https:\/\/radiorevelacionfm.cl\/wp-content\/uploads\/2021\/07\/parque3_optimized-705x470.jpeg 705w, https:\/\/radiorevelacionfm.cl\/wp-content\/uploads\/2021\/07\/parque3_optimized-600x400.jpeg 600w\" sizes=\"(max-width: 900px) 100vw, 900px\" \/><\/div><\/div><\/div><\/div><div class=\"flex_column av_one_full  flex_column_div av-zero-column-padding first  avia-builder-el-2  el_after_av_one_full  el_before_av_one_full  column-top-margin\" style='border-radius:0px; '><section class=\"av_textblock_section \"  itemscope=\"itemscope\" itemtype=\"https:\/\/schema.org\/BlogPosting\" itemprop=\"blogPost\" ><div class='avia_textblock  '   itemprop=\"text\" ><p style=\"text-align: center;\"><strong><span style=\"font-size: 18pt;\">Parques nacionales abren a p\u00fablico y Conaf llama al autocuidado<\/span><\/strong><\/p>\n<div id=\"gtx-trans\" style=\"position: absolute; left: -50px; top: 4.31534px;\">\n<div class=\"gtx-trans-icon\"><\/div>\n<\/div>\n<\/div><\/section><\/div><div class=\"flex_column av_one_full  flex_column_div av-zero-column-padding first  avia-builder-el-4  el_after_av_one_full  el_before_av_hr  column-top-margin\" style='border-radius:0px; '><section class=\"av_textblock_section \"  itemscope=\"itemscope\" itemtype=\"https:\/\/schema.org\/BlogPosting\" itemprop=\"blogPost\" ><div class='avia_textblock  '   itemprop=\"text\" ><p style=\"text-align: justify;\">Desde este jueves 15 de julio todos los parques nacionales, reservas nacionales y monumentos naturales que administra la Corporaci\u00f3n Nacional Forestal (CONAF) estar\u00e1n abiertos al p\u00fablico sin depender de las fases del Plan Paso a Paso en que se encuentren las comunas donde est\u00e1n ubicados, pero respetando la capacidad m\u00e1xima de visitantes que pueden recibir por d\u00eda, seg\u00fan las zonas de uso p\u00fablico con que cuenta cada una de estas \u00e1reas silvestres protegidas del Estado.<\/p>\n<p style=\"text-align: justify;\">Adem\u00e1s, se recuerda que para acceder en cuarentena o en transici\u00f3n (fines de semana y festivo), los visitantes deber\u00e1n presentar el pase de movilidad, el permiso de desplazamiento o hacer uso del horario de Elige Vivir Sano, y que los espacios de uso p\u00fablico (zonas de picnic, ba\u00f1os, centros de visitantes, otros) tendr\u00e1n una capacidad restringida seg\u00fan el espacio para resguardar el distanciamiento f\u00edsico.<\/p>\n<p style=\"text-align: justify;\">La ministra de agricultura, Mar\u00eda Emilia Undurraga, se\u00f1al\u00f3 que \u201csomos conscientes del esparcimiento que nos dan los parques y que son indispensables para la calidad de vida de las personas, sobre todo en estos tiempos de pandemia. As\u00ed que hacemos una invitaci\u00f3n a visitar los parques, que respeten los protocolos sanitarios y que, de a poco, vayamos reconectando con la naturaleza, que nos hace falta para la salud mental. Estas zonas tendr\u00e1n capacidad limitada de acuerdo con el espacio y caracter\u00edsticas de cada parque\u201d.<\/p>\n<p style=\"text-align: justify;\">Por su parte, el director ejecutivo de CONAF, Rodrigo Munita, manifest\u00f3 que \u201cesta medida se adopta en el contexto de los cambios realizados al Plan Paso a Paso, ya que estos espacios naturales son un aporte concreto al mejoramiento de la salud de las personas y de una sana distracci\u00f3n, pero respetando siempre las medidas de sanidad y el autocuidado. Sin embargo, recordamos a quienes quieran visitar las \u00e1reas protegidas, que cada unidad tiene una capacidad de visitantes por d\u00eda, por lo cual hacemos un llamado a hacer sus reservas y as\u00ed asegurar su entrada\u201d.<\/p>\n<p style=\"text-align: justify;\">Para el sistema de reservas o compras de ticket de ingreso, actualmente se cuenta con una plataforma, <a href=\"http:\/\/www.aspticket\">www.aspticket<\/a>, donde se pueden comprar y programar las visitas a las siguientes unidades: Parque Nacional Bosque de Fray Jorge y Reserva Nacional Ping\u00fcino de Humboldt, Regi\u00f3n de Coquimbo; Parque Nacional Radal Siete Tazas, Regi\u00f3n del Maule; Parque Nacional Conguill\u00edo, Regi\u00f3n de La Araucan\u00eda; Parque Nacional Alerce Costero, Regi\u00f3n de Los R\u00edos; Parque Nacional Vicente P\u00e9rez Rosales, Regi\u00f3n de Los Lagos; y Parque Nacional Torres del Paine, Reserva Nacional Magallanes y Monumento Natural Cueva del Milod\u00f3n, Regi\u00f3n de Magallanes. A ellas se ir\u00e1n sumando otras de manera gradual.<\/p>\n<p style=\"text-align: justify;\">Con respecto a la regi\u00f3n de Ays\u00e9n est\u00e1 implementado el sistema de reservas por la plataforma <a href=\"http:\/\/www.welcu.com\/conaf\/\">www.welcu.com\/conaf\/<\/a> , por lo que se recomienda ingresar al evento en la p\u00e1gina, reservar y luego acudir a su Parque o Reserva elegida. De todas maneras, siempre se recomienda consultar en el siguiente link de CONAF: <a href=\"https:\/\/www.conaf.cl\/situacion-de-parques-nacionales\/\">https:\/\/www.conaf.cl\/situacion-de-parques-nacionales\/<\/a>, cuya informaci\u00f3n est\u00e1 siendo actualizada constantemente.<\/p>\n<p style=\"text-align: justify;\">CONAF hace un llamado a visitar est\u00e1s \u00e1reas protegidas con responsabilidad sanitaria y respetando el ingreso seg\u00fan capacidad m\u00e1xima de visitantes de la respectiva unidad. Se debe portar pasaporte de movilidad y permiso de desplazamiento, mantener el distanciamiento f\u00edsico de 1 metro m\u00ednimo y usar mascarilla.<\/p>\n<\/div><\/section><\/div><div  style='height:50px' class='hr hr-invisible   avia-builder-el-6  el_after_av_one_full  el_before_av_social_share '><span class='hr-inner ' ><span class='hr-inner-style'><\/span><\/span><\/div><\/p>\n<div  class='av-social-sharing-box  avia-builder-el-7  el_after_av_hr  el_before_av_hr  '><div class='av-share-box'><h5 class='av-share-link-description av-no-toc '>Compartir esta noticia<\/h5><ul class='av-share-box-list noLightbox'><li class='av-share-link av-social-link-facebook' ><a target=\"_blank\" aria-label=\"Compartir en Facebook\" href='https:\/\/www.facebook.com\/sharer.php?u=https:\/\/radiorevelacionfm.cl\/?p=6291&#038;t=Parques%20nacionales%20abren%20a%20p%C3%BAblico%20y%20Conaf%20llama%20al%20autocuidado' aria-hidden='false' data-av_icon='\ue8f3' data-av_iconfont='entypo-fontello' title='' data-avia-related-tooltip='Compartir en Facebook' rel=\"noopener\"><span class='avia_hidden_link_text'>Compartir en Facebook<\/span><\/a><\/li><li class='av-share-link av-social-link-twitter' ><a target=\"_blank\" aria-label=\"Compartir en Twitter\" href='https:\/\/twitter.com\/share?text=Parques%20nacionales%20abren%20a%20p%C3%BAblico%20y%20Conaf%20llama%20al%20autocuidado&#038;url=https:\/\/radiorevelacionfm.cl\/?p=6291' aria-hidden='false' data-av_icon='\ue8f1' data-av_iconfont='entypo-fontello' title='' data-avia-related-tooltip='Compartir en Twitter' rel=\"noopener\"><span class='avia_hidden_link_text'>Compartir en Twitter<\/span><\/a><\/li><li class='av-share-link av-social-link-whatsapp' ><a target=\"_blank\" aria-label=\"Compartir en Whatsapp\" href='https:\/\/api.whatsapp.com\/send?text=https:\/\/radiorevelacionfm.cl\/?p=6291' aria-hidden='false' data-av_icon='\uf232' data-av_iconfont='entypo-fontello' title='' data-avia-related-tooltip='Compartir en Whatsapp' rel=\"noopener\"><span class='avia_hidden_link_text'>Compartir en Whatsapp<\/span><\/a><\/li><li class='av-share-link av-social-link-linkedin' ><a target=\"_blank\" aria-label=\"Compartir en LinkedIn\" href='https:\/\/linkedin.com\/shareArticle?mini=true&#038;title=Parques%20nacionales%20abren%20a%20p%C3%BAblico%20y%20Conaf%20llama%20al%20autocuidado&#038;url=https:\/\/radiorevelacionfm.cl\/?p=6291' aria-hidden='false' data-av_icon='\ue8fc' data-av_iconfont='entypo-fontello' title='' data-avia-related-tooltip='Compartir en LinkedIn' rel=\"noopener\"><span class='avia_hidden_link_text'>Compartir en LinkedIn<\/span><\/a><\/li><li class='av-share-link av-social-link-mail' ><a  aria-label=\"Compartir por correo\" href='mailto:?subject=Parques%20nacionales%20abren%20a%20p%C3%BAblico%20y%20Conaf%20llama%20al%20autocuidado&#038;body=https:\/\/radiorevelacionfm.cl\/?p=6291' aria-hidden='false' data-av_icon='\ue805' data-av_iconfont='entypo-fontello' title='' data-avia-related-tooltip='Compartir por correo'><span class='avia_hidden_link_text'>Compartir por correo<\/span><\/a><\/li><\/ul><\/div><\/div>\n<div  style='height:50px' class='hr hr-invisible   avia-builder-el-8  el_after_av_social_share  el_before_av_comments_list '><span class='hr-inner ' ><span class='hr-inner-style'><\/span><\/span><\/div>\n<div  class='av-buildercomment  av-blog-meta-html-info-disabled av-blog-meta-tag-disabled  '><\/div>\n","protected":false},"excerpt":{"rendered":"","protected":false},"author":1,"featured_media":6292,"comment_status":"open","ping_status":"open","sticky":false,"template":"","format":"standard","meta":{"footnotes":""},"categories":[54],"tags":[],"class_list":["post-6291","post","type-post","status-publish","format-standard","has-post-thumbnail","hentry","category-turismo"],"jetpack_featured_media_url":"https:\/\/radiorevelacionfm.cl\/wp-content\/uploads\/2021\/07\/parque3_optimized.jpeg","_links":{"self":[{"href":"https:\/\/radiorevelacionfm.cl\/index.php?rest_route=\/wp\/v2\/posts\/6291","targetHints":{"allow":["GET"]}}],"collection":[{"href":"https:\/\/radiorevelacionfm.cl\/index.php?rest_route=\/wp\/v2\/posts"}],"about":[{"href":"https:\/\/radiorevelacionfm.cl\/index.php?rest_route=\/wp\/v2\/types\/post"}],"author":[{"embeddable":true,"href":"https:\/\/radiorevelacionfm.cl\/index.php?rest_route=\/wp\/v2\/users\/1"}],"replies":[{"embeddable":true,"href":"https:\/\/radiorevelacionfm.cl\/index.php?rest_route=%2Fwp%2Fv2%2Fcomments&post=6291"}],"version-history":[{"count":1,"href":"https:\/\/radiorevelacionfm.cl\/index.php?rest_route=\/wp\/v2\/posts\/6291\/revisions"}],"predecessor-version":[{"id":6293,"href":"https:\/\/radiorevelacionfm.cl\/index.php?rest_route=\/wp\/v2\/posts\/6291\/revisions\/6293"}],"wp:featuredmedia":[{"embeddable":true,"href":"https:\/\/radiorevelacionfm.cl\/index.php?rest_route=\/wp\/v2\/media\/6292"}],"wp:attachment":[{"href":"https:\/\/radiorevelacionfm.cl\/index.php?rest_route=%2Fwp%2Fv2%2Fmedia&parent=6291"}],"wp:term":[{"taxonomy":"category","embeddable":true,"href":"https:\/\/radiorevelacionfm.cl\/index.php?rest_route=%2Fwp%2Fv2%2Fcategories&post=6291"},{"taxonomy":"post_tag","embeddable":true,"href":"https:\/\/radiorevelacionfm.cl\/index.php?rest_route=%2Fwp%2Fv2%2Ftags&post=6291"}],"curies":[{"name":"wp","href":"https:\/\/api.w.org\/{rel}","templated":true}]}}