{"id":62906,"date":"2026-01-01T22:00:37","date_gmt":"2026-01-02T01:00:37","guid":{"rendered":"https:\/\/radiorevelacionfm.cl\/?p=62906"},"modified":"2026-01-01T22:00:37","modified_gmt":"2026-01-02T01:00:37","slug":"edelaysen-junto-a-grupo-saesa-consolida-su-red-de-programas-de-vinculacion-comunitaria-durante-2025-en-la-region","status":"publish","type":"post","link":"https:\/\/radiorevelacionfm.cl\/?p=62906","title":{"rendered":"Edelaysen junto a Grupo Saesa consolida su red de programas de vinculaci\u00f3n comunitaria durante 2025 en la regi\u00f3n"},"content":{"rendered":"<div class=\"flex_column av_one_full  flex_column_div av-zero-column-padding first  avia-builder-el-0  el_before_av_one_full  avia-builder-el-first  \" style='border-radius:0px; '><div  class='avia-image-container  av-styling-    avia-builder-el-1  avia-builder-el-no-sibling  avia-align-center '  itemprop=\"image\" itemscope=\"itemscope\" itemtype=\"https:\/\/schema.org\/ImageObject\"  ><div class='avia-image-container-inner'><div class='avia-image-overlay-wrap'><img decoding=\"async\" class='wp-image-62907 avia-img-lazy-loading-not-62907 avia_image' src=\"https:\/\/radiorevelacionfm.cl\/wp-content\/uploads\/2026\/01\/4cda0a43-b5e8-4b23-89c8-314e0726894c-1_optimized.jpg\" alt='' title='4cda0a43-b5e8-4b23-89c8-314e0726894c-(1)_optimized' height=\"600\" width=\"800\"  itemprop=\"thumbnailUrl\" srcset=\"https:\/\/radiorevelacionfm.cl\/wp-content\/uploads\/2026\/01\/4cda0a43-b5e8-4b23-89c8-314e0726894c-1_optimized.jpg 800w, https:\/\/radiorevelacionfm.cl\/wp-content\/uploads\/2026\/01\/4cda0a43-b5e8-4b23-89c8-314e0726894c-1_optimized-300x225.jpg 300w, https:\/\/radiorevelacionfm.cl\/wp-content\/uploads\/2026\/01\/4cda0a43-b5e8-4b23-89c8-314e0726894c-1_optimized-768x576.jpg 768w, https:\/\/radiorevelacionfm.cl\/wp-content\/uploads\/2026\/01\/4cda0a43-b5e8-4b23-89c8-314e0726894c-1_optimized-705x529.jpg 705w, https:\/\/radiorevelacionfm.cl\/wp-content\/uploads\/2026\/01\/4cda0a43-b5e8-4b23-89c8-314e0726894c-1_optimized-450x338.jpg 450w, https:\/\/radiorevelacionfm.cl\/wp-content\/uploads\/2026\/01\/4cda0a43-b5e8-4b23-89c8-314e0726894c-1_optimized-600x450.jpg 600w\" sizes=\"(max-width: 800px) 100vw, 800px\" \/><\/div><\/div><\/div><\/div><div class=\"flex_column av_one_full  flex_column_div av-zero-column-padding first  avia-builder-el-2  el_after_av_one_full  el_before_av_one_full  column-top-margin\" style='border-radius:0px; '><section class=\"av_textblock_section \"  itemscope=\"itemscope\" itemtype=\"https:\/\/schema.org\/BlogPosting\" itemprop=\"blogPost\" ><div class='avia_textblock  '   itemprop=\"text\" ><p style=\"text-align: center;\"><strong><span style=\"font-size: 18pt;\">Edelaysen junto a Grupo Saesa consolida su red de programas de vinculaci\u00f3n comunitaria durante 2025 en la regi\u00f3n<\/span><\/strong><\/p>\n<div id=\"gtx-trans\" style=\"position: absolute; left: -50px; top: 4.31534px;\">\n<div class=\"gtx-trans-icon\"><\/div>\n<\/div>\n<\/div><\/section><\/div><div class=\"flex_column av_one_full  flex_column_div av-zero-column-padding first  avia-builder-el-4  el_after_av_one_full  el_before_av_hr  column-top-margin\" style='border-radius:0px; '><section class=\"av_textblock_section \"  itemscope=\"itemscope\" itemtype=\"https:\/\/schema.org\/BlogPosting\" itemprop=\"blogPost\" ><div class='avia_textblock  '   itemprop=\"text\" ><p style=\"text-align: justify;\"><em>Iniciativas en seguridad, emprendimiento, medioambiente y deporte se desplegaron en barrios, escuelas y organizaciones sociales.<\/em><\/p>\n<p style=\"text-align: justify;\">La vinculaci\u00f3n con las comunidades locales es uno de los ejes estrat\u00e9gicos de Grupo Saesa. Durante 2025, la compa\u00f1\u00eda ejecut\u00f3 10 programas orientados a fortalecer la seguridad, educaci\u00f3n y el cuidado del medioambiente, alcanzando casi 70 mil beneficiarios directos en distintas comunas del sur del pa\u00eds.<\/p>\n<p style=\"text-align: justify;\">Este despliegue se tradujo en mil reuniones comunitarias y la participaci\u00f3n de m\u00e1s de 10 mil personas en instancias de di\u00e1logo territorial, desde donde se levantaron necesidades y se articularon proyectos junto a vecinos, establecimientos educacionales, organizaciones sociales y municipios.<\/p>\n<p style=\"text-align: justify;\">\u201cLa operaci\u00f3n diaria en el territorio nos permite mantener un v\u00ednculo permanente con las personas. Desde ese espacio, conectamos con las necesidades locales y articulamos soluciones que responden a las realidades y prioridades de cada comunidad\u201d, explic\u00f3 la gerenta de Asuntos Corporativos y Sustentabilidad de Grupo Saesa, Alondra Leal.<\/p>\n<p style=\"text-align: justify;\"><strong>Mejoras a espacio p\u00fablicos<\/strong><\/p>\n<p style=\"text-align: justify;\">En materia de seguridad, el programa Barrios con Energ\u00eda permiti\u00f3 la instalaci\u00f3n de nuevas luminarias en 50 sectores de 38 comunas, mejorando la iluminaci\u00f3n de espacios p\u00fablicos. A ello se sum\u00f3 Conecta tu Sede, que concret\u00f3 la conexi\u00f3n el\u00e9ctrica de m\u00e1s de 60 sedes sociales, beneficiando a 9.150 familias, y Conecta tu Energ\u00eda, que habilit\u00f3 puntos de carga el\u00e9ctrica en 14 instituciones p\u00fablicas, con impacto en cerca de 14 mil usuarios.<\/p>\n<p style=\"text-align: justify;\">\u201cLa energ\u00eda es un factor clave para la seguridad, porque una mejor iluminaci\u00f3n y acceso el\u00e9ctrico permiten que los espacios p\u00fablicos y comunitarios sean utilizados de manera m\u00e1s segura por los vecinos\u201d, explic\u00f3 la ejecutiva.<\/p>\n<p style=\"text-align: justify;\"><strong>Aporte a la educaci\u00f3n de la mano de la Eficiencia Energ\u00e9tica<\/strong><\/p>\n<p style=\"text-align: justify;\">En el \u00e1mbito educativo, los programas de Grupo Saesa beneficiaron a m\u00e1s de 4.100 estudiantes. Escuelas con Energ\u00eda concentr\u00f3 el mayor impacto, con alrededor de 2.500 beneficiarios, mientras que Liceos El\u00e9ctricos, que cumpli\u00f3 13 a\u00f1os de trayectoria, desarroll\u00f3 40 actividades formativas, capacitando a casi 700 estudiantes.<\/p>\n<p style=\"text-align: justify;\">El programa \u201cNo + Pilas\u201d que cumpli\u00f3 15 a\u00f1os recolectando pilas en desuso para su disposici\u00f3n final, fue otra de las iniciativas destacadas. Durante este a\u00f1o participaron 56 comunas del sur del pa\u00eds logrando capturar 22 toneladas de pilas en desuso evitando la contaminaci\u00f3n.<\/p>\n<p style=\"text-align: justify;\">\u201cEl deporte tambi\u00e9n es una instancia para educar\u201d, asegura Alondra Leal. En ese contexto, comenta que la Liga Saesa celebr\u00f3 este a\u00f1o su 25 aniversario, reuniendo a cerca de 2 mil ni\u00f1os y j\u00f3venes durante seis meses de competencia, con m\u00e1s de 600 partidos disputados, generando adem\u00e1s alrededor de 800 fuentes de trabajo directas e indirectas.<\/p>\n<p style=\"text-align: justify;\"><strong>Emprendimiento<\/strong><\/p>\n<p style=\"text-align: justify;\">Este a\u00f1o Mujeres con Energ\u00eda realiz\u00f3 su d\u00e9cima versi\u00f3n, con la participaci\u00f3n de m\u00e1s de 300 participantes en su academia para impulsar el emprendimiento femenino mediante 120 horas de capacitaci\u00f3n.<\/p>\n<p style=\"text-align: justify;\">De cara a 2026, Grupo Saesa celebrar\u00e1 sus 100 a\u00f1os y continuar\u00e1 fortaleciendo su red de programas comunitarios, profundizando en el trabajo territorial, ampliando iniciativas y articulando proyectos junto a comunidades, municipios y organizaciones locales en las zonas donde la compa\u00f1\u00eda opera.<\/p>\n<\/div><\/section><\/div><div  style='height:50px' class='hr hr-invisible   avia-builder-el-6  el_after_av_one_full  el_before_av_social_share '><span class='hr-inner ' ><span class='hr-inner-style'><\/span><\/span><\/div><\/p>\n<div  class='av-social-sharing-box  avia-builder-el-7  el_after_av_hr  el_before_av_hr  '><div class='av-share-box'><h5 class='av-share-link-description av-no-toc '>Compartir esta noticia<\/h5><ul class='av-share-box-list noLightbox'><li class='av-share-link av-social-link-facebook' ><a target=\"_blank\" aria-label=\"Compartir en Facebook\" href='https:\/\/www.facebook.com\/sharer.php?u=https:\/\/radiorevelacionfm.cl\/?p=62906&#038;t=Edelaysen%20junto%20a%20Grupo%20Saesa%20consolida%20su%20red%20de%20programas%20de%20vinculaci%C3%B3n%20comunitaria%20durante%202025%20en%20la%20regi%C3%B3n' aria-hidden='false' data-av_icon='\ue8f3' data-av_iconfont='entypo-fontello' title='' data-avia-related-tooltip='Compartir en Facebook' rel=\"noopener\"><span class='avia_hidden_link_text'>Compartir en Facebook<\/span><\/a><\/li><li class='av-share-link av-social-link-twitter' ><a target=\"_blank\" aria-label=\"Compartir en Twitter\" href='https:\/\/twitter.com\/share?text=Edelaysen%20junto%20a%20Grupo%20Saesa%20consolida%20su%20red%20de%20programas%20de%20vinculaci%C3%B3n%20comunitaria%20durante%202025%20en%20la%20regi%C3%B3n&#038;url=https:\/\/radiorevelacionfm.cl\/?p=62906' aria-hidden='false' data-av_icon='\ue8f1' data-av_iconfont='entypo-fontello' title='' data-avia-related-tooltip='Compartir en Twitter' rel=\"noopener\"><span class='avia_hidden_link_text'>Compartir en Twitter<\/span><\/a><\/li><li class='av-share-link av-social-link-whatsapp' ><a target=\"_blank\" aria-label=\"Compartir en Whatsapp\" href='https:\/\/api.whatsapp.com\/send?text=https:\/\/radiorevelacionfm.cl\/?p=62906' aria-hidden='false' data-av_icon='\uf232' data-av_iconfont='entypo-fontello' title='' data-avia-related-tooltip='Compartir en Whatsapp' rel=\"noopener\"><span class='avia_hidden_link_text'>Compartir en Whatsapp<\/span><\/a><\/li><li class='av-share-link av-social-link-linkedin' ><a target=\"_blank\" aria-label=\"Compartir en LinkedIn\" href='https:\/\/linkedin.com\/shareArticle?mini=true&#038;title=Edelaysen%20junto%20a%20Grupo%20Saesa%20consolida%20su%20red%20de%20programas%20de%20vinculaci%C3%B3n%20comunitaria%20durante%202025%20en%20la%20regi%C3%B3n&#038;url=https:\/\/radiorevelacionfm.cl\/?p=62906' aria-hidden='false' data-av_icon='\ue8fc' data-av_iconfont='entypo-fontello' title='' data-avia-related-tooltip='Compartir en LinkedIn' rel=\"noopener\"><span class='avia_hidden_link_text'>Compartir en LinkedIn<\/span><\/a><\/li><li class='av-share-link av-social-link-mail' ><a  aria-label=\"Compartir por correo\" href='mailto:?subject=Edelaysen%20junto%20a%20Grupo%20Saesa%20consolida%20su%20red%20de%20programas%20de%20vinculaci%C3%B3n%20comunitaria%20durante%202025%20en%20la%20regi%C3%B3n&#038;body=https:\/\/radiorevelacionfm.cl\/?p=62906' aria-hidden='false' data-av_icon='\ue805' data-av_iconfont='entypo-fontello' title='' data-avia-related-tooltip='Compartir por correo'><span class='avia_hidden_link_text'>Compartir por correo<\/span><\/a><\/li><\/ul><\/div><\/div>\n<div  style='height:50px' class='hr hr-invisible   avia-builder-el-8  el_after_av_social_share  el_before_av_comments_list '><span class='hr-inner ' ><span class='hr-inner-style'><\/span><\/span><\/div>\n<div  class='av-buildercomment  av-blog-meta-html-info-disabled av-blog-meta-tag-disabled  '><\/div>\n","protected":false},"excerpt":{"rendered":"","protected":false},"author":1,"featured_media":62907,"comment_status":"closed","ping_status":"closed","sticky":false,"template":"","format":"standard","meta":{"footnotes":""},"categories":[38],"tags":[],"class_list":["post-62906","post","type-post","status-publish","format-standard","has-post-thumbnail","hentry","category-regional"],"jetpack_featured_media_url":"https:\/\/radiorevelacionfm.cl\/wp-content\/uploads\/2026\/01\/4cda0a43-b5e8-4b23-89c8-314e0726894c-1_optimized.jpg","_links":{"self":[{"href":"https:\/\/radiorevelacionfm.cl\/index.php?rest_route=\/wp\/v2\/posts\/62906","targetHints":{"allow":["GET"]}}],"collection":[{"href":"https:\/\/radiorevelacionfm.cl\/index.php?rest_route=\/wp\/v2\/posts"}],"about":[{"href":"https:\/\/radiorevelacionfm.cl\/index.php?rest_route=\/wp\/v2\/types\/post"}],"author":[{"embeddable":true,"href":"https:\/\/radiorevelacionfm.cl\/index.php?rest_route=\/wp\/v2\/users\/1"}],"replies":[{"embeddable":true,"href":"https:\/\/radiorevelacionfm.cl\/index.php?rest_route=%2Fwp%2Fv2%2Fcomments&post=62906"}],"version-history":[{"count":2,"href":"https:\/\/radiorevelacionfm.cl\/index.php?rest_route=\/wp\/v2\/posts\/62906\/revisions"}],"predecessor-version":[{"id":62919,"href":"https:\/\/radiorevelacionfm.cl\/index.php?rest_route=\/wp\/v2\/posts\/62906\/revisions\/62919"}],"wp:featuredmedia":[{"embeddable":true,"href":"https:\/\/radiorevelacionfm.cl\/index.php?rest_route=\/wp\/v2\/media\/62907"}],"wp:attachment":[{"href":"https:\/\/radiorevelacionfm.cl\/index.php?rest_route=%2Fwp%2Fv2%2Fmedia&parent=62906"}],"wp:term":[{"taxonomy":"category","embeddable":true,"href":"https:\/\/radiorevelacionfm.cl\/index.php?rest_route=%2Fwp%2Fv2%2Fcategories&post=62906"},{"taxonomy":"post_tag","embeddable":true,"href":"https:\/\/radiorevelacionfm.cl\/index.php?rest_route=%2Fwp%2Fv2%2Ftags&post=62906"}],"curies":[{"name":"wp","href":"https:\/\/api.w.org\/{rel}","templated":true}]}}