{"id":62902,"date":"2025-12-31T13:39:01","date_gmt":"2025-12-31T16:39:01","guid":{"rendered":"https:\/\/radiorevelacionfm.cl\/?p=62902"},"modified":"2025-12-31T13:39:01","modified_gmt":"2025-12-31T16:39:01","slug":"sernameg-presenta-querella-por-caso-de-violencia-de-genero-extrema-en-coyhaique","status":"publish","type":"post","link":"https:\/\/radiorevelacionfm.cl\/?p=62902","title":{"rendered":"SernamEG presenta querella por caso de violencia de g\u00e9nero extrema en Coyhaique"},"content":{"rendered":"<div class=\"flex_column av_one_full  flex_column_div av-zero-column-padding first  avia-builder-el-0  el_before_av_one_full  avia-builder-el-first  \" style='border-radius:0px; '><div  class='avia-image-container  av-styling-    avia-builder-el-1  avia-builder-el-no-sibling  avia-align-center '  itemprop=\"image\" itemscope=\"itemscope\" itemtype=\"https:\/\/schema.org\/ImageObject\"  ><div class='avia-image-container-inner'><div class='avia-image-overlay-wrap'><img decoding=\"async\" class='wp-image-62903 avia-img-lazy-loading-not-62903 avia_image' src=\"https:\/\/radiorevelacionfm.cl\/wp-content\/uploads\/2025\/12\/ft-3-1_optimized-1.jpeg\" alt='' title='ft-3-(1)_optimized (1)' height=\"600\" width=\"800\"  itemprop=\"thumbnailUrl\" srcset=\"https:\/\/radiorevelacionfm.cl\/wp-content\/uploads\/2025\/12\/ft-3-1_optimized-1.jpeg 800w, https:\/\/radiorevelacionfm.cl\/wp-content\/uploads\/2025\/12\/ft-3-1_optimized-1-300x225.jpeg 300w, https:\/\/radiorevelacionfm.cl\/wp-content\/uploads\/2025\/12\/ft-3-1_optimized-1-768x576.jpeg 768w, https:\/\/radiorevelacionfm.cl\/wp-content\/uploads\/2025\/12\/ft-3-1_optimized-1-705x529.jpeg 705w, https:\/\/radiorevelacionfm.cl\/wp-content\/uploads\/2025\/12\/ft-3-1_optimized-1-450x338.jpeg 450w, https:\/\/radiorevelacionfm.cl\/wp-content\/uploads\/2025\/12\/ft-3-1_optimized-1-600x450.jpeg 600w\" sizes=\"(max-width: 800px) 100vw, 800px\" \/><\/div><\/div><\/div><\/div><div class=\"flex_column av_one_full  flex_column_div av-zero-column-padding first  avia-builder-el-2  el_after_av_one_full  el_before_av_one_full  column-top-margin\" style='border-radius:0px; '><section class=\"av_textblock_section \"  itemscope=\"itemscope\" itemtype=\"https:\/\/schema.org\/BlogPosting\" itemprop=\"blogPost\" ><div class='avia_textblock  '   itemprop=\"text\" ><p style=\"text-align: center;\"><strong><span style=\"font-size: 18pt;\">SernamEG presenta querella por caso de violencia de g\u00e9nero extrema en Coyhaique<\/span><\/strong><\/p>\n<div id=\"gtx-trans\" style=\"position: absolute; left: -50px; top: 4.31534px;\">\n<div class=\"gtx-trans-icon\"><\/div>\n<\/div>\n<\/div><\/section><\/div><div class=\"flex_column av_one_full  flex_column_div av-zero-column-padding first  avia-builder-el-4  el_after_av_one_full  el_before_av_hr  column-top-margin\" style='border-radius:0px; '><section class=\"av_textblock_section \"  itemscope=\"itemscope\" itemtype=\"https:\/\/schema.org\/BlogPosting\" itemprop=\"blogPost\" ><div class='avia_textblock  '   itemprop=\"text\" ><p dir=\"ltr\" style=\"text-align: justify;\">La directora regional subrogante del Servicio Nacional de la Mujer y la Equidad de G\u00e9nero (SernamEG), Carla Arriagada Malague\u00f1o, inform\u00f3 que desde la entidad interpusieron una querella por un caso de violencia de g\u00e9nero extrema, ocurrido en la ciudad de Coyhaique durante el fin de semana anterior a las fiestas de Navidad.<\/p>\n<p dir=\"ltr\" style=\"text-align: justify;\">De esta manera, y en representaci\u00f3n de la v\u00edctima, el servicio presenta esta acci\u00f3n legal luego de que el agresor fuera formalizado por femicidio en su grado de tentado, quedando con las medidas cautelares de arresto domiciliario nocturno y prohibici\u00f3n de acercarse a la mujer.<\/p>\n<p dir=\"ltr\" style=\"text-align: justify;\">Al respecto, la autoridad comunic\u00f3 que, desde que ocurri\u00f3 el delito, se activaron los protocolos del Circuito Intersectorial de Femicidios, tras lo cual la Direcci\u00f3n Regional de Ays\u00e9n del SernamEG se comunic\u00f3 con la v\u00edctima para ofrecerle atenci\u00f3n psicosocial y representaci\u00f3n jur\u00eddica, apoyos que la mujer acept\u00f3.<\/p>\n<p dir=\"ltr\" style=\"text-align: justify;\">\u201cDesde el Servicio Nacional de la Mujer y la Equidad de G\u00e9nero, y respecto al caso de violencia de g\u00e9nero extrema ocurrido el d\u00eda 21 de diciembre en la ciudad de Coyhaique, queremos informar que como servicio tomamos contacto con la v\u00edctima de manera oportuna tras la agresi\u00f3n para ofrecer atenci\u00f3n psicosocial y representaci\u00f3n jur\u00eddica. Ella acept\u00f3 ambos y desde la semana pasada se encuentra recibiendo apoyo y acompa\u00f1amiento por parte de las profesionales de nuestro dispositivo en el territorio. En cuanto a lo judicial, y ante los hechos denunciados, esta semana interpusimos una querella desde la Direcci\u00f3n Regional por el delito de femicidio tentado\u201d, se\u00f1al\u00f3 Carla Arriagada.<\/p>\n<p dir=\"ltr\" style=\"text-align: justify;\">Finalmente, la directora regional subrogante hizo un llamado a denunciar casos de violencia de g\u00e9nero a Carabineros (133), a la Polic\u00eda de Investigaciones (134), o acerc\u00e1ndose a cualquier oficina de Fiscal\u00eda. Asimismo, destac\u00f3 que el SernamEG cuenta con el n\u00famero 1455, que es gratuito, confidencial y que funciona de lunes a domingo de 08:00 a 00:00 horas, donde las personas podr\u00e1n recibir apoyo, contenci\u00f3n emocional, y orientaci\u00f3n jur\u00eddica y psicosocial en materias de violencias de g\u00e9nero.<\/p>\n<\/div><\/section><\/div><div  style='height:50px' class='hr hr-invisible   avia-builder-el-6  el_after_av_one_full  el_before_av_social_share '><span class='hr-inner ' ><span class='hr-inner-style'><\/span><\/span><\/div><\/p>\n<div  class='av-social-sharing-box  avia-builder-el-7  el_after_av_hr  el_before_av_hr  '><div class='av-share-box'><h5 class='av-share-link-description av-no-toc '>Compartir esta noticia<\/h5><ul class='av-share-box-list noLightbox'><li class='av-share-link av-social-link-facebook' ><a target=\"_blank\" aria-label=\"Compartir en Facebook\" href='https:\/\/www.facebook.com\/sharer.php?u=https:\/\/radiorevelacionfm.cl\/?p=62902&#038;t=SernamEG%20presenta%20querella%20por%20caso%20de%20violencia%20de%20g%C3%A9nero%20extrema%20en%20Coyhaique' aria-hidden='false' data-av_icon='\ue8f3' data-av_iconfont='entypo-fontello' title='' data-avia-related-tooltip='Compartir en Facebook' rel=\"noopener\"><span class='avia_hidden_link_text'>Compartir en Facebook<\/span><\/a><\/li><li class='av-share-link av-social-link-twitter' ><a target=\"_blank\" aria-label=\"Compartir en Twitter\" href='https:\/\/twitter.com\/share?text=SernamEG%20presenta%20querella%20por%20caso%20de%20violencia%20de%20g%C3%A9nero%20extrema%20en%20Coyhaique&#038;url=https:\/\/radiorevelacionfm.cl\/?p=62902' aria-hidden='false' data-av_icon='\ue8f1' data-av_iconfont='entypo-fontello' title='' data-avia-related-tooltip='Compartir en Twitter' rel=\"noopener\"><span class='avia_hidden_link_text'>Compartir en Twitter<\/span><\/a><\/li><li class='av-share-link av-social-link-whatsapp' ><a target=\"_blank\" aria-label=\"Compartir en Whatsapp\" href='https:\/\/api.whatsapp.com\/send?text=https:\/\/radiorevelacionfm.cl\/?p=62902' aria-hidden='false' data-av_icon='\uf232' data-av_iconfont='entypo-fontello' title='' data-avia-related-tooltip='Compartir en Whatsapp' rel=\"noopener\"><span class='avia_hidden_link_text'>Compartir en Whatsapp<\/span><\/a><\/li><li class='av-share-link av-social-link-linkedin' ><a target=\"_blank\" aria-label=\"Compartir en LinkedIn\" href='https:\/\/linkedin.com\/shareArticle?mini=true&#038;title=SernamEG%20presenta%20querella%20por%20caso%20de%20violencia%20de%20g%C3%A9nero%20extrema%20en%20Coyhaique&#038;url=https:\/\/radiorevelacionfm.cl\/?p=62902' aria-hidden='false' data-av_icon='\ue8fc' data-av_iconfont='entypo-fontello' title='' data-avia-related-tooltip='Compartir en LinkedIn' rel=\"noopener\"><span class='avia_hidden_link_text'>Compartir en LinkedIn<\/span><\/a><\/li><li class='av-share-link av-social-link-mail' ><a  aria-label=\"Compartir por correo\" href='mailto:?subject=SernamEG%20presenta%20querella%20por%20caso%20de%20violencia%20de%20g%C3%A9nero%20extrema%20en%20Coyhaique&#038;body=https:\/\/radiorevelacionfm.cl\/?p=62902' aria-hidden='false' data-av_icon='\ue805' data-av_iconfont='entypo-fontello' title='' data-avia-related-tooltip='Compartir por correo'><span class='avia_hidden_link_text'>Compartir por correo<\/span><\/a><\/li><\/ul><\/div><\/div>\n<div  style='height:50px' class='hr hr-invisible   avia-builder-el-8  el_after_av_social_share  el_before_av_comments_list '><span class='hr-inner ' ><span class='hr-inner-style'><\/span><\/span><\/div>\n<div  class='av-buildercomment  av-blog-meta-html-info-disabled av-blog-meta-tag-disabled  '><\/div>\n","protected":false},"excerpt":{"rendered":"","protected":false},"author":1,"featured_media":62903,"comment_status":"closed","ping_status":"closed","sticky":false,"template":"","format":"standard","meta":{"footnotes":""},"categories":[38],"tags":[],"class_list":["post-62902","post","type-post","status-publish","format-standard","has-post-thumbnail","hentry","category-regional"],"jetpack_featured_media_url":"https:\/\/radiorevelacionfm.cl\/wp-content\/uploads\/2025\/12\/ft-3-1_optimized-1.jpeg","_links":{"self":[{"href":"https:\/\/radiorevelacionfm.cl\/index.php?rest_route=\/wp\/v2\/posts\/62902","targetHints":{"allow":["GET"]}}],"collection":[{"href":"https:\/\/radiorevelacionfm.cl\/index.php?rest_route=\/wp\/v2\/posts"}],"about":[{"href":"https:\/\/radiorevelacionfm.cl\/index.php?rest_route=\/wp\/v2\/types\/post"}],"author":[{"embeddable":true,"href":"https:\/\/radiorevelacionfm.cl\/index.php?rest_route=\/wp\/v2\/users\/1"}],"replies":[{"embeddable":true,"href":"https:\/\/radiorevelacionfm.cl\/index.php?rest_route=%2Fwp%2Fv2%2Fcomments&post=62902"}],"version-history":[{"count":2,"href":"https:\/\/radiorevelacionfm.cl\/index.php?rest_route=\/wp\/v2\/posts\/62902\/revisions"}],"predecessor-version":[{"id":62905,"href":"https:\/\/radiorevelacionfm.cl\/index.php?rest_route=\/wp\/v2\/posts\/62902\/revisions\/62905"}],"wp:featuredmedia":[{"embeddable":true,"href":"https:\/\/radiorevelacionfm.cl\/index.php?rest_route=\/wp\/v2\/media\/62903"}],"wp:attachment":[{"href":"https:\/\/radiorevelacionfm.cl\/index.php?rest_route=%2Fwp%2Fv2%2Fmedia&parent=62902"}],"wp:term":[{"taxonomy":"category","embeddable":true,"href":"https:\/\/radiorevelacionfm.cl\/index.php?rest_route=%2Fwp%2Fv2%2Fcategories&post=62902"},{"taxonomy":"post_tag","embeddable":true,"href":"https:\/\/radiorevelacionfm.cl\/index.php?rest_route=%2Fwp%2Fv2%2Ftags&post=62902"}],"curies":[{"name":"wp","href":"https:\/\/api.w.org\/{rel}","templated":true}]}}