{"id":62893,"date":"2025-12-30T20:16:52","date_gmt":"2025-12-30T23:16:52","guid":{"rendered":"https:\/\/radiorevelacionfm.cl\/?p=62893"},"modified":"2025-12-30T20:16:52","modified_gmt":"2025-12-30T23:16:52","slug":"uaysen-se-adjudica-fondo-fiut-y-marca-un-hito-en-el-fortalecimiento-de-la-investigacion-desde-la-patagonia","status":"publish","type":"post","link":"https:\/\/radiorevelacionfm.cl\/?p=62893","title":{"rendered":"UAys\u00e9n se adjudica Fondo FIUT y marca un hito en el fortalecimiento de la investigaci\u00f3n desde la Patagonia"},"content":{"rendered":"<div class=\"flex_column av_one_full  flex_column_div av-zero-column-padding first  avia-builder-el-0  el_before_av_one_full  avia-builder-el-first  \" style='border-radius:0px; '><div  class='avia-image-container  av-styling-    avia-builder-el-1  avia-builder-el-no-sibling  avia-align-center '  itemprop=\"image\" itemscope=\"itemscope\" itemtype=\"https:\/\/schema.org\/ImageObject\"  ><div class='avia-image-container-inner'><div class='avia-image-overlay-wrap'><img decoding=\"async\" class='wp-image-62894 avia-img-lazy-loading-not-62894 avia_image' src=\"https:\/\/radiorevelacionfm.cl\/wp-content\/uploads\/2025\/12\/2-2025-12-30T201241.089-1-1.jpg\" alt='' title='2 - 2025-12-30T201241.089 (1) (1)' height=\"600\" width=\"900\"  itemprop=\"thumbnailUrl\" srcset=\"https:\/\/radiorevelacionfm.cl\/wp-content\/uploads\/2025\/12\/2-2025-12-30T201241.089-1-1.jpg 900w, https:\/\/radiorevelacionfm.cl\/wp-content\/uploads\/2025\/12\/2-2025-12-30T201241.089-1-1-300x200.jpg 300w, https:\/\/radiorevelacionfm.cl\/wp-content\/uploads\/2025\/12\/2-2025-12-30T201241.089-1-1-768x512.jpg 768w, https:\/\/radiorevelacionfm.cl\/wp-content\/uploads\/2025\/12\/2-2025-12-30T201241.089-1-1-705x470.jpg 705w, https:\/\/radiorevelacionfm.cl\/wp-content\/uploads\/2025\/12\/2-2025-12-30T201241.089-1-1-450x300.jpg 450w, https:\/\/radiorevelacionfm.cl\/wp-content\/uploads\/2025\/12\/2-2025-12-30T201241.089-1-1-600x400.jpg 600w\" sizes=\"(max-width: 900px) 100vw, 900px\" \/><\/div><\/div><\/div><\/div><div class=\"flex_column av_one_full  flex_column_div av-zero-column-padding first  avia-builder-el-2  el_after_av_one_full  el_before_av_one_full  column-top-margin\" style='border-radius:0px; '><section class=\"av_textblock_section \"  itemscope=\"itemscope\" itemtype=\"https:\/\/schema.org\/BlogPosting\" itemprop=\"blogPost\" ><div class='avia_textblock  '   itemprop=\"text\" ><p style=\"text-align: center;\"><strong><span style=\"font-size: 18pt;\">UAys\u00e9n se adjudica Fondo FIUT y marca un hito en el fortalecimiento de la investigaci\u00f3n desde la Patagonia<\/span><\/strong><\/p>\n<div id=\"gtx-trans\" style=\"position: absolute; left: -50px; top: 4.31534px;\">\n<div class=\"gtx-trans-icon\"><\/div>\n<\/div>\n<\/div><\/section><\/div><div class=\"flex_column av_one_full  flex_column_div av-zero-column-padding first  avia-builder-el-4  el_after_av_one_full  el_before_av_hr  column-top-margin\" style='border-radius:0px; '><section class=\"av_textblock_section \"  itemscope=\"itemscope\" itemtype=\"https:\/\/schema.org\/BlogPosting\" itemprop=\"blogPost\" ><div class='avia_textblock  '   itemprop=\"text\" ><p style=\"text-align: justify;\"><em>La casa de estudios obtuvo el mayor puntaje entre cerca de veinte universidades en una convocatoria altamente competitiva y ejecutar\u00e1, durante diez a\u00f1os, un plan estrat\u00e9gico de fortalecimiento de la investigaci\u00f3n con un financiamiento total de $10.484 millones, que incluye recursos del MinCiencia, el GORE Ays\u00e9n y un aporte propio de la UAys\u00e9n.<\/em><\/p>\n<p style=\"text-align: justify;\">La Universidad de Ays\u00e9n se adjudic\u00f3 el Fondo de Investigaci\u00f3n para Universidades \u2013 Territorial (FIUT), iniciativa del Ministerio de Ciencia, Tecnolog\u00eda, Conocimiento e Innovaci\u00f3n, tras obtener el puntaje m\u00e1s alto a nivel nacional en una convocatoria altamente competitiva que consider\u00f3 la participaci\u00f3n de cerca de 20 universidades estatales y privadas del pa\u00eds. El fondo permitir\u00e1 implementar durante los pr\u00f3ximos diez a\u00f1os el Plan de Desarrollo de Capacidades en Investigaci\u00f3n (PDCI) de la UAys\u00e9n, orientado al desarrollo sostenible de la Patagonia-Ays\u00e9n.<\/p>\n<p style=\"text-align: justify;\">La adjudicaci\u00f3n posiciona a la Universidad de Ays\u00e9n en el primer lugar entre las siete instituciones seleccionadas, reconociendo la calidad t\u00e9cnica, la coherencia estrat\u00e9gica y la pertinencia territorial de la propuesta presentada. El proyecto contempla un financiamiento total de $10.484 millones, de los cuales $5.200 millones corresponden a recursos adjudicados a trav\u00e9s del FIUT, $3.747 millones son aportes comprometidos por el Gobierno Regional de Ays\u00e9n para infraestructura cient\u00edfica y $1.537 millones corresponden a aportes valorizados por la propia universidad.<\/p>\n<p style=\"text-align: justify;\">Al respecto, el Administrador Provisional de la Universidad de Ays\u00e9n, Juan Pablo Prieto Cox, explic\u00f3 que \u201cel FIUT es un fondo destinado a investigaci\u00f3n por un total de 5.200 millones de pesos, que se distribuyen a lo largo de diez a\u00f1os, en cuotas de 520 millones de pesos anuales, orientadas al desarrollo de investigaci\u00f3n, innovaci\u00f3n y desarrollo tecnol\u00f3gico. Este es un aporte que va directo al coraz\u00f3n de la regi\u00f3n, porque este fondo se llama Fondo de Investigaci\u00f3n Universitaria Territorial, y esa palabra es muy importante, porque esos recursos fueron entregados a esta instituci\u00f3n para que desarrolle investigaci\u00f3n relacionada con los desaf\u00edos de este territorio y a las necesidades reales de la Regi\u00f3n de Ays\u00e9n\u201d, enfatiz\u00f3.<\/p>\n<p style=\"text-align: justify;\">Asimismo, agreg\u00f3 que \u201ceste fondo tambi\u00e9n requer\u00eda el respaldo de los gobiernos regionales, y en ese sentido quiero agradecer al Gobernador Regional y, a trav\u00e9s de \u00e9l, al Consejo Regional, por apoyar a la universidad y respaldarla en esta postulaci\u00f3n. Su apoyo ha sido fundamental. Muchas gracias por confiar en una universidad estatal, en su universidad\u201d, enfatiz\u00f3 Juan Pablo Prieto.<\/p>\n<p style=\"text-align: justify;\">Cabe se\u00f1alar que el respaldo del Gobierno Regional de Ays\u00e9n constituye un componente clave del proyecto y refleja una alianza estrat\u00e9gica orientada a fortalecer la investigaci\u00f3n, la innovaci\u00f3n y la formaci\u00f3n avanzada en la regi\u00f3n, en directa alineaci\u00f3n con los objetivos de desarrollo regional y con las prioridades estrat\u00e9gicas del territorio.<\/p>\n<p style=\"text-align: justify;\">En el mismo tenor, Marcelo Santana, Gobernador Regional de Ays\u00e9n, valor\u00f3 la adjudicaci\u00f3n del FIUT y felicit\u00f3 a la Universidad por la obtenci\u00f3n de este fondo. A su vez, la m\u00e1xima autoridad regional se\u00f1al\u00f3 que \u201ceste gran logro va de la mano y se alinea con la forma de pensar y de actuar en nuestra regi\u00f3n, no s\u00f3lo en lo inmediato, sino tambi\u00e9n en el mediano y largo plazo. Nos entrega la oportunidad de avanzar en algo que es fundamental para las universidades, si bien su primer rol es la formaci\u00f3n de profesionales y la generaci\u00f3n de capital humano, existe tambi\u00e9n un aspecto clave, que es la manera en que las universidades se vinculan con los procesos de desarrollo del territorio donde est\u00e1n presentes y donde se encuentran establecidas\u201d, expres\u00f3.<\/p>\n<p style=\"text-align: justify;\">El proceso de formulaci\u00f3n del PDCI fue liderado desde la Direcci\u00f3n General Acad\u00e9mica y se desarroll\u00f3 mediante un trabajo riguroso y colaborativo, que integr\u00f3 al cuerpo acad\u00e9mico, equipos directivos y actores estrat\u00e9gicos del ecosistema regional, incluyendo al Gobierno Regional, Corfo, el Centro de Investigaci\u00f3n en Ecosistemas de la Patagonia (CIEP) y el Nodo Ciencia Austral.<\/p>\n<p style=\"text-align: justify;\">El Director General Acad\u00e9mico de la Universidad de Ays\u00e9n, Marco Vega L\u00f3pez, se\u00f1al\u00f3 que\u00a0 \u201cel proyecto representa una propuesta de largo plazo para fortalecer las capacidades de investigaci\u00f3n de la universidad, con una planificaci\u00f3n detallada\u00a0 acerca de c\u00f3mo se va a ir avanzando en el proyecto. Se moderniza el modelo de gesti\u00f3n de la investigaci\u00f3n, se fortalece los equipos de trabajo, se desarrolla nueva infraestructura y laboratorios con equipamiento cient\u00edfico de alto nivel, incorporar investigadores activos, impulsar la internacionalizaci\u00f3n y consolidar el desarrollo del posgrado, incluyendo nuevos programas de mag\u00edster y el primer doctorado institucional, entregando as\u00ed una hoja de ruta clara y sostenible para el desarrollo cient\u00edfico de la UAys\u00e9n\u201d.<\/p>\n<p style=\"text-align: justify;\">El Plan de Desarrollo de Capacidades en Investigaci\u00f3n define una hoja de ruta decenal para el fortalecimiento de la investigaci\u00f3n en la Universidad de Ays\u00e9n y se estructura en cuatro ejes estrat\u00e9gicos: cambio clim\u00e1tico y territorio sostenible; patrimonio, desarrollo y bienestar humano; innovaci\u00f3n tecnol\u00f3gica y desarrollo productivo; y transici\u00f3n energ\u00e9tica en la Patagonia-Ays\u00e9n. Estos ejes permitir\u00e1n consolidar una investigaci\u00f3n inter y transdisciplinaria, vinculada a las principales problem\u00e1ticas y oportunidades de la regi\u00f3n.<\/p>\n<p style=\"text-align: justify;\">Entre las principales acciones contempladas en el plan se considera la apertura de nuevos programas de postgrado, incluyendo mag\u00edsteres y un futuro doctorado; la creaci\u00f3n de un Centro de Innovaci\u00f3n y Transferencia Tecnol\u00f3gica; y el fortalecimiento de la infraestructura cient\u00edfica, mediante nuevos laboratorios, espacios colaborativos y un OpenLab proyectado en el futuro Campus R\u00edo Coyhaique, iniciativa que cuenta con el respaldo del Gobierno Regional.<\/p>\n<p style=\"text-align: justify;\">En este sentido, la investigadora UAys\u00e9n, Dra. Delphine Vanhaecke explic\u00f3 que \u201crealizamos un an\u00e1lisis amplio de los principales instrumentos de planificaci\u00f3n estrat\u00e9gica de la regi\u00f3n, como el PEDZE, los programas del Gobierno, la hoja de ruta de Ciencia, Tecnolog\u00eda y Conocimiento elaborada por el Nodo Ciencia Austral, la Estrategia Regional de Desarrollo y la Estrategia Regional de Innovaci\u00f3n. A partir de ese trabajo, definimos cuatro l\u00edneas estrat\u00e9gicas: cambio clim\u00e1tico y territorios sostenibles; patrimonio, desarrollo y bienestar humano; innovaci\u00f3n tecnol\u00f3gica y desarrollo productivo; y transici\u00f3n energ\u00e9tica en la Patagonia-Ays\u00e9n. Estas cuatro l\u00edneas son las que orientan los objetivos estrat\u00e9gicos y los resultados que est\u00e1n plasmados en nuestro Plan de Desarrollo de Capacidades en Investigaci\u00f3n\u201d.<\/p>\n<p style=\"text-align: justify;\">Finalmente, desde el Ministerio de Ciencia, Tecnolog\u00eda, Conocimiento e Innovaci\u00f3n, se destac\u00f3 el car\u00e1cter altamente competitivo del fondo y el rol que cumplen las universidades regionales en el fortalecimiento de la investigaci\u00f3n con enfoque territorial.<\/p>\n<p style=\"text-align: justify;\">Al respecto, la Seremi de Ciencia, Tecnolog\u00eda, Conocimiento e Innovaci\u00f3n, Gabriela Olivares Espinosa, se\u00f1al\u00f3 que \u201ceste fue un trabajo muy relevante que desarrollaron desde la UAys\u00e9n. Nos reunimos a conversar sobre esta iniciativa cuando reci\u00e9n comenzaba el funcionamiento de esta Seremi, entendiendo que se trataba de una oportunidad para la regi\u00f3n y para esta universidad, tanto en materia de infraestructura como en el desarrollo de nuevos programas. Este programa de financiamiento es una iniciativa impulsada por el Gobierno del Presidente Gabriel Boric y responde a un compromiso de esta administraci\u00f3n. Sin embargo, su principal relevancia est\u00e1 en la vinculaci\u00f3n con los gobiernos regionales, a trav\u00e9s del royalty minero, lo que permite adem\u00e1s sumar una mayor inversi\u00f3n en ciencia para los territorios\u201d, puntualiz\u00f3.<\/p>\n<p style=\"text-align: justify;\">Con esta adjudicaci\u00f3n, la Universidad de Ays\u00e9n consolida su proyecci\u00f3n como un polo de investigaci\u00f3n e innovaci\u00f3n territorial, reafirmando su compromiso con una ciencia situada, \u00e9tica y vinculada al territorio, y fortaleciendo su rol como universidad estatal al servicio del desarrollo sostenible de la regi\u00f3n y sus comunidades.<\/p>\n<\/div><\/section><\/div><div  style='height:50px' class='hr hr-invisible   avia-builder-el-6  el_after_av_one_full  el_before_av_social_share '><span class='hr-inner ' ><span class='hr-inner-style'><\/span><\/span><\/div><\/p>\n<div  class='av-social-sharing-box  avia-builder-el-7  el_after_av_hr  el_before_av_hr  '><div class='av-share-box'><h5 class='av-share-link-description av-no-toc '>Compartir esta noticia<\/h5><ul class='av-share-box-list noLightbox'><li class='av-share-link av-social-link-facebook' ><a target=\"_blank\" aria-label=\"Compartir en Facebook\" href='https:\/\/www.facebook.com\/sharer.php?u=https:\/\/radiorevelacionfm.cl\/?p=62893&#038;t=UAys%C3%A9n%20se%20adjudica%20Fondo%20FIUT%20y%20marca%20un%20hito%20en%20el%20fortalecimiento%20de%20la%20investigaci%C3%B3n%20desde%20la%20Patagonia' aria-hidden='false' data-av_icon='\ue8f3' data-av_iconfont='entypo-fontello' title='' data-avia-related-tooltip='Compartir en Facebook' rel=\"noopener\"><span class='avia_hidden_link_text'>Compartir en Facebook<\/span><\/a><\/li><li class='av-share-link av-social-link-twitter' ><a target=\"_blank\" aria-label=\"Compartir en Twitter\" href='https:\/\/twitter.com\/share?text=UAys%C3%A9n%20se%20adjudica%20Fondo%20FIUT%20y%20marca%20un%20hito%20en%20el%20fortalecimiento%20de%20la%20investigaci%C3%B3n%20desde%20la%20Patagonia&#038;url=https:\/\/radiorevelacionfm.cl\/?p=62893' aria-hidden='false' data-av_icon='\ue8f1' data-av_iconfont='entypo-fontello' title='' data-avia-related-tooltip='Compartir en Twitter' rel=\"noopener\"><span class='avia_hidden_link_text'>Compartir en Twitter<\/span><\/a><\/li><li class='av-share-link av-social-link-whatsapp' ><a target=\"_blank\" aria-label=\"Compartir en Whatsapp\" href='https:\/\/api.whatsapp.com\/send?text=https:\/\/radiorevelacionfm.cl\/?p=62893' aria-hidden='false' data-av_icon='\uf232' data-av_iconfont='entypo-fontello' title='' data-avia-related-tooltip='Compartir en Whatsapp' rel=\"noopener\"><span class='avia_hidden_link_text'>Compartir en Whatsapp<\/span><\/a><\/li><li class='av-share-link av-social-link-linkedin' ><a target=\"_blank\" aria-label=\"Compartir en LinkedIn\" href='https:\/\/linkedin.com\/shareArticle?mini=true&#038;title=UAys%C3%A9n%20se%20adjudica%20Fondo%20FIUT%20y%20marca%20un%20hito%20en%20el%20fortalecimiento%20de%20la%20investigaci%C3%B3n%20desde%20la%20Patagonia&#038;url=https:\/\/radiorevelacionfm.cl\/?p=62893' aria-hidden='false' data-av_icon='\ue8fc' data-av_iconfont='entypo-fontello' title='' data-avia-related-tooltip='Compartir en LinkedIn' rel=\"noopener\"><span class='avia_hidden_link_text'>Compartir en LinkedIn<\/span><\/a><\/li><li class='av-share-link av-social-link-mail' ><a  aria-label=\"Compartir por correo\" href='mailto:?subject=UAys%C3%A9n%20se%20adjudica%20Fondo%20FIUT%20y%20marca%20un%20hito%20en%20el%20fortalecimiento%20de%20la%20investigaci%C3%B3n%20desde%20la%20Patagonia&#038;body=https:\/\/radiorevelacionfm.cl\/?p=62893' aria-hidden='false' data-av_icon='\ue805' data-av_iconfont='entypo-fontello' title='' data-avia-related-tooltip='Compartir por correo'><span class='avia_hidden_link_text'>Compartir por correo<\/span><\/a><\/li><\/ul><\/div><\/div>\n<div  style='height:50px' class='hr hr-invisible   avia-builder-el-8  el_after_av_social_share  el_before_av_comments_list '><span class='hr-inner ' ><span class='hr-inner-style'><\/span><\/span><\/div>\n<div  class='av-buildercomment  av-blog-meta-html-info-disabled av-blog-meta-tag-disabled  '><\/div>\n","protected":false},"excerpt":{"rendered":"","protected":false},"author":1,"featured_media":62894,"comment_status":"closed","ping_status":"closed","sticky":false,"template":"","format":"standard","meta":{"footnotes":""},"categories":[49],"tags":[],"class_list":["post-62893","post","type-post","status-publish","format-standard","has-post-thumbnail","hentry","category-educacion"],"jetpack_featured_media_url":"https:\/\/radiorevelacionfm.cl\/wp-content\/uploads\/2025\/12\/2-2025-12-30T201241.089-1-1.jpg","_links":{"self":[{"href":"https:\/\/radiorevelacionfm.cl\/index.php?rest_route=\/wp\/v2\/posts\/62893","targetHints":{"allow":["GET"]}}],"collection":[{"href":"https:\/\/radiorevelacionfm.cl\/index.php?rest_route=\/wp\/v2\/posts"}],"about":[{"href":"https:\/\/radiorevelacionfm.cl\/index.php?rest_route=\/wp\/v2\/types\/post"}],"author":[{"embeddable":true,"href":"https:\/\/radiorevelacionfm.cl\/index.php?rest_route=\/wp\/v2\/users\/1"}],"replies":[{"embeddable":true,"href":"https:\/\/radiorevelacionfm.cl\/index.php?rest_route=%2Fwp%2Fv2%2Fcomments&post=62893"}],"version-history":[{"count":2,"href":"https:\/\/radiorevelacionfm.cl\/index.php?rest_route=\/wp\/v2\/posts\/62893\/revisions"}],"predecessor-version":[{"id":62896,"href":"https:\/\/radiorevelacionfm.cl\/index.php?rest_route=\/wp\/v2\/posts\/62893\/revisions\/62896"}],"wp:featuredmedia":[{"embeddable":true,"href":"https:\/\/radiorevelacionfm.cl\/index.php?rest_route=\/wp\/v2\/media\/62894"}],"wp:attachment":[{"href":"https:\/\/radiorevelacionfm.cl\/index.php?rest_route=%2Fwp%2Fv2%2Fmedia&parent=62893"}],"wp:term":[{"taxonomy":"category","embeddable":true,"href":"https:\/\/radiorevelacionfm.cl\/index.php?rest_route=%2Fwp%2Fv2%2Fcategories&post=62893"},{"taxonomy":"post_tag","embeddable":true,"href":"https:\/\/radiorevelacionfm.cl\/index.php?rest_route=%2Fwp%2Fv2%2Ftags&post=62893"}],"curies":[{"name":"wp","href":"https:\/\/api.w.org\/{rel}","templated":true}]}}