{"id":62889,"date":"2025-12-30T20:04:43","date_gmt":"2025-12-30T23:04:43","guid":{"rendered":"https:\/\/radiorevelacionfm.cl\/?p=62889"},"modified":"2025-12-30T20:04:43","modified_gmt":"2025-12-30T23:04:43","slug":"autoridades-refuerzan-llamado-a-la-prevencion-de-incendios","status":"publish","type":"post","link":"https:\/\/radiorevelacionfm.cl\/?p=62889","title":{"rendered":"Autoridades refuerzan llamado a la prevenci\u00f3n de incendios"},"content":{"rendered":"<div class=\"flex_column av_one_full  flex_column_div av-zero-column-padding first  avia-builder-el-0  el_before_av_one_full  avia-builder-el-first  \" style='border-radius:0px; '><div  class='avia-image-container  av-styling-    avia-builder-el-1  avia-builder-el-no-sibling  avia-align-center '  itemprop=\"image\" itemscope=\"itemscope\" itemtype=\"https:\/\/schema.org\/ImageObject\"  ><div class='avia-image-container-inner'><div class='avia-image-overlay-wrap'><img decoding=\"async\" class='wp-image-62890 avia-img-lazy-loading-not-62890 avia_image' src=\"https:\/\/radiorevelacionfm.cl\/wp-content\/uploads\/2025\/12\/img_9614-1_optimized-1.jpg\" alt='' title='img_9614-(1)_optimized (1)' height=\"600\" width=\"900\"  itemprop=\"thumbnailUrl\" srcset=\"https:\/\/radiorevelacionfm.cl\/wp-content\/uploads\/2025\/12\/img_9614-1_optimized-1.jpg 900w, https:\/\/radiorevelacionfm.cl\/wp-content\/uploads\/2025\/12\/img_9614-1_optimized-1-300x200.jpg 300w, https:\/\/radiorevelacionfm.cl\/wp-content\/uploads\/2025\/12\/img_9614-1_optimized-1-768x512.jpg 768w, https:\/\/radiorevelacionfm.cl\/wp-content\/uploads\/2025\/12\/img_9614-1_optimized-1-705x470.jpg 705w, https:\/\/radiorevelacionfm.cl\/wp-content\/uploads\/2025\/12\/img_9614-1_optimized-1-450x300.jpg 450w, https:\/\/radiorevelacionfm.cl\/wp-content\/uploads\/2025\/12\/img_9614-1_optimized-1-600x400.jpg 600w\" sizes=\"(max-width: 900px) 100vw, 900px\" \/><\/div><\/div><\/div><\/div><div class=\"flex_column av_one_full  flex_column_div av-zero-column-padding first  avia-builder-el-2  el_after_av_one_full  el_before_av_one_full  column-top-margin\" style='border-radius:0px; '><section class=\"av_textblock_section \"  itemscope=\"itemscope\" itemtype=\"https:\/\/schema.org\/BlogPosting\" itemprop=\"blogPost\" ><div class='avia_textblock  '   itemprop=\"text\" ><p style=\"text-align: center;\"><span style=\"font-size: 18pt;\"><b>Autoridades refuerzan llamado a la prevenci\u00f3n de incendios<\/b><\/span><\/p>\n<div id=\"gtx-trans\" style=\"position: absolute; left: -50px; top: 4.31534px;\">\n<div class=\"gtx-trans-icon\"><\/div>\n<\/div>\n<\/div><\/section><\/div><div class=\"flex_column av_one_full  flex_column_div av-zero-column-padding first  avia-builder-el-4  el_after_av_one_full  el_before_av_hr  column-top-margin\" style='border-radius:0px; '><section class=\"av_textblock_section \"  itemscope=\"itemscope\" itemtype=\"https:\/\/schema.org\/BlogPosting\" itemprop=\"blogPost\" ><div class='avia_textblock  '   itemprop=\"text\" ><p style=\"font-weight: 400; text-align: justify;\">Un llamado a reforzar la prevenci\u00f3n de incendios durante la temporada estival 2025-2026, hicieron autoridades de Gobierno en la Delegaci\u00f3n Presidencial Regional de Ays\u00e9n, ante el aumento de temperaturas durante los pr\u00f3ximos d\u00edas.<\/p>\n<p style=\"font-weight: 400; text-align: justify;\">\u201cVolver a hacer un llamado a nuestra poblaci\u00f3n, a la prevenci\u00f3n y al autocuidado. El 99,7% de los incendios forestales son por causas humanas, en los pr\u00f3ximos d\u00edas vamos a tener d\u00edas de calor, por lo tanto, el llamado que estamos haciendo es a tomar todas las precauciones, a disfrutar de este fin de semana largo, con precauci\u00f3n con respecto a esta tem\u00e1tica tan relevante\u201d, se\u00f1al\u00f3 la Delegada Presidencial Regional (s), \u00darsula Mix Jim\u00e9nez.<\/p>\n<p style=\"font-weight: 400; text-align: justify;\">La seremi de Seguridad P\u00fablica, Ruth Vallejos recalc\u00f3 que Carabineros est\u00e1 realizando patrullajes preventivos desde octubre, recalcando la importancia de la responsabilidad individual en la prevenci\u00f3n de incendios.<\/p>\n<p style=\"font-weight: 400; text-align: justify;\">\u201cLos incendios forestales son il\u00edcitos de gravedad. La negligencia se penaliza desde una multa hasta cinco a\u00f1os en nuestro sistema penal y los incendios que son provocados pueden tener penas que se empinen hacia los 20 a\u00f1os y el presidio perpetuo, dependiendo de los resultados. Hay resultados que incluso significan la muerte de personas, por lo tanto, el cuidado es realmente importante, ay\u00fadenos a prevenir\u201d.<\/p>\n<p style=\"font-weight: 400; text-align: justify;\">La directora regional (s) de CONAF, Andrea Bahamondes Valenzuela, detall\u00f3 que la \u00faltima semana se ha trabajado en incendios en Tejas Verdes, con una superficie afectada de 0,04 hect\u00e1reas, Chile Chico con 1,70 hect\u00e1reas da\u00f1adas, y Balmaceda con 0,4 hect\u00e1reas.<\/p>\n<p style=\"font-weight: 400; text-align: justify;\">\u201cTenemos que ser cuidadosos en el uso de las herramientas de trabajo, tener despejados los lugares donde uno realiza faenas; est\u00e1 restringido el uso del fuego en faenas forestales o agr\u00edcolas; llamamos a tener precauci\u00f3n en el uso de fuego recreacional, que est\u00e1 prohibido excepto en lugares establecidos y autorizados; y pedimos precauci\u00f3n en las medidas de prevenci\u00f3n en las casas, manteniendo vegetaci\u00f3n corta y sin acumulaciones de basura\u201d, enfatiz\u00f3.<\/p>\n<p style=\"font-weight: 400; text-align: justify;\">El director regional (s) de Senapred, Carlos Ureta, dijo que \u201cno queremos tener incendios forestales, ese es el llamado que queremos hacer. Como bien mencionaba nuestra Delegada este fin de semana tenemos temperaturas considerables, la Direcci\u00f3n Meteorol\u00f3gica de Chile habla de 25\u00b0C hacia arriba, podr\u00edamos llegar incluso hasta los 28 grados el d\u00eda s\u00e1bado y domingo, entonces el llamado es a tomar todas las precauciones\u201d.<\/p>\n<p style=\"font-weight: 400; text-align: justify;\">El Plan de Acci\u00f3n de Prevenci\u00f3n, Mitigaci\u00f3n y Control de Incendios considera 16 brigadas desde La Junta hasta Villa O\u00b4Higgins, un helic\u00f3ptero en Coyhaique y otro en Cochrane, coordinaci\u00f3n con Bomberos y capacitaci\u00f3n de Brigadas del Ej\u00e9rcito, entre otros medios y recursos.<\/p>\n<\/div><\/section><\/div><div  style='height:50px' class='hr hr-invisible   avia-builder-el-6  el_after_av_one_full  el_before_av_social_share '><span class='hr-inner ' ><span class='hr-inner-style'><\/span><\/span><\/div><\/p>\n<div  class='av-social-sharing-box  avia-builder-el-7  el_after_av_hr  el_before_av_hr  '><div class='av-share-box'><h5 class='av-share-link-description av-no-toc '>Compartir esta noticia<\/h5><ul class='av-share-box-list noLightbox'><li class='av-share-link av-social-link-facebook' ><a target=\"_blank\" aria-label=\"Compartir en Facebook\" href='https:\/\/www.facebook.com\/sharer.php?u=https:\/\/radiorevelacionfm.cl\/?p=62889&#038;t=Autoridades%20refuerzan%20llamado%20a%20la%20prevenci%C3%B3n%20de%20incendios' aria-hidden='false' data-av_icon='\ue8f3' data-av_iconfont='entypo-fontello' title='' data-avia-related-tooltip='Compartir en Facebook' rel=\"noopener\"><span class='avia_hidden_link_text'>Compartir en Facebook<\/span><\/a><\/li><li class='av-share-link av-social-link-twitter' ><a target=\"_blank\" aria-label=\"Compartir en Twitter\" href='https:\/\/twitter.com\/share?text=Autoridades%20refuerzan%20llamado%20a%20la%20prevenci%C3%B3n%20de%20incendios&#038;url=https:\/\/radiorevelacionfm.cl\/?p=62889' aria-hidden='false' data-av_icon='\ue8f1' data-av_iconfont='entypo-fontello' title='' data-avia-related-tooltip='Compartir en Twitter' rel=\"noopener\"><span class='avia_hidden_link_text'>Compartir en Twitter<\/span><\/a><\/li><li class='av-share-link av-social-link-whatsapp' ><a target=\"_blank\" aria-label=\"Compartir en Whatsapp\" href='https:\/\/api.whatsapp.com\/send?text=https:\/\/radiorevelacionfm.cl\/?p=62889' aria-hidden='false' data-av_icon='\uf232' data-av_iconfont='entypo-fontello' title='' data-avia-related-tooltip='Compartir en Whatsapp' rel=\"noopener\"><span class='avia_hidden_link_text'>Compartir en Whatsapp<\/span><\/a><\/li><li class='av-share-link av-social-link-linkedin' ><a target=\"_blank\" aria-label=\"Compartir en LinkedIn\" href='https:\/\/linkedin.com\/shareArticle?mini=true&#038;title=Autoridades%20refuerzan%20llamado%20a%20la%20prevenci%C3%B3n%20de%20incendios&#038;url=https:\/\/radiorevelacionfm.cl\/?p=62889' aria-hidden='false' data-av_icon='\ue8fc' data-av_iconfont='entypo-fontello' title='' data-avia-related-tooltip='Compartir en LinkedIn' rel=\"noopener\"><span class='avia_hidden_link_text'>Compartir en LinkedIn<\/span><\/a><\/li><li class='av-share-link av-social-link-mail' ><a  aria-label=\"Compartir por correo\" href='mailto:?subject=Autoridades%20refuerzan%20llamado%20a%20la%20prevenci%C3%B3n%20de%20incendios&#038;body=https:\/\/radiorevelacionfm.cl\/?p=62889' aria-hidden='false' data-av_icon='\ue805' data-av_iconfont='entypo-fontello' title='' data-avia-related-tooltip='Compartir por correo'><span class='avia_hidden_link_text'>Compartir por correo<\/span><\/a><\/li><\/ul><\/div><\/div>\n<div  style='height:50px' class='hr hr-invisible   avia-builder-el-8  el_after_av_social_share  el_before_av_comments_list '><span class='hr-inner ' ><span class='hr-inner-style'><\/span><\/span><\/div>\n<div  class='av-buildercomment  av-blog-meta-html-info-disabled av-blog-meta-tag-disabled  '><\/div>\n","protected":false},"excerpt":{"rendered":"","protected":false},"author":1,"featured_media":62890,"comment_status":"closed","ping_status":"closed","sticky":false,"template":"","format":"standard","meta":{"footnotes":""},"categories":[38],"tags":[],"class_list":["post-62889","post","type-post","status-publish","format-standard","has-post-thumbnail","hentry","category-regional"],"jetpack_featured_media_url":"https:\/\/radiorevelacionfm.cl\/wp-content\/uploads\/2025\/12\/img_9614-1_optimized-1.jpg","_links":{"self":[{"href":"https:\/\/radiorevelacionfm.cl\/index.php?rest_route=\/wp\/v2\/posts\/62889","targetHints":{"allow":["GET"]}}],"collection":[{"href":"https:\/\/radiorevelacionfm.cl\/index.php?rest_route=\/wp\/v2\/posts"}],"about":[{"href":"https:\/\/radiorevelacionfm.cl\/index.php?rest_route=\/wp\/v2\/types\/post"}],"author":[{"embeddable":true,"href":"https:\/\/radiorevelacionfm.cl\/index.php?rest_route=\/wp\/v2\/users\/1"}],"replies":[{"embeddable":true,"href":"https:\/\/radiorevelacionfm.cl\/index.php?rest_route=%2Fwp%2Fv2%2Fcomments&post=62889"}],"version-history":[{"count":2,"href":"https:\/\/radiorevelacionfm.cl\/index.php?rest_route=\/wp\/v2\/posts\/62889\/revisions"}],"predecessor-version":[{"id":62892,"href":"https:\/\/radiorevelacionfm.cl\/index.php?rest_route=\/wp\/v2\/posts\/62889\/revisions\/62892"}],"wp:featuredmedia":[{"embeddable":true,"href":"https:\/\/radiorevelacionfm.cl\/index.php?rest_route=\/wp\/v2\/media\/62890"}],"wp:attachment":[{"href":"https:\/\/radiorevelacionfm.cl\/index.php?rest_route=%2Fwp%2Fv2%2Fmedia&parent=62889"}],"wp:term":[{"taxonomy":"category","embeddable":true,"href":"https:\/\/radiorevelacionfm.cl\/index.php?rest_route=%2Fwp%2Fv2%2Fcategories&post=62889"},{"taxonomy":"post_tag","embeddable":true,"href":"https:\/\/radiorevelacionfm.cl\/index.php?rest_route=%2Fwp%2Fv2%2Ftags&post=62889"}],"curies":[{"name":"wp","href":"https:\/\/api.w.org\/{rel}","templated":true}]}}