{"id":62882,"date":"2025-12-30T12:03:36","date_gmt":"2025-12-30T15:03:36","guid":{"rendered":"https:\/\/radiorevelacionfm.cl\/?p=62882"},"modified":"2025-12-30T12:03:36","modified_gmt":"2025-12-30T15:03:36","slug":"edelaysen-fortalece-espacio-comunitario-con-electrificacion-de-sede-vecinal-en-puerto-chacabuco","status":"publish","type":"post","link":"https:\/\/radiorevelacionfm.cl\/?p=62882","title":{"rendered":"Edelaysen fortalece espacio comunitario con electrificaci\u00f3n de sede vecinal en Puerto Chacabuco"},"content":{"rendered":"<div class=\"flex_column av_one_full  flex_column_div av-zero-column-padding first  avia-builder-el-0  el_before_av_one_full  avia-builder-el-first  \" style='border-radius:0px; '><div  class='avia-image-container  av-styling-    avia-builder-el-1  avia-builder-el-no-sibling  avia-align-center '  itemprop=\"image\" itemscope=\"itemscope\" itemtype=\"https:\/\/schema.org\/ImageObject\"  ><div class='avia-image-container-inner'><div class='avia-image-overlay-wrap'><img decoding=\"async\" class='wp-image-62883 avia-img-lazy-loading-not-62883 avia_image' src=\"https:\/\/radiorevelacionfm.cl\/wp-content\/uploads\/2025\/12\/Sede-Chacabuco-1-1-1.jpeg\" alt='' title='Sede Chacabuco (1) (1) (1)' height=\"600\" width=\"800\"  itemprop=\"thumbnailUrl\" srcset=\"https:\/\/radiorevelacionfm.cl\/wp-content\/uploads\/2025\/12\/Sede-Chacabuco-1-1-1.jpeg 800w, https:\/\/radiorevelacionfm.cl\/wp-content\/uploads\/2025\/12\/Sede-Chacabuco-1-1-1-300x225.jpeg 300w, https:\/\/radiorevelacionfm.cl\/wp-content\/uploads\/2025\/12\/Sede-Chacabuco-1-1-1-768x576.jpeg 768w, https:\/\/radiorevelacionfm.cl\/wp-content\/uploads\/2025\/12\/Sede-Chacabuco-1-1-1-705x529.jpeg 705w, https:\/\/radiorevelacionfm.cl\/wp-content\/uploads\/2025\/12\/Sede-Chacabuco-1-1-1-450x338.jpeg 450w, https:\/\/radiorevelacionfm.cl\/wp-content\/uploads\/2025\/12\/Sede-Chacabuco-1-1-1-600x450.jpeg 600w\" sizes=\"(max-width: 800px) 100vw, 800px\" \/><\/div><\/div><\/div><\/div><div class=\"flex_column av_one_full  flex_column_div av-zero-column-padding first  avia-builder-el-2  el_after_av_one_full  el_before_av_one_full  column-top-margin\" style='border-radius:0px; '><section class=\"av_textblock_section \"  itemscope=\"itemscope\" itemtype=\"https:\/\/schema.org\/BlogPosting\" itemprop=\"blogPost\" ><div class='avia_textblock  '   itemprop=\"text\" ><p style=\"text-align: center;\"><strong><span style=\"font-size: 18pt;\">Edelaysen fortalece espacio comunitario con electrificaci\u00f3n de sede vecinal en Puerto Chacabuco<\/span><\/strong><\/p>\n<div id=\"gtx-trans\" style=\"position: absolute; left: -50px; top: 4.31534px;\">\n<div class=\"gtx-trans-icon\"><\/div>\n<\/div>\n<\/div><\/section><\/div><div class=\"flex_column av_one_full  flex_column_div av-zero-column-padding first  avia-builder-el-4  el_after_av_one_full  el_before_av_hr  column-top-margin\" style='border-radius:0px; '><section class=\"av_textblock_section \"  itemscope=\"itemscope\" itemtype=\"https:\/\/schema.org\/BlogPosting\" itemprop=\"blogPost\" ><div class='avia_textblock  '   itemprop=\"text\" ><p style=\"text-align: justify;\">La iniciativa se realiz\u00f3 a trav\u00e9s del programa Conecta tu Sede y permitir\u00e1 mejorar las condiciones de uso de la sede de la Junta de Vecinos Arturo Prat, fortaleciendo un espacio clave para la vida comunitaria en Puerto Chacabuco.<\/p>\n<p style=\"text-align: justify;\">A trav\u00e9s del programa <strong>Conecta tu Sede<\/strong>, Edelaysen concret\u00f3 la instalaci\u00f3n de energ\u00eda el\u00e9ctrica en la sede de la <strong>Junta de Vecinos Arturo Prat de Puerto Chacabuco<\/strong>, iniciativa que permitir\u00e1 mejorar las condiciones para el desarrollo de actividades comunitarias en la localidad.<\/p>\n<p style=\"text-align: justify;\">La intervenci\u00f3n busca fortalecer este espacio de encuentro vecinal, facilitando la realizaci\u00f3n de reuniones, talleres y diversas instancias de participaci\u00f3n comunitaria en un entorno m\u00e1s seguro y adecuado para sus usuarias y usuarios.<\/p>\n<p style=\"text-align: justify;\">El programa <strong>Conecta tu Sede<\/strong> tiene como objetivo apoyar a organizaciones comunitarias que no cuentan con suministro el\u00e9ctrico, contribuyendo al mejoramiento de su infraestructura y promoviendo la vida comunitaria en distintos puntos de la Regi\u00f3n de Ays\u00e9n.<\/p>\n<p style=\"text-align: justify;\">Al respecto, el jefe de zona de Edelaysen, <strong>Francisco Pavez<\/strong>, destac\u00f3 el impacto que este tipo de iniciativas tiene a nivel local.<br \/>\n\u201cEstamos muy contentos de poder aportar a espacios que re\u00fanen a nuestros vecinos. Contar con energ\u00eda el\u00e9ctrica marca una diferencia concreta en el uso de estas sedes, permitiendo que las organizaciones desarrollen sus actividades de mejor manera y sigan fortaleciendo el tejido social de la comunidad\u201d, se\u00f1al\u00f3.<\/p>\n<p style=\"text-align: justify;\">Desde la comunidad, la presidenta de la <strong>Junta de Vecinos Arturo Prat de Puerto Chacabuco<\/strong>, <strong>Olivia Cort\u00e9s<\/strong>, valor\u00f3 la ejecuci\u00f3n del proyecto.<br \/>\n\u201cQuiero hacer p\u00fablico mi agradecimiento a Edelaysen por su valioso aporte al mejoramiento de la instalaci\u00f3n el\u00e9ctrica de nuestra sede, a trav\u00e9s del programa Conecta tu Sede. Fuimos favorecidos con el cambio de luminarias, enchufes e interruptores, algo que necesit\u00e1bamos con mucha urgencia y que nos deja muy contentas y agradecidas\u201d, indic\u00f3.<\/p>\n<p style=\"text-align: justify;\">Con esta iniciativa, Edelaysen reafirma su compromiso con el desarrollo local y con el fortalecimiento de las organizaciones sociales, reconociendo su rol fundamental en la vida comunitaria y en la construcci\u00f3n de espacios de encuentro para las vecinas y vecinos de la regi\u00f3n.<\/p>\n<\/div><\/section><\/div><div  style='height:50px' class='hr hr-invisible   avia-builder-el-6  el_after_av_one_full  el_before_av_social_share '><span class='hr-inner ' ><span class='hr-inner-style'><\/span><\/span><\/div><\/p>\n<div  class='av-social-sharing-box  avia-builder-el-7  el_after_av_hr  el_before_av_hr  '><div class='av-share-box'><h5 class='av-share-link-description av-no-toc '>Compartir esta noticia<\/h5><ul class='av-share-box-list noLightbox'><li class='av-share-link av-social-link-facebook' ><a target=\"_blank\" aria-label=\"Compartir en Facebook\" href='https:\/\/www.facebook.com\/sharer.php?u=https:\/\/radiorevelacionfm.cl\/?p=62882&#038;t=Edelaysen%20fortalece%20espacio%20comunitario%20con%20electrificaci%C3%B3n%20de%20sede%20vecinal%20en%20Puerto%20Chacabuco' aria-hidden='false' data-av_icon='\ue8f3' data-av_iconfont='entypo-fontello' title='' data-avia-related-tooltip='Compartir en Facebook' rel=\"noopener\"><span class='avia_hidden_link_text'>Compartir en Facebook<\/span><\/a><\/li><li class='av-share-link av-social-link-twitter' ><a target=\"_blank\" aria-label=\"Compartir en Twitter\" href='https:\/\/twitter.com\/share?text=Edelaysen%20fortalece%20espacio%20comunitario%20con%20electrificaci%C3%B3n%20de%20sede%20vecinal%20en%20Puerto%20Chacabuco&#038;url=https:\/\/radiorevelacionfm.cl\/?p=62882' aria-hidden='false' data-av_icon='\ue8f1' data-av_iconfont='entypo-fontello' title='' data-avia-related-tooltip='Compartir en Twitter' rel=\"noopener\"><span class='avia_hidden_link_text'>Compartir en Twitter<\/span><\/a><\/li><li class='av-share-link av-social-link-whatsapp' ><a target=\"_blank\" aria-label=\"Compartir en Whatsapp\" href='https:\/\/api.whatsapp.com\/send?text=https:\/\/radiorevelacionfm.cl\/?p=62882' aria-hidden='false' data-av_icon='\uf232' data-av_iconfont='entypo-fontello' title='' data-avia-related-tooltip='Compartir en Whatsapp' rel=\"noopener\"><span class='avia_hidden_link_text'>Compartir en Whatsapp<\/span><\/a><\/li><li class='av-share-link av-social-link-linkedin' ><a target=\"_blank\" aria-label=\"Compartir en LinkedIn\" href='https:\/\/linkedin.com\/shareArticle?mini=true&#038;title=Edelaysen%20fortalece%20espacio%20comunitario%20con%20electrificaci%C3%B3n%20de%20sede%20vecinal%20en%20Puerto%20Chacabuco&#038;url=https:\/\/radiorevelacionfm.cl\/?p=62882' aria-hidden='false' data-av_icon='\ue8fc' data-av_iconfont='entypo-fontello' title='' data-avia-related-tooltip='Compartir en LinkedIn' rel=\"noopener\"><span class='avia_hidden_link_text'>Compartir en LinkedIn<\/span><\/a><\/li><li class='av-share-link av-social-link-mail' ><a  aria-label=\"Compartir por correo\" href='mailto:?subject=Edelaysen%20fortalece%20espacio%20comunitario%20con%20electrificaci%C3%B3n%20de%20sede%20vecinal%20en%20Puerto%20Chacabuco&#038;body=https:\/\/radiorevelacionfm.cl\/?p=62882' aria-hidden='false' data-av_icon='\ue805' data-av_iconfont='entypo-fontello' title='' data-avia-related-tooltip='Compartir por correo'><span class='avia_hidden_link_text'>Compartir por correo<\/span><\/a><\/li><\/ul><\/div><\/div>\n<div  style='height:50px' class='hr hr-invisible   avia-builder-el-8  el_after_av_social_share  el_before_av_comments_list '><span class='hr-inner ' ><span class='hr-inner-style'><\/span><\/span><\/div>\n<div  class='av-buildercomment  av-blog-meta-html-info-disabled av-blog-meta-tag-disabled  '><\/div>\n","protected":false},"excerpt":{"rendered":"","protected":false},"author":1,"featured_media":62883,"comment_status":"closed","ping_status":"closed","sticky":false,"template":"","format":"standard","meta":{"footnotes":""},"categories":[38],"tags":[],"class_list":["post-62882","post","type-post","status-publish","format-standard","has-post-thumbnail","hentry","category-regional"],"jetpack_featured_media_url":"https:\/\/radiorevelacionfm.cl\/wp-content\/uploads\/2025\/12\/Sede-Chacabuco-1-1-1.jpeg","_links":{"self":[{"href":"https:\/\/radiorevelacionfm.cl\/index.php?rest_route=\/wp\/v2\/posts\/62882","targetHints":{"allow":["GET"]}}],"collection":[{"href":"https:\/\/radiorevelacionfm.cl\/index.php?rest_route=\/wp\/v2\/posts"}],"about":[{"href":"https:\/\/radiorevelacionfm.cl\/index.php?rest_route=\/wp\/v2\/types\/post"}],"author":[{"embeddable":true,"href":"https:\/\/radiorevelacionfm.cl\/index.php?rest_route=\/wp\/v2\/users\/1"}],"replies":[{"embeddable":true,"href":"https:\/\/radiorevelacionfm.cl\/index.php?rest_route=%2Fwp%2Fv2%2Fcomments&post=62882"}],"version-history":[{"count":2,"href":"https:\/\/radiorevelacionfm.cl\/index.php?rest_route=\/wp\/v2\/posts\/62882\/revisions"}],"predecessor-version":[{"id":62885,"href":"https:\/\/radiorevelacionfm.cl\/index.php?rest_route=\/wp\/v2\/posts\/62882\/revisions\/62885"}],"wp:featuredmedia":[{"embeddable":true,"href":"https:\/\/radiorevelacionfm.cl\/index.php?rest_route=\/wp\/v2\/media\/62883"}],"wp:attachment":[{"href":"https:\/\/radiorevelacionfm.cl\/index.php?rest_route=%2Fwp%2Fv2%2Fmedia&parent=62882"}],"wp:term":[{"taxonomy":"category","embeddable":true,"href":"https:\/\/radiorevelacionfm.cl\/index.php?rest_route=%2Fwp%2Fv2%2Fcategories&post=62882"},{"taxonomy":"post_tag","embeddable":true,"href":"https:\/\/radiorevelacionfm.cl\/index.php?rest_route=%2Fwp%2Fv2%2Ftags&post=62882"}],"curies":[{"name":"wp","href":"https:\/\/api.w.org\/{rel}","templated":true}]}}