{"id":6288,"date":"2021-07-14T21:27:23","date_gmt":"2021-07-15T00:27:23","guid":{"rendered":"https:\/\/radiorevelacionfm.cl\/?p=6288"},"modified":"2021-07-14T21:27:23","modified_gmt":"2021-07-15T00:27:23","slug":"piden-a-la-fiscalia-nacional-economica-investigar-una-posible-colusion-en-el-mercado-de-los-materiales-de-construccion","status":"publish","type":"post","link":"https:\/\/radiorevelacionfm.cl\/?p=6288","title":{"rendered":"Piden a la Fiscal\u00eda Nacional Econ\u00f3mica investigar una posible colusi\u00f3n en el mercado de los materiales de construcci\u00f3n"},"content":{"rendered":"<div class=\"flex_column av_one_full  flex_column_div av-zero-column-padding first  avia-builder-el-0  el_before_av_one_full  avia-builder-el-first  \" style='border-radius:0px; '><div  class='avia-image-container  av-styling-    avia-builder-el-1  avia-builder-el-no-sibling  avia-align-center '  itemprop=\"image\" itemscope=\"itemscope\" itemtype=\"https:\/\/schema.org\/ImageObject\"  ><div class='avia-image-container-inner'><div class='avia-image-overlay-wrap'><img decoding=\"async\" class='wp-image-6289 avia-img-lazy-loading-not-6289 avia_image' src=\"https:\/\/radiorevelacionfm.cl\/wp-content\/uploads\/2021\/07\/construccion-1_optimized.jpg\" alt='' title='construccion-(1)_optimized' height=\"600\" width=\"1067\"  itemprop=\"thumbnailUrl\" srcset=\"https:\/\/radiorevelacionfm.cl\/wp-content\/uploads\/2021\/07\/construccion-1_optimized.jpg 1067w, https:\/\/radiorevelacionfm.cl\/wp-content\/uploads\/2021\/07\/construccion-1_optimized-300x169.jpg 300w, https:\/\/radiorevelacionfm.cl\/wp-content\/uploads\/2021\/07\/construccion-1_optimized-1030x579.jpg 1030w, https:\/\/radiorevelacionfm.cl\/wp-content\/uploads\/2021\/07\/construccion-1_optimized-768x432.jpg 768w, https:\/\/radiorevelacionfm.cl\/wp-content\/uploads\/2021\/07\/construccion-1_optimized-705x396.jpg 705w, https:\/\/radiorevelacionfm.cl\/wp-content\/uploads\/2021\/07\/construccion-1_optimized-600x337.jpg 600w\" sizes=\"(max-width: 1067px) 100vw, 1067px\" \/><\/div><\/div><\/div><\/div><div class=\"flex_column av_one_full  flex_column_div av-zero-column-padding first  avia-builder-el-2  el_after_av_one_full  el_before_av_one_full  column-top-margin\" style='border-radius:0px; '><section class=\"av_textblock_section \"  itemscope=\"itemscope\" itemtype=\"https:\/\/schema.org\/BlogPosting\" itemprop=\"blogPost\" ><div class='avia_textblock  '   itemprop=\"text\" ><p style=\"text-align: center;\"><span style=\"font-size: 18pt;\"><b><span lang=\"ES\">Piden a la Fiscal\u00eda Nacional Econ\u00f3mica investigar una posible colusi\u00f3n en el mercado de los materiales de construcci\u00f3n<\/span><\/b><\/span><\/p>\n<div id=\"gtx-trans\" style=\"position: absolute; left: -50px; top: 4.31534px;\">\n<div class=\"gtx-trans-icon\"><\/div>\n<\/div>\n<\/div><\/section><\/div><div class=\"flex_column av_one_full  flex_column_div av-zero-column-padding first  avia-builder-el-4  el_after_av_one_full  el_before_av_hr  column-top-margin\" style='border-radius:0px; '><section class=\"av_textblock_section \"  itemscope=\"itemscope\" itemtype=\"https:\/\/schema.org\/BlogPosting\" itemprop=\"blogPost\" ><div class='avia_textblock  '   itemprop=\"text\" ><p style=\"font-weight: 400; text-align: justify;\">El diputado Miguel \u00c1ngel Calisto y la bancada DC ingresaron a La Fiscal\u00eda Nacional Econ\u00f3mica un oficio donde piden investigar el mercado de los materiales de construcci\u00f3n, esto ante el notorio aumento de precios y algunas irregularidades como el quiebre de stock lo que ha impactado directamente en la oferta y la demanda, lo que ha generado graves perjuicios a los consumidores.<\/p>\n<p style=\"font-weight: 400; text-align: justify;\">En el texto del oficio se se\u00f1ala que \u201ces de p\u00fablico conocimiento la actual afectaci\u00f3n en la cadena de suministros del sector de la construcci\u00f3n, que ha generado un alza significativa del precio de materiales de obra gruesa, materiales de terminaciones y artefactos, presentando algunos de ellos, inclusive, quiebres de stock impactando directamente en la oferta y demanda. En relaci\u00f3n a esta \u00faltima, sin dejar de considerar la que se ha generado para el mejoramiento de viviendas a nivel particular y compra de insumos para obras menores y\/o reparaciones que se originaron especialmente en virtud del retiro del 10% de los fondos de AFP\u201d.<\/p>\n<p style=\"font-weight: 400; text-align: justify;\">Seg\u00fan el diputado Calisto, \u201ccomo bancada DC presentamos esta petici\u00f3n a la FNE porque nos parece muy extra\u00f1o este aumento sustancial que han tenido algunos materiales de construcci\u00f3n, lo que curiosamente coincidi\u00f3 con el comienzo de los retiros del 10% de los ahorros de AFP. Son muchas las personas que nos han hecho llegar sus denuncias porque afecta directamente en sus bolsillos\u201d.<\/p>\n<p style=\"font-weight: 400; text-align: justify;\">\u201cAdem\u00e1s, esto afecta tambi\u00e9n a las pol\u00edticas de vivienda que se implementan, porque estos aumentos dificultan los procesos de subsidios y construcci\u00f3n de nuevas viviendas sociales. Es una especie de efecto domin\u00f3, porque se ven afectados los particulares que requieren hacer alg\u00fan arreglo en su hogar, los contratistas peque\u00f1os que ganan menos por sus trabajos al subir los precios de los insumos, como as\u00ed tambi\u00e9n las familias que postulan a los subsidios, ya que estos no est\u00e1n alcanzando para la construcci\u00f3n de las viviendas\u201d, indic\u00f3.<\/p>\n<p style=\"font-weight: 400; text-align: justify;\">El legislador se\u00f1al\u00f3 que \u201cqueremos saber si aqu\u00ed hay una afectaci\u00f3n a la libre competencia o una posible colusi\u00f3n en el mercado de los materiales de construcci\u00f3n. Es importante que se haga esta investigaci\u00f3n y determinemos si existe alg\u00fan tipo de delito. Nosotros como bancada DC sabemos la urgente necesidad de terminar con los abusos de las grandes empresas\u201d.<\/p>\n<p style=\"font-weight: 400; text-align: justify;\">Finalmente, el diputado Calisto se\u00f1al\u00f3 que \u201cla regi\u00f3n de Ays\u00e9n no ha estado ajena a este problema. De hecho, ha sido mucha la gente que ha denunciado alzas de precios excesivas en este tipo de productos, a lo que se suma su hist\u00f3rico alto precio en comparaci\u00f3n con la zona central. Esperamos que la Fiscal\u00eda Nacional Econ\u00f3mica pueda entregarnos m\u00e1s claridad sobre lo que sucede con este mercado\u201d.<\/p>\n<\/div><\/section><\/div><div  style='height:50px' class='hr hr-invisible   avia-builder-el-6  el_after_av_one_full  el_before_av_social_share '><span class='hr-inner ' ><span class='hr-inner-style'><\/span><\/span><\/div><\/p>\n<div  class='av-social-sharing-box  avia-builder-el-7  el_after_av_hr  el_before_av_hr  '><div class='av-share-box'><h5 class='av-share-link-description av-no-toc '>Compartir esta noticia<\/h5><ul class='av-share-box-list noLightbox'><li class='av-share-link av-social-link-facebook' ><a target=\"_blank\" aria-label=\"Compartir en Facebook\" href='https:\/\/www.facebook.com\/sharer.php?u=https:\/\/radiorevelacionfm.cl\/?p=6288&#038;t=Piden%20a%20la%20Fiscal%C3%ADa%20Nacional%20Econ%C3%B3mica%20investigar%20una%20posible%20colusi%C3%B3n%20en%20el%20mercado%20de%20los%20materiales%20de%20construcci%C3%B3n' aria-hidden='false' data-av_icon='\ue8f3' data-av_iconfont='entypo-fontello' title='' data-avia-related-tooltip='Compartir en Facebook' rel=\"noopener\"><span class='avia_hidden_link_text'>Compartir en Facebook<\/span><\/a><\/li><li class='av-share-link av-social-link-twitter' ><a target=\"_blank\" aria-label=\"Compartir en Twitter\" href='https:\/\/twitter.com\/share?text=Piden%20a%20la%20Fiscal%C3%ADa%20Nacional%20Econ%C3%B3mica%20investigar%20una%20posible%20colusi%C3%B3n%20en%20el%20mercado%20de%20los%20materiales%20de%20construcci%C3%B3n&#038;url=https:\/\/radiorevelacionfm.cl\/?p=6288' aria-hidden='false' data-av_icon='\ue8f1' data-av_iconfont='entypo-fontello' title='' data-avia-related-tooltip='Compartir en Twitter' rel=\"noopener\"><span class='avia_hidden_link_text'>Compartir en Twitter<\/span><\/a><\/li><li class='av-share-link av-social-link-whatsapp' ><a target=\"_blank\" aria-label=\"Compartir en Whatsapp\" href='https:\/\/api.whatsapp.com\/send?text=https:\/\/radiorevelacionfm.cl\/?p=6288' aria-hidden='false' data-av_icon='\uf232' data-av_iconfont='entypo-fontello' title='' data-avia-related-tooltip='Compartir en Whatsapp' rel=\"noopener\"><span class='avia_hidden_link_text'>Compartir en Whatsapp<\/span><\/a><\/li><li class='av-share-link av-social-link-linkedin' ><a target=\"_blank\" aria-label=\"Compartir en LinkedIn\" href='https:\/\/linkedin.com\/shareArticle?mini=true&#038;title=Piden%20a%20la%20Fiscal%C3%ADa%20Nacional%20Econ%C3%B3mica%20investigar%20una%20posible%20colusi%C3%B3n%20en%20el%20mercado%20de%20los%20materiales%20de%20construcci%C3%B3n&#038;url=https:\/\/radiorevelacionfm.cl\/?p=6288' aria-hidden='false' data-av_icon='\ue8fc' data-av_iconfont='entypo-fontello' title='' data-avia-related-tooltip='Compartir en LinkedIn' rel=\"noopener\"><span class='avia_hidden_link_text'>Compartir en LinkedIn<\/span><\/a><\/li><li class='av-share-link av-social-link-mail' ><a  aria-label=\"Compartir por correo\" href='mailto:?subject=Piden%20a%20la%20Fiscal%C3%ADa%20Nacional%20Econ%C3%B3mica%20investigar%20una%20posible%20colusi%C3%B3n%20en%20el%20mercado%20de%20los%20materiales%20de%20construcci%C3%B3n&#038;body=https:\/\/radiorevelacionfm.cl\/?p=6288' aria-hidden='false' data-av_icon='\ue805' data-av_iconfont='entypo-fontello' title='' data-avia-related-tooltip='Compartir por correo'><span class='avia_hidden_link_text'>Compartir por correo<\/span><\/a><\/li><\/ul><\/div><\/div>\n<div  style='height:50px' class='hr hr-invisible   avia-builder-el-8  el_after_av_social_share  el_before_av_comments_list '><span class='hr-inner ' ><span class='hr-inner-style'><\/span><\/span><\/div>\n<div  class='av-buildercomment  av-blog-meta-html-info-disabled av-blog-meta-tag-disabled  '><\/div>\n","protected":false},"excerpt":{"rendered":"","protected":false},"author":1,"featured_media":6289,"comment_status":"open","ping_status":"open","sticky":false,"template":"","format":"standard","meta":{"footnotes":""},"categories":[35],"tags":[],"class_list":["post-6288","post","type-post","status-publish","format-standard","has-post-thumbnail","hentry","category-politica"],"jetpack_featured_media_url":"https:\/\/radiorevelacionfm.cl\/wp-content\/uploads\/2021\/07\/construccion-1_optimized.jpg","_links":{"self":[{"href":"https:\/\/radiorevelacionfm.cl\/index.php?rest_route=\/wp\/v2\/posts\/6288","targetHints":{"allow":["GET"]}}],"collection":[{"href":"https:\/\/radiorevelacionfm.cl\/index.php?rest_route=\/wp\/v2\/posts"}],"about":[{"href":"https:\/\/radiorevelacionfm.cl\/index.php?rest_route=\/wp\/v2\/types\/post"}],"author":[{"embeddable":true,"href":"https:\/\/radiorevelacionfm.cl\/index.php?rest_route=\/wp\/v2\/users\/1"}],"replies":[{"embeddable":true,"href":"https:\/\/radiorevelacionfm.cl\/index.php?rest_route=%2Fwp%2Fv2%2Fcomments&post=6288"}],"version-history":[{"count":1,"href":"https:\/\/radiorevelacionfm.cl\/index.php?rest_route=\/wp\/v2\/posts\/6288\/revisions"}],"predecessor-version":[{"id":6290,"href":"https:\/\/radiorevelacionfm.cl\/index.php?rest_route=\/wp\/v2\/posts\/6288\/revisions\/6290"}],"wp:featuredmedia":[{"embeddable":true,"href":"https:\/\/radiorevelacionfm.cl\/index.php?rest_route=\/wp\/v2\/media\/6289"}],"wp:attachment":[{"href":"https:\/\/radiorevelacionfm.cl\/index.php?rest_route=%2Fwp%2Fv2%2Fmedia&parent=6288"}],"wp:term":[{"taxonomy":"category","embeddable":true,"href":"https:\/\/radiorevelacionfm.cl\/index.php?rest_route=%2Fwp%2Fv2%2Fcategories&post=6288"},{"taxonomy":"post_tag","embeddable":true,"href":"https:\/\/radiorevelacionfm.cl\/index.php?rest_route=%2Fwp%2Fv2%2Ftags&post=6288"}],"curies":[{"name":"wp","href":"https:\/\/api.w.org\/{rel}","templated":true}]}}