{"id":62874,"date":"2025-12-30T10:24:12","date_gmt":"2025-12-30T13:24:12","guid":{"rendered":"https:\/\/radiorevelacionfm.cl\/?p=62874"},"modified":"2025-12-30T10:24:12","modified_gmt":"2025-12-30T13:24:12","slug":"destinan-2-534-millones-para-impulsar-desarrollo-productivo-en-aysen-en-2026","status":"publish","type":"post","link":"https:\/\/radiorevelacionfm.cl\/?p=62874","title":{"rendered":"Destinan $2.534 millones para impulsar desarrollo productivo en Ays\u00e9n en 2026"},"content":{"rendered":"<div class=\"flex_column av_one_full  flex_column_div av-zero-column-padding first  avia-builder-el-0  el_before_av_one_full  avia-builder-el-first  \" style='border-radius:0px; '><div  class='avia-image-container  av-styling-    avia-builder-el-1  avia-builder-el-no-sibling  avia-align-center '  itemprop=\"image\" itemscope=\"itemscope\" itemtype=\"https:\/\/schema.org\/ImageObject\"  ><div class='avia-image-container-inner'><div class='avia-image-overlay-wrap'><img decoding=\"async\" class='wp-image-62875 avia-img-lazy-loading-not-62875 avia_image' src=\"https:\/\/radiorevelacionfm.cl\/wp-content\/uploads\/2025\/12\/1000184437-1_optimized.jpg\" alt='' title='1000184437-(1)_optimized' height=\"600\" width=\"1065\"  itemprop=\"thumbnailUrl\" srcset=\"https:\/\/radiorevelacionfm.cl\/wp-content\/uploads\/2025\/12\/1000184437-1_optimized.jpg 1065w, https:\/\/radiorevelacionfm.cl\/wp-content\/uploads\/2025\/12\/1000184437-1_optimized-300x169.jpg 300w, https:\/\/radiorevelacionfm.cl\/wp-content\/uploads\/2025\/12\/1000184437-1_optimized-1030x580.jpg 1030w, https:\/\/radiorevelacionfm.cl\/wp-content\/uploads\/2025\/12\/1000184437-1_optimized-768x433.jpg 768w, https:\/\/radiorevelacionfm.cl\/wp-content\/uploads\/2025\/12\/1000184437-1_optimized-705x397.jpg 705w, https:\/\/radiorevelacionfm.cl\/wp-content\/uploads\/2025\/12\/1000184437-1_optimized-450x254.jpg 450w, https:\/\/radiorevelacionfm.cl\/wp-content\/uploads\/2025\/12\/1000184437-1_optimized-600x338.jpg 600w\" sizes=\"(max-width: 1065px) 100vw, 1065px\" \/><\/div><\/div><\/div><\/div><div class=\"flex_column av_one_full  flex_column_div av-zero-column-padding first  avia-builder-el-2  el_after_av_one_full  el_before_av_one_full  column-top-margin\" style='border-radius:0px; '><section class=\"av_textblock_section \"  itemscope=\"itemscope\" itemtype=\"https:\/\/schema.org\/BlogPosting\" itemprop=\"blogPost\" ><div class='avia_textblock  '   itemprop=\"text\" ><p style=\"text-align: center;\"><span style=\"font-size: 18pt;\"><b>Destinan $2.534 millones para impulsar desarrollo productivo en Ays\u00e9n en 2026<\/b><\/span><\/p>\n<div id=\"gtx-trans\" style=\"position: absolute; left: -50px; top: 4.31534px;\">\n<div class=\"gtx-trans-icon\"><\/div>\n<\/div>\n<\/div><\/section><\/div><div class=\"flex_column av_one_full  flex_column_div av-zero-column-padding first  avia-builder-el-4  el_after_av_one_full  el_before_av_hr  column-top-margin\" style='border-radius:0px; '><section class=\"av_textblock_section \"  itemscope=\"itemscope\" itemtype=\"https:\/\/schema.org\/BlogPosting\" itemprop=\"blogPost\" ><div class='avia_textblock  '   itemprop=\"text\" ><p style=\"text-align: justify;\"><em>El Comit\u00e9 de Desarrollo Productivo Regional Ays\u00e9n defini\u00f3 prioridades y aprob\u00f3 su hoja de ruta para el pr\u00f3ximo a\u00f1o. La medida busca potenciar el desarrollo productivo y asegurar que las prioridades de la regi\u00f3n est\u00e9n al centro de su crecimiento.<\/em><\/p>\n<p style=\"text-align: justify;\">Con la aprobaci\u00f3n de $2.534 millones para el 2026, el Comit\u00e9 de Desarrollo Productivo de Corfo Ays\u00e9n defini\u00f3 la ruta que marcar\u00e1 el pr\u00f3ximo a\u00f1o: m\u00e1s inversi\u00f3n, mayor coordinaci\u00f3n y un foco claro en las comunidades del litoral y territorios rezagados. La medida busca asegurar que las prioridades de la regi\u00f3n gu\u00eden su crecimiento econ\u00f3mico.<\/p>\n<p style=\"text-align: justify;\">La decisi\u00f3n se tom\u00f3 en la \u00faltima sesi\u00f3n del a\u00f1o, presidida por el Gobernador Regional Marcelo Santana Vargas, instancia que cerr\u00f3 el ejercicio 2025 y fij\u00f3 la planificaci\u00f3n operativa para el pr\u00f3ximo per\u00edodo. \u201cHoy tuvimos la sesi\u00f3n n\u00famero diez y \u00faltima de nuestro Comit\u00e9 de Desarrollo Productivo. Revisamos la inversi\u00f3n 2025 y tambi\u00e9n nos fijamos metas para el pr\u00f3ximo a\u00f1o. Definimos el presupuesto, $2.534 millones a disposici\u00f3n para mejorar y fomentar la inversi\u00f3n en nuestra regi\u00f3n\u201d. A\u00f1adi\u00f3 que el esfuerzo debe ser colectivo. \u201cEste ha sido un a\u00f1o bueno, pero tenemos que seguir trabajando para que el pr\u00f3ximo 2026 la econom\u00eda de Ays\u00e9n siga mejorando, y ese esfuerzo lo hacemos todos juntos\u201d, detall\u00f3.<\/p>\n<p style=\"text-align: justify;\">En tanto, el director de Corfo Ays\u00e9n, Humberto Mar\u00edn Leiva, explic\u00f3 que la sesi\u00f3n permiti\u00f3 dar cuenta de estos resultados y proyectar la continuidad del trabajo. \u201cHoy d\u00eda tuvimos una extensa sesi\u00f3n del Comit\u00e9 de Desarrollo Productivo Ays\u00e9n, liderado por el Gobernador y con la participaci\u00f3n de los consejeros y consejeras. Dimos cuenta del trabajo realizado en 2025 y sancionamos el presupuesto para 2026\u201d, indic\u00f3 Mar\u00edn. A\u00f1adi\u00f3 que la ejecuci\u00f3n de distintos instrumentos \u201cpermiten orientar el desarrollo productivo y la ruta de trabajo para el pr\u00f3ximo a\u00f1o\u201d.<\/p>\n<p style=\"text-align: justify;\">El cierre del a\u00f1o dio cuenta de avances concretos en los programas de fomento y permiti\u00f3 proyectar nuevas l\u00edneas de acci\u00f3n para el desarrollo productivo regional, destacando la ejecuci\u00f3n de programas de Corfo y Sercotec durante 2025.<\/p>\n<p style=\"text-align: justify;\">Corfo inform\u00f3 una ejecuci\u00f3n de $1.885 millones distribuidos en 23 instrumentos, que beneficiaron a m\u00e1s de 440 personas en sectores estrat\u00e9gicos como turismo, acuicultura, energ\u00edas y silvoagropecuario.<\/p>\n<p style=\"text-align: justify;\">Sercotec, en tanto, present\u00f3 una ejecuci\u00f3n de $747 millones, con 148 beneficiarios, destacando el \u00e9nfasis en g\u00e9nero, juventud, sectores creativos y turismo.<\/p>\n<p style=\"text-align: justify;\">La consejera del sector privado Margit Veloso destac\u00f3 que el a\u00f1o cerr\u00f3 con una ejecuci\u00f3n completa de los proyectos programados y con m\u00e1s recursos disponibles para el pr\u00f3ximo per\u00edodo. \u201cSe ejecutaron todos los proyectos programados, conseguimos m\u00e1s recursos y el pr\u00f3ximo a\u00f1o tenemos m\u00e1s fondos para ejecutar\u201d, afirm\u00f3. Veloso subray\u00f3 adem\u00e1s que el aporte adicional del Gobierno Regional resulta determinante: \u201cHa implementado m\u00e1s recursos al comit\u00e9, lo que es clave para el desarrollo productivo de la regi\u00f3n\u201d.<\/p>\n<p style=\"text-align: justify;\">El consejero Benjam\u00edn Infante puso \u00e9nfasis en el car\u00e1cter de gobernanza del comit\u00e9, se\u00f1alando que se trata de una instancia joven, pero con capacidad de orientar prioridades. \u201cEl Comit\u00e9 es un espacio que busca que, de manera conjunta, el sector p\u00fablico y privado oriente los recursos hacia el desarrollo regional\u201d, indic\u00f3.<\/p>\n<p style=\"text-align: justify;\">Asimismo, se present\u00f3 al Comit\u00e9 el Programa Litoral Ays\u00e9n, informando su puesta en marcha a partir del a\u00f1o 2026, con financiamiento del Gobierno Regional y un presupuesto independiente del CDPR. La iniciativa tendr\u00e1 como foco el fortalecimiento productivo y la articulaci\u00f3n territorial en las comunas del litoral, complementando \u2014sin solaparse\u2014 las l\u00edneas de fomento del Comit\u00e9.<\/p>\n<p style=\"text-align: justify;\">La sesi\u00f3n concluy\u00f3 con la validaci\u00f3n del calendario de sesiones 2026 para el Pleno y los Subcomit\u00e9s de Fomento Productivo e Innovaci\u00f3n y Emprendimiento. Con este acuerdo, el Comit\u00e9 de Desarrollo Productivo Regional de Ays\u00e9n inicia el pr\u00f3ximo a\u00f1o con una hoja de ruta definida y recursos disponibles para seguir fortaleciendo la inversi\u00f3n y el desarrollo productivo en la regi\u00f3n.<\/p>\n<\/div><\/section><\/div><div  style='height:50px' class='hr hr-invisible   avia-builder-el-6  el_after_av_one_full  el_before_av_social_share '><span class='hr-inner ' ><span class='hr-inner-style'><\/span><\/span><\/div><\/p>\n<div  class='av-social-sharing-box  avia-builder-el-7  el_after_av_hr  el_before_av_hr  '><div class='av-share-box'><h5 class='av-share-link-description av-no-toc '>Compartir esta noticia<\/h5><ul class='av-share-box-list noLightbox'><li class='av-share-link av-social-link-facebook' ><a target=\"_blank\" aria-label=\"Compartir en Facebook\" href='https:\/\/www.facebook.com\/sharer.php?u=https:\/\/radiorevelacionfm.cl\/?p=62874&#038;t=Destinan%20%242.534%20millones%20para%20impulsar%20desarrollo%20productivo%20en%20Ays%C3%A9n%20en%202026' aria-hidden='false' data-av_icon='\ue8f3' data-av_iconfont='entypo-fontello' title='' data-avia-related-tooltip='Compartir en Facebook' rel=\"noopener\"><span class='avia_hidden_link_text'>Compartir en Facebook<\/span><\/a><\/li><li class='av-share-link av-social-link-twitter' ><a target=\"_blank\" aria-label=\"Compartir en Twitter\" href='https:\/\/twitter.com\/share?text=Destinan%20%242.534%20millones%20para%20impulsar%20desarrollo%20productivo%20en%20Ays%C3%A9n%20en%202026&#038;url=https:\/\/radiorevelacionfm.cl\/?p=62874' aria-hidden='false' data-av_icon='\ue8f1' data-av_iconfont='entypo-fontello' title='' data-avia-related-tooltip='Compartir en Twitter' rel=\"noopener\"><span class='avia_hidden_link_text'>Compartir en Twitter<\/span><\/a><\/li><li class='av-share-link av-social-link-whatsapp' ><a target=\"_blank\" aria-label=\"Compartir en Whatsapp\" href='https:\/\/api.whatsapp.com\/send?text=https:\/\/radiorevelacionfm.cl\/?p=62874' aria-hidden='false' data-av_icon='\uf232' data-av_iconfont='entypo-fontello' title='' data-avia-related-tooltip='Compartir en Whatsapp' rel=\"noopener\"><span class='avia_hidden_link_text'>Compartir en Whatsapp<\/span><\/a><\/li><li class='av-share-link av-social-link-linkedin' ><a target=\"_blank\" aria-label=\"Compartir en LinkedIn\" href='https:\/\/linkedin.com\/shareArticle?mini=true&#038;title=Destinan%20%242.534%20millones%20para%20impulsar%20desarrollo%20productivo%20en%20Ays%C3%A9n%20en%202026&#038;url=https:\/\/radiorevelacionfm.cl\/?p=62874' aria-hidden='false' data-av_icon='\ue8fc' data-av_iconfont='entypo-fontello' title='' data-avia-related-tooltip='Compartir en LinkedIn' rel=\"noopener\"><span class='avia_hidden_link_text'>Compartir en LinkedIn<\/span><\/a><\/li><li class='av-share-link av-social-link-mail' ><a  aria-label=\"Compartir por correo\" href='mailto:?subject=Destinan%20%242.534%20millones%20para%20impulsar%20desarrollo%20productivo%20en%20Ays%C3%A9n%20en%202026&#038;body=https:\/\/radiorevelacionfm.cl\/?p=62874' aria-hidden='false' data-av_icon='\ue805' data-av_iconfont='entypo-fontello' title='' data-avia-related-tooltip='Compartir por correo'><span class='avia_hidden_link_text'>Compartir por correo<\/span><\/a><\/li><\/ul><\/div><\/div>\n<div  style='height:50px' class='hr hr-invisible   avia-builder-el-8  el_after_av_social_share  el_before_av_comments_list '><span class='hr-inner ' ><span class='hr-inner-style'><\/span><\/span><\/div>\n<div  class='av-buildercomment  av-blog-meta-html-info-disabled av-blog-meta-tag-disabled  '><\/div>\n","protected":false},"excerpt":{"rendered":"","protected":false},"author":1,"featured_media":62875,"comment_status":"closed","ping_status":"closed","sticky":false,"template":"","format":"standard","meta":{"footnotes":""},"categories":[38],"tags":[],"class_list":["post-62874","post","type-post","status-publish","format-standard","has-post-thumbnail","hentry","category-regional"],"jetpack_featured_media_url":"https:\/\/radiorevelacionfm.cl\/wp-content\/uploads\/2025\/12\/1000184437-1_optimized.jpg","_links":{"self":[{"href":"https:\/\/radiorevelacionfm.cl\/index.php?rest_route=\/wp\/v2\/posts\/62874","targetHints":{"allow":["GET"]}}],"collection":[{"href":"https:\/\/radiorevelacionfm.cl\/index.php?rest_route=\/wp\/v2\/posts"}],"about":[{"href":"https:\/\/radiorevelacionfm.cl\/index.php?rest_route=\/wp\/v2\/types\/post"}],"author":[{"embeddable":true,"href":"https:\/\/radiorevelacionfm.cl\/index.php?rest_route=\/wp\/v2\/users\/1"}],"replies":[{"embeddable":true,"href":"https:\/\/radiorevelacionfm.cl\/index.php?rest_route=%2Fwp%2Fv2%2Fcomments&post=62874"}],"version-history":[{"count":2,"href":"https:\/\/radiorevelacionfm.cl\/index.php?rest_route=\/wp\/v2\/posts\/62874\/revisions"}],"predecessor-version":[{"id":62877,"href":"https:\/\/radiorevelacionfm.cl\/index.php?rest_route=\/wp\/v2\/posts\/62874\/revisions\/62877"}],"wp:featuredmedia":[{"embeddable":true,"href":"https:\/\/radiorevelacionfm.cl\/index.php?rest_route=\/wp\/v2\/media\/62875"}],"wp:attachment":[{"href":"https:\/\/radiorevelacionfm.cl\/index.php?rest_route=%2Fwp%2Fv2%2Fmedia&parent=62874"}],"wp:term":[{"taxonomy":"category","embeddable":true,"href":"https:\/\/radiorevelacionfm.cl\/index.php?rest_route=%2Fwp%2Fv2%2Fcategories&post=62874"},{"taxonomy":"post_tag","embeddable":true,"href":"https:\/\/radiorevelacionfm.cl\/index.php?rest_route=%2Fwp%2Fv2%2Ftags&post=62874"}],"curies":[{"name":"wp","href":"https:\/\/api.w.org\/{rel}","templated":true}]}}