{"id":62869,"date":"2025-12-29T21:11:20","date_gmt":"2025-12-30T00:11:20","guid":{"rendered":"https:\/\/radiorevelacionfm.cl\/?p=62869"},"modified":"2025-12-29T21:11:20","modified_gmt":"2025-12-30T00:11:20","slug":"avances-en-salud-mas-infraestructura-para-una-mejor-atencion","status":"publish","type":"post","link":"https:\/\/radiorevelacionfm.cl\/?p=62869","title":{"rendered":"Avances en Salud: M\u00e1s infraestructura para una mejor atenci\u00f3n"},"content":{"rendered":"<div class=\"flex_column av_one_full  flex_column_div av-zero-column-padding first  avia-builder-el-0  el_before_av_one_full  avia-builder-el-first  \" style='border-radius:0px; '><div  class='avia-image-container  av-styling-    avia-builder-el-1  avia-builder-el-no-sibling  avia-align-center '  itemprop=\"image\" itemscope=\"itemscope\" itemtype=\"https:\/\/schema.org\/ImageObject\"  ><div class='avia-image-container-inner'><div class='avia-image-overlay-wrap'><img decoding=\"async\" class='wp-image-62870 avia-img-lazy-loading-not-62870 avia_image' src=\"https:\/\/radiorevelacionfm.cl\/wp-content\/uploads\/2025\/12\/Columna-Opinion-Seremi-de-Gobierno-1-1.jpeg\" alt='' title='Columna Opini\u00f3n Seremi de Gobierno (1) (1)' height=\"675\" width=\"802\"  itemprop=\"thumbnailUrl\" srcset=\"https:\/\/radiorevelacionfm.cl\/wp-content\/uploads\/2025\/12\/Columna-Opinion-Seremi-de-Gobierno-1-1.jpeg 802w, https:\/\/radiorevelacionfm.cl\/wp-content\/uploads\/2025\/12\/Columna-Opinion-Seremi-de-Gobierno-1-1-300x252.jpeg 300w, https:\/\/radiorevelacionfm.cl\/wp-content\/uploads\/2025\/12\/Columna-Opinion-Seremi-de-Gobierno-1-1-768x646.jpeg 768w, https:\/\/radiorevelacionfm.cl\/wp-content\/uploads\/2025\/12\/Columna-Opinion-Seremi-de-Gobierno-1-1-705x593.jpeg 705w, https:\/\/radiorevelacionfm.cl\/wp-content\/uploads\/2025\/12\/Columna-Opinion-Seremi-de-Gobierno-1-1-450x379.jpeg 450w, https:\/\/radiorevelacionfm.cl\/wp-content\/uploads\/2025\/12\/Columna-Opinion-Seremi-de-Gobierno-1-1-600x505.jpeg 600w\" sizes=\"(max-width: 802px) 100vw, 802px\" \/><\/div><\/div><\/div><\/div><div class=\"flex_column av_one_full  flex_column_div av-zero-column-padding first  avia-builder-el-2  el_after_av_one_full  el_before_av_one_full  column-top-margin\" style='border-radius:0px; '><section class=\"av_textblock_section \"  itemscope=\"itemscope\" itemtype=\"https:\/\/schema.org\/BlogPosting\" itemprop=\"blogPost\" ><div class='avia_textblock  '   itemprop=\"text\" ><p style=\"text-align: center;\"><span style=\"font-size: 18pt;\"><strong>Avances en Salud: M\u00e1s infraestructura para una mejor atenci\u00f3n<\/strong><\/span><\/p>\n<div id=\"gtx-trans\" style=\"position: absolute; left: -50px; top: 4.31534px;\">\n<div class=\"gtx-trans-icon\"><\/div>\n<\/div>\n<\/div><\/section><\/div><div class=\"flex_column av_one_full  flex_column_div av-zero-column-padding first  avia-builder-el-4  el_after_av_one_full  el_before_av_hr  column-top-margin\" style='border-radius:0px; '><section class=\"av_textblock_section \"  itemscope=\"itemscope\" itemtype=\"https:\/\/schema.org\/BlogPosting\" itemprop=\"blogPost\" ><div class='avia_textblock  '   itemprop=\"text\" ><p style=\"text-align: justify;\"><em>Por: \u00darsula Mix, Seremi de Gobierno de Ays\u00e9n<\/em><\/p>\n<p style=\"text-align: justify;\">El fortalecimiento de la salud p\u00fablica en nuestra regi\u00f3n no es s\u00f3lo un compromiso administrativo, es un imperativo de justicia territorial. No hay duda de que la salud tiene que llegar a todos los territorios, por eso hemos hecho mejoras importantes tanto en las instalaciones como en la forma en que atendemos a las personas en el sector salud, \u00a0asegurando que el lugar donde reside un ciudadano no determine su derecho a una atenci\u00f3n digna.<\/p>\n<p style=\"text-align: justify;\">La reciente inauguraci\u00f3n del Hospital de Chile Chico y el avance en proyectos estrat\u00e9gicos como el inicio de obras del angi\u00f3grafo y la futura UPC Pedi\u00e1trica en el Hospital Regional Coyhaique, marcan un hito en la capacidad resolutiva local. Estas obras, sumadas al cambio de calefacci\u00f3n de le\u00f1a a gas en el Hospital de Cochrane, demuestran una visi\u00f3n integral que prioriza tanto la tecnolog\u00eda aplicada a la medicina, como la sostenibilidad y el bienestar ambiental de los recintos.<\/p>\n<p style=\"text-align: justify;\">Sin embargo, el robustecimiento del sistema no se limita a las grandes ciudades. La equidad se materializa en la inauguraci\u00f3n de Postas de Salud Rural en Villa Cerro Castillo, Guadal y Caleta Andrade, a las que pronto se sumar\u00e1 Puyuhuapi. Este esfuerzo se complementa con la implementaci\u00f3n del Protocolo de Entrega de Medicamentos directamente en estas postas, evitando que nuestros vecinos y vecinas de Ays\u00e9n deban recorrer largas distancias por sus tratamientos.<\/p>\n<p style=\"text-align: justify;\">Para sostener esta red, hemos fortalecido la log\u00edstica de urgencias con nuevas ambulancias para La Junta, Puerto Cisnes y Balmaceda, y estamos invirtiendo en la mejora y acreditaci\u00f3n de centros clave como el CESFAM V\u00edctor Domingo Silva.<\/p>\n<p style=\"text-align: justify;\">Finalmente, esta infraestructura cobra pleno sentido con pol\u00edticas de acceso real: el Copago Cero para tramos C y D de Fonasa, la Atenci\u00f3n Primaria Universal en Puerto Ays\u00e9n y el fortalecimiento del Plan Nacional del C\u00e1ncer. Gracias a convenios con el Gobierno Regional, estamos logrando reducir las listas de espera y habilitar espacios vitales como el COSAM de Puerto Ays\u00e9n. A la luz de estos significativos avances, podemos decir que estamos construyendo una red de salud m\u00e1s justa, humana y eficiente para cada habitante de nuestra regi\u00f3n.<\/p>\n<p style=\"text-align: justify;\">Sin embargo, somos conscientes de que las paredes y la tecnolog\u00eda por s\u00ed solas no sanan. El gran desaf\u00edo que asumimos es cerrar la brecha de especialistas m\u00e9dicos que a\u00fan obliga a muchas familias a trasladarse fuera de la regi\u00f3n. Reconocemos que, mientras un o una paciente deba esperar meses por una interconsulta o viajar kil\u00f3metros por falta de personal t\u00e9cnico, nuestra tarea estar\u00e1 incompleta. La infraestructura es el cimiento, pero nuestra deuda pendiente sigue siendo atraer y retener el talento humano necesario para que estos nuevos edificios operen a su m\u00e1xima capacidad.<\/p>\n<p style=\"text-align: justify;\">Miramos el futuro con optimismo, pero sin perder de vista las deudas hist\u00f3ricas que a\u00fan nos duelen. Las listas de espera quir\u00fargicas y el cr\u00edtico d\u00e9ficit en salud mental siguen siendo realidades que nos exigen una autocr\u00edtica profunda sobre c\u00f3mo priorizamos los recursos. La red asistencial est\u00e1 creciendo, pero la verdadera justicia social y territorial se alcanzar\u00e1 s\u00f3lo cuando el bienestar emocional y la atenci\u00f3n de especialidad no sea privilegio de unos pocos, sino una certeza para cada aysenino y aysenina, desde La Junta hasta Villa O\u2019 Higgins. Seguiremos trabajando hasta el \u00faltimo d\u00eda de nuestro Gobierno, sabiendo que lo avanzado es mucho, pero lo pendiente es a\u00fan m\u00e1s urgente.<\/p>\n<\/div><\/section><\/div><div  style='height:50px' class='hr hr-invisible   avia-builder-el-6  el_after_av_one_full  el_before_av_social_share '><span class='hr-inner ' ><span class='hr-inner-style'><\/span><\/span><\/div><\/p>\n<div  class='av-social-sharing-box  avia-builder-el-7  el_after_av_hr  el_before_av_hr  '><div class='av-share-box'><h5 class='av-share-link-description av-no-toc '>Compartir esta noticia<\/h5><ul class='av-share-box-list noLightbox'><li class='av-share-link av-social-link-facebook' ><a target=\"_blank\" aria-label=\"Compartir en Facebook\" href='https:\/\/www.facebook.com\/sharer.php?u=https:\/\/radiorevelacionfm.cl\/?p=62869&#038;t=Avances%20en%20Salud%3A%20M%C3%A1s%20infraestructura%20para%20una%20mejor%20atenci%C3%B3n' aria-hidden='false' data-av_icon='\ue8f3' data-av_iconfont='entypo-fontello' title='' data-avia-related-tooltip='Compartir en Facebook' rel=\"noopener\"><span class='avia_hidden_link_text'>Compartir en Facebook<\/span><\/a><\/li><li class='av-share-link av-social-link-twitter' ><a target=\"_blank\" aria-label=\"Compartir en Twitter\" href='https:\/\/twitter.com\/share?text=Avances%20en%20Salud%3A%20M%C3%A1s%20infraestructura%20para%20una%20mejor%20atenci%C3%B3n&#038;url=https:\/\/radiorevelacionfm.cl\/?p=62869' aria-hidden='false' data-av_icon='\ue8f1' data-av_iconfont='entypo-fontello' title='' data-avia-related-tooltip='Compartir en Twitter' rel=\"noopener\"><span class='avia_hidden_link_text'>Compartir en Twitter<\/span><\/a><\/li><li class='av-share-link av-social-link-whatsapp' ><a target=\"_blank\" aria-label=\"Compartir en Whatsapp\" href='https:\/\/api.whatsapp.com\/send?text=https:\/\/radiorevelacionfm.cl\/?p=62869' aria-hidden='false' data-av_icon='\uf232' data-av_iconfont='entypo-fontello' title='' data-avia-related-tooltip='Compartir en Whatsapp' rel=\"noopener\"><span class='avia_hidden_link_text'>Compartir en Whatsapp<\/span><\/a><\/li><li class='av-share-link av-social-link-linkedin' ><a target=\"_blank\" aria-label=\"Compartir en LinkedIn\" href='https:\/\/linkedin.com\/shareArticle?mini=true&#038;title=Avances%20en%20Salud%3A%20M%C3%A1s%20infraestructura%20para%20una%20mejor%20atenci%C3%B3n&#038;url=https:\/\/radiorevelacionfm.cl\/?p=62869' aria-hidden='false' data-av_icon='\ue8fc' data-av_iconfont='entypo-fontello' title='' data-avia-related-tooltip='Compartir en LinkedIn' rel=\"noopener\"><span class='avia_hidden_link_text'>Compartir en LinkedIn<\/span><\/a><\/li><li class='av-share-link av-social-link-mail' ><a  aria-label=\"Compartir por correo\" href='mailto:?subject=Avances%20en%20Salud%3A%20M%C3%A1s%20infraestructura%20para%20una%20mejor%20atenci%C3%B3n&#038;body=https:\/\/radiorevelacionfm.cl\/?p=62869' aria-hidden='false' data-av_icon='\ue805' data-av_iconfont='entypo-fontello' title='' data-avia-related-tooltip='Compartir por correo'><span class='avia_hidden_link_text'>Compartir por correo<\/span><\/a><\/li><\/ul><\/div><\/div>\n<div  style='height:50px' class='hr hr-invisible   avia-builder-el-8  el_after_av_social_share  el_before_av_comments_list '><span class='hr-inner ' ><span class='hr-inner-style'><\/span><\/span><\/div>\n<div  class='av-buildercomment  av-blog-meta-html-info-disabled av-blog-meta-tag-disabled  '><\/div>\n","protected":false},"excerpt":{"rendered":"","protected":false},"author":1,"featured_media":62870,"comment_status":"closed","ping_status":"closed","sticky":false,"template":"","format":"standard","meta":{"footnotes":""},"categories":[50],"tags":[],"class_list":["post-62869","post","type-post","status-publish","format-standard","has-post-thumbnail","hentry","category-cartas-y-opinion"],"jetpack_featured_media_url":"https:\/\/radiorevelacionfm.cl\/wp-content\/uploads\/2025\/12\/Columna-Opinion-Seremi-de-Gobierno-1-1.jpeg","_links":{"self":[{"href":"https:\/\/radiorevelacionfm.cl\/index.php?rest_route=\/wp\/v2\/posts\/62869","targetHints":{"allow":["GET"]}}],"collection":[{"href":"https:\/\/radiorevelacionfm.cl\/index.php?rest_route=\/wp\/v2\/posts"}],"about":[{"href":"https:\/\/radiorevelacionfm.cl\/index.php?rest_route=\/wp\/v2\/types\/post"}],"author":[{"embeddable":true,"href":"https:\/\/radiorevelacionfm.cl\/index.php?rest_route=\/wp\/v2\/users\/1"}],"replies":[{"embeddable":true,"href":"https:\/\/radiorevelacionfm.cl\/index.php?rest_route=%2Fwp%2Fv2%2Fcomments&post=62869"}],"version-history":[{"count":2,"href":"https:\/\/radiorevelacionfm.cl\/index.php?rest_route=\/wp\/v2\/posts\/62869\/revisions"}],"predecessor-version":[{"id":62873,"href":"https:\/\/radiorevelacionfm.cl\/index.php?rest_route=\/wp\/v2\/posts\/62869\/revisions\/62873"}],"wp:featuredmedia":[{"embeddable":true,"href":"https:\/\/radiorevelacionfm.cl\/index.php?rest_route=\/wp\/v2\/media\/62870"}],"wp:attachment":[{"href":"https:\/\/radiorevelacionfm.cl\/index.php?rest_route=%2Fwp%2Fv2%2Fmedia&parent=62869"}],"wp:term":[{"taxonomy":"category","embeddable":true,"href":"https:\/\/radiorevelacionfm.cl\/index.php?rest_route=%2Fwp%2Fv2%2Fcategories&post=62869"},{"taxonomy":"post_tag","embeddable":true,"href":"https:\/\/radiorevelacionfm.cl\/index.php?rest_route=%2Fwp%2Fv2%2Ftags&post=62869"}],"curies":[{"name":"wp","href":"https:\/\/api.w.org\/{rel}","templated":true}]}}