{"id":62866,"date":"2025-12-29T20:28:15","date_gmt":"2025-12-29T23:28:15","guid":{"rendered":"https:\/\/radiorevelacionfm.cl\/?p=62866"},"modified":"2025-12-29T20:28:15","modified_gmt":"2025-12-29T23:28:15","slug":"chile-chico-minera-andean-silver-ya-esta-generando-la-misma-cantidad-de-empleo-que-cuando-cerro-en-2022","status":"publish","type":"post","link":"https:\/\/radiorevelacionfm.cl\/?p=62866","title":{"rendered":"Chile Chico: Minera Andean Silver ya est\u00e1 generando la misma cantidad de empleo que cuando cerr\u00f3 en 2022"},"content":{"rendered":"<div class=\"flex_column av_one_full  flex_column_div av-zero-column-padding first  avia-builder-el-0  el_before_av_one_full  avia-builder-el-first  \" style='border-radius:0px; '><div  class='avia-image-container  av-styling-    avia-builder-el-1  avia-builder-el-no-sibling  avia-align-center '  itemprop=\"image\" itemscope=\"itemscope\" itemtype=\"https:\/\/schema.org\/ImageObject\"  ><div class='avia-image-container-inner'><div class='avia-image-overlay-wrap'><img decoding=\"async\" class='wp-image-62867 avia-img-lazy-loading-not-62867 avia_image' src=\"https:\/\/radiorevelacionfm.cl\/wp-content\/uploads\/2025\/12\/visita-andean-silver-2-1_optimized.jpeg\" alt='' title='visita-andean-silver-(2)-(1)_optimized' height=\"600\" width=\"800\"  itemprop=\"thumbnailUrl\" srcset=\"https:\/\/radiorevelacionfm.cl\/wp-content\/uploads\/2025\/12\/visita-andean-silver-2-1_optimized.jpeg 800w, https:\/\/radiorevelacionfm.cl\/wp-content\/uploads\/2025\/12\/visita-andean-silver-2-1_optimized-300x225.jpeg 300w, https:\/\/radiorevelacionfm.cl\/wp-content\/uploads\/2025\/12\/visita-andean-silver-2-1_optimized-768x576.jpeg 768w, https:\/\/radiorevelacionfm.cl\/wp-content\/uploads\/2025\/12\/visita-andean-silver-2-1_optimized-705x529.jpeg 705w, https:\/\/radiorevelacionfm.cl\/wp-content\/uploads\/2025\/12\/visita-andean-silver-2-1_optimized-450x338.jpeg 450w, https:\/\/radiorevelacionfm.cl\/wp-content\/uploads\/2025\/12\/visita-andean-silver-2-1_optimized-600x450.jpeg 600w\" sizes=\"(max-width: 800px) 100vw, 800px\" \/><\/div><\/div><\/div><\/div><div class=\"flex_column av_one_full  flex_column_div av-zero-column-padding first  avia-builder-el-2  el_after_av_one_full  el_before_av_one_full  column-top-margin\" style='border-radius:0px; '><section class=\"av_textblock_section \"  itemscope=\"itemscope\" itemtype=\"https:\/\/schema.org\/BlogPosting\" itemprop=\"blogPost\" ><div class='avia_textblock  '   itemprop=\"text\" ><p style=\"text-align: center;\"><span style=\"font-size: 18pt;\"><strong>Chile Chico: Minera Andean Silver ya est\u00e1 generando la misma cantidad de empleo que cuando cerr\u00f3 en 2022 <\/strong><\/span><\/p>\n<div id=\"gtx-trans\" style=\"position: absolute; left: -50px; top: 4.31534px;\">\n<div class=\"gtx-trans-icon\"><\/div>\n<\/div>\n<\/div><\/section><\/div><div class=\"flex_column av_one_full  flex_column_div av-zero-column-padding first  avia-builder-el-4  el_after_av_one_full  el_before_av_hr  column-top-margin\" style='border-radius:0px; '><section class=\"av_textblock_section \"  itemscope=\"itemscope\" itemtype=\"https:\/\/schema.org\/BlogPosting\" itemprop=\"blogPost\" ><div class='avia_textblock  '   itemprop=\"text\" ><ul>\n<li style=\"text-align: justify;\"><em>Seremi(s) de Trabajo y Previsi\u00f3n Social, Rodrigo D\u00edaz Cordaro, recorri\u00f3 la minera Andean Silver junto al equipo de la gerencia general, viendo sus instalaciones y consultando sobre los aspectos de seguridad y salud laboral.<\/em><\/li>\n<\/ul>\n<p style=\"text-align: justify;\">En Chile Chico el Seremi(s) de Trabajo y Previsi\u00f3n Social, Rodrigo D\u00edaz Cordaro, realiz\u00f3 una visita a la minera australiana Andean Silver, nueva empresa que se encuentra ejecutando el proyecto de plata y oro Cerro Bayo, recorriendo las instalaciones junto al gerente general, \u00c1lvaro Fuentes y Sof\u00eda Aravena, quien se desempe\u00f1a como gerente ambiental y es ge\u00f3loga especializada en hidrogeolog\u00eda y medioambiente, conociendo sus proyecciones en la Provincia de General Carrera.<\/p>\n<p style=\"text-align: justify;\">Ubicada a 10 kil\u00f3metros de la \u201cCiudad del Sol\u201d, en el Macizo el Deseado, la mina de plata y oro subterr\u00e1nea y a cielo abierto, se encuentra en fase de exploraci\u00f3n y solicitud de diversos permisos para operar Cerro Bayo, la cual se encontraba en mantenci\u00f3n desde el a\u00f1o 2022 cuando cerr\u00f3 el yacimiento administrado en ese entonces por Equus Mining.<\/p>\n<p style=\"text-align: justify;\">El Seremi(s) Rodrigo D\u00edaz destac\u00f3 la generaci\u00f3n de trabajo en la comuna y en la provincia, junto a dar empleos directos, se crea un dinamismo en la localidad, en prestadores de servicios y empresas relacionadas, haciendo hincapi\u00e9 en que actualmente la empresa est\u00e1 entregando pr\u00e1cticamente la misma cantidad de trabajo que en 2022,<\/p>\n<p style=\"text-align: justify;\">\u201cMuy contento de haber podido recorrer completamente las instalaciones de la minera Andean Silver, creo que est\u00e1n haciendo un gran trabajo. Para nosotros como Ministerio de Trabajo y Previsi\u00f3n Social, la seguridad y la salud en el trabajo es fundamental y aqu\u00ed vemos que se est\u00e1n manejando los est\u00e1ndares que nosotros estamos pregonando. Es importante la seguridad por, sobre todo, y vemos que los trabajadores aqu\u00ed lo est\u00e1n haciendo, en esta etapa de exploraci\u00f3n que est\u00e1 realizando esta empresa y por lo tanto, eso nos deja muy contentos. Adem\u00e1s, tambi\u00e9n ver que ya estamos recuperando todos los empleos que se destruyeron cuando la mina anterior cerr\u00f3 ac\u00e1 en Chile Chico, hoy d\u00eda estamos ya con casi todos esos empleos recuperados y con la feria de Sence vamos a quedar por sobre ello. Creo que se est\u00e1 haciendo un gran trabajo y esperamos que este proyecto se active ya en los tiempos que la ley le va exigiendo, en la fase ya de extracci\u00f3n, para que podamos aumentar sustantivamente el empleo en la Provincia de General Carrera\u201d, afirm\u00f3 D\u00edaz Cordaro.<\/p>\n<p style=\"text-align: justify;\">En este sentido, en la Feria Laboral de Servicio Nacional de capacitaci\u00f3n y Empleo, Sence, desarrollada precisamente en Chile Chico en el mes de noviembre, gran parte de las ofertas laborales fueron para trabajar en la Mina Andean Silver o en servicios relacionados a ella, lo cual confirma lo mencionado por la autoridad laboral. Desde la Seremi de Trabajo y Previsi\u00f3n Social junto a Sence se est\u00e1 realizando un trabajo con la empresa para levantar requerimientos espec\u00edficos que aporten capital humano y mano de obra calificada en Chile Chico y en la regi\u00f3n, para apoyar en la dotaci\u00f3n de personal local para las necesidades que se proyectan.<\/p>\n<p style=\"text-align: justify;\">Al respecto, el gerente \u00c1lvaro Fuentes, entreg\u00f3 algunos detalles, \u201cYa nosotros actualmente somos aproximadamente 160 personas en el proyecto, entre subcontrato y personal propio. Estamos pensando en un reinicio suave, eso significa que vamos a ir por etapas, echando a andar donde tengamos los permisos, donde tengamos las autorizaciones y tengamos las RCA correspondientes. Vamos a ir liberando parte para poder echar a andar la mina nuevamente, nosotros estamos calculando que nuestra etapa de reinicio puede requerir hasta unas 250 personas, incluso podr\u00edan ser m\u00e1s, dependiendo de qu\u00e9 tanto podamos avanzar en la etapa de permisolog\u00eda y ver que tengamos las autorizaciones correspondientes con Sernageomin y todas las autoridades que nos regulan. Luego de eso, vendr\u00eda una segunda etapa que viene a ser como la etapa de producci\u00f3n completa, que ah\u00ed ya empezamos a entrar en todo lo que son las minas. Para eso hay que primero levantar los cierres temporales que tenemos hoy d\u00eda y para eso se requiere un tiempo, entregar informaci\u00f3n a las autoridades y con eso podr\u00edamos ya llegar a un m\u00e1ximo de empleo en etapa full, que ser\u00eda aproximadamente en 2 a\u00f1os m\u00e1s, a\u00f1o y medio m\u00e1s, dependiendo de las autorizaciones cuando nos lleguen, podr\u00edamos generar entre 800 y 1.000 empleos\u201d.<\/p>\n<p style=\"text-align: justify;\">En t\u00e9rminos labores, el Seremi(s) D\u00edaz recalc\u00f3 el esp\u00edritu del di\u00e1logo social y el trabajo decente que busca la empresa, \u201cComo Ministerio del Trabajo y Previsi\u00f3n Social hemos impulsado el trabajo decente, con seguridad y salud para las y los trabajadores en el \u00e1mbito laboral y creemos que tambi\u00e9n en Andean Silver se est\u00e1 llevando adelante la labor en este sentido, con di\u00e1logo social, valorando la opini\u00f3n de las y los trabajadores, lo cual es muy relevante\u201d.<\/p>\n<p style=\"text-align: justify;\">Durante la visita, el Seremi(s) de Trabajo y Previsi\u00f3n Social recorri\u00f3 la planta de procesos, laboratorio, sala de geolog\u00eda y adem\u00e1s el invernadero donde se est\u00e1n cultivando plantas nativas para el proyecto de restauraci\u00f3n ambiental, como el duraznillo, en lo cual est\u00e1n vincul\u00e1ndose con INFOR.<\/p>\n<p style=\"text-align: justify;\">Cabe mencionar que Andean Silver realiz\u00f3 hace un poco una asociaci\u00f3n con el municipio de Chile Chico y la comunidad local para la construcci\u00f3n de plataformas dise\u00f1adas para proteger y preservar sitios arqueol\u00f3gicos cercanos, algunos relacionados con el arte rupestre que data de m\u00e1s de 3.500 a\u00f1os.<\/p>\n<\/div><\/section><\/div><div  style='height:50px' class='hr hr-invisible   avia-builder-el-6  el_after_av_one_full  el_before_av_social_share '><span class='hr-inner ' ><span class='hr-inner-style'><\/span><\/span><\/div><\/p>\n<div  class='av-social-sharing-box  avia-builder-el-7  el_after_av_hr  el_before_av_hr  '><div class='av-share-box'><h5 class='av-share-link-description av-no-toc '>Compartir esta noticia<\/h5><ul class='av-share-box-list noLightbox'><li class='av-share-link av-social-link-facebook' ><a target=\"_blank\" aria-label=\"Compartir en Facebook\" href='https:\/\/www.facebook.com\/sharer.php?u=https:\/\/radiorevelacionfm.cl\/?p=62866&#038;t=Chile%20Chico%3A%20Minera%20Andean%20Silver%20ya%20est%C3%A1%20generando%20la%20misma%20cantidad%20de%20empleo%20que%20cuando%20cerr%C3%B3%20en%202022' aria-hidden='false' data-av_icon='\ue8f3' data-av_iconfont='entypo-fontello' title='' data-avia-related-tooltip='Compartir en Facebook' rel=\"noopener\"><span class='avia_hidden_link_text'>Compartir en Facebook<\/span><\/a><\/li><li class='av-share-link av-social-link-twitter' ><a target=\"_blank\" aria-label=\"Compartir en Twitter\" href='https:\/\/twitter.com\/share?text=Chile%20Chico%3A%20Minera%20Andean%20Silver%20ya%20est%C3%A1%20generando%20la%20misma%20cantidad%20de%20empleo%20que%20cuando%20cerr%C3%B3%20en%202022&#038;url=https:\/\/radiorevelacionfm.cl\/?p=62866' aria-hidden='false' data-av_icon='\ue8f1' data-av_iconfont='entypo-fontello' title='' data-avia-related-tooltip='Compartir en Twitter' rel=\"noopener\"><span class='avia_hidden_link_text'>Compartir en Twitter<\/span><\/a><\/li><li class='av-share-link av-social-link-whatsapp' ><a target=\"_blank\" aria-label=\"Compartir en Whatsapp\" href='https:\/\/api.whatsapp.com\/send?text=https:\/\/radiorevelacionfm.cl\/?p=62866' aria-hidden='false' data-av_icon='\uf232' data-av_iconfont='entypo-fontello' title='' data-avia-related-tooltip='Compartir en Whatsapp' rel=\"noopener\"><span class='avia_hidden_link_text'>Compartir en Whatsapp<\/span><\/a><\/li><li class='av-share-link av-social-link-linkedin' ><a target=\"_blank\" aria-label=\"Compartir en LinkedIn\" href='https:\/\/linkedin.com\/shareArticle?mini=true&#038;title=Chile%20Chico%3A%20Minera%20Andean%20Silver%20ya%20est%C3%A1%20generando%20la%20misma%20cantidad%20de%20empleo%20que%20cuando%20cerr%C3%B3%20en%202022&#038;url=https:\/\/radiorevelacionfm.cl\/?p=62866' aria-hidden='false' data-av_icon='\ue8fc' data-av_iconfont='entypo-fontello' title='' data-avia-related-tooltip='Compartir en LinkedIn' rel=\"noopener\"><span class='avia_hidden_link_text'>Compartir en LinkedIn<\/span><\/a><\/li><li class='av-share-link av-social-link-mail' ><a  aria-label=\"Compartir por correo\" href='mailto:?subject=Chile%20Chico%3A%20Minera%20Andean%20Silver%20ya%20est%C3%A1%20generando%20la%20misma%20cantidad%20de%20empleo%20que%20cuando%20cerr%C3%B3%20en%202022&#038;body=https:\/\/radiorevelacionfm.cl\/?p=62866' aria-hidden='false' data-av_icon='\ue805' data-av_iconfont='entypo-fontello' title='' data-avia-related-tooltip='Compartir por correo'><span class='avia_hidden_link_text'>Compartir por correo<\/span><\/a><\/li><\/ul><\/div><\/div>\n<div  style='height:50px' class='hr hr-invisible   avia-builder-el-8  el_after_av_social_share  el_before_av_comments_list '><span class='hr-inner ' ><span class='hr-inner-style'><\/span><\/span><\/div>\n<div  class='av-buildercomment  av-blog-meta-html-info-disabled av-blog-meta-tag-disabled  '><\/div>\n","protected":false},"excerpt":{"rendered":"","protected":false},"author":1,"featured_media":62867,"comment_status":"closed","ping_status":"closed","sticky":false,"template":"","format":"standard","meta":{"footnotes":""},"categories":[56],"tags":[],"class_list":["post-62866","post","type-post","status-publish","format-standard","has-post-thumbnail","hentry","category-trabajo"],"jetpack_featured_media_url":"https:\/\/radiorevelacionfm.cl\/wp-content\/uploads\/2025\/12\/visita-andean-silver-2-1_optimized.jpeg","_links":{"self":[{"href":"https:\/\/radiorevelacionfm.cl\/index.php?rest_route=\/wp\/v2\/posts\/62866","targetHints":{"allow":["GET"]}}],"collection":[{"href":"https:\/\/radiorevelacionfm.cl\/index.php?rest_route=\/wp\/v2\/posts"}],"about":[{"href":"https:\/\/radiorevelacionfm.cl\/index.php?rest_route=\/wp\/v2\/types\/post"}],"author":[{"embeddable":true,"href":"https:\/\/radiorevelacionfm.cl\/index.php?rest_route=\/wp\/v2\/users\/1"}],"replies":[{"embeddable":true,"href":"https:\/\/radiorevelacionfm.cl\/index.php?rest_route=%2Fwp%2Fv2%2Fcomments&post=62866"}],"version-history":[{"count":2,"href":"https:\/\/radiorevelacionfm.cl\/index.php?rest_route=\/wp\/v2\/posts\/62866\/revisions"}],"predecessor-version":[{"id":62872,"href":"https:\/\/radiorevelacionfm.cl\/index.php?rest_route=\/wp\/v2\/posts\/62866\/revisions\/62872"}],"wp:featuredmedia":[{"embeddable":true,"href":"https:\/\/radiorevelacionfm.cl\/index.php?rest_route=\/wp\/v2\/media\/62867"}],"wp:attachment":[{"href":"https:\/\/radiorevelacionfm.cl\/index.php?rest_route=%2Fwp%2Fv2%2Fmedia&parent=62866"}],"wp:term":[{"taxonomy":"category","embeddable":true,"href":"https:\/\/radiorevelacionfm.cl\/index.php?rest_route=%2Fwp%2Fv2%2Fcategories&post=62866"},{"taxonomy":"post_tag","embeddable":true,"href":"https:\/\/radiorevelacionfm.cl\/index.php?rest_route=%2Fwp%2Fv2%2Ftags&post=62866"}],"curies":[{"name":"wp","href":"https:\/\/api.w.org\/{rel}","templated":true}]}}