{"id":62862,"date":"2025-12-29T19:21:11","date_gmt":"2025-12-29T22:21:11","guid":{"rendered":"https:\/\/radiorevelacionfm.cl\/?p=62862"},"modified":"2025-12-29T19:21:11","modified_gmt":"2025-12-29T22:21:11","slug":"cesfam-de-puerto-aysen-incorpora-test-de-vph-para-reforzar-la-prevencion-del-cancer-cervicouterino","status":"publish","type":"post","link":"https:\/\/radiorevelacionfm.cl\/?p=62862","title":{"rendered":"Cesfam de Puerto Ays\u00e9n incorpora test de VPH para reforzar la prevenci\u00f3n del c\u00e1ncer cervicouterino"},"content":{"rendered":"<div class=\"flex_column av_one_full  flex_column_div av-zero-column-padding first  avia-builder-el-0  el_before_av_one_full  avia-builder-el-first  \" style='border-radius:0px; '><div  class='avia-image-container  av-styling-    avia-builder-el-1  avia-builder-el-no-sibling  avia-align-center '  itemprop=\"image\" itemscope=\"itemscope\" itemtype=\"https:\/\/schema.org\/ImageObject\"  ><div class='avia-image-container-inner'><div class='avia-image-overlay-wrap'><img decoding=\"async\" class='wp-image-62863 avia-img-lazy-loading-not-62863 avia_image' src=\"https:\/\/radiorevelacionfm.cl\/wp-content\/uploads\/2025\/12\/El-Dr.-Juan-Pablo-Montano-Pasten-1-1.jpeg\" alt='' title='El Dr. Juan Pablo Monta\u00f1o Past\u00e9n (1) (1)' height=\"600\" width=\"930\"  itemprop=\"thumbnailUrl\" srcset=\"https:\/\/radiorevelacionfm.cl\/wp-content\/uploads\/2025\/12\/El-Dr.-Juan-Pablo-Montano-Pasten-1-1.jpeg 930w, https:\/\/radiorevelacionfm.cl\/wp-content\/uploads\/2025\/12\/El-Dr.-Juan-Pablo-Montano-Pasten-1-1-300x194.jpeg 300w, https:\/\/radiorevelacionfm.cl\/wp-content\/uploads\/2025\/12\/El-Dr.-Juan-Pablo-Montano-Pasten-1-1-768x495.jpeg 768w, https:\/\/radiorevelacionfm.cl\/wp-content\/uploads\/2025\/12\/El-Dr.-Juan-Pablo-Montano-Pasten-1-1-705x455.jpeg 705w, https:\/\/radiorevelacionfm.cl\/wp-content\/uploads\/2025\/12\/El-Dr.-Juan-Pablo-Montano-Pasten-1-1-450x290.jpeg 450w, https:\/\/radiorevelacionfm.cl\/wp-content\/uploads\/2025\/12\/El-Dr.-Juan-Pablo-Montano-Pasten-1-1-600x387.jpeg 600w\" sizes=\"(max-width: 930px) 100vw, 930px\" \/><\/div><\/div><\/div><\/div><div class=\"flex_column av_one_full  flex_column_div av-zero-column-padding first  avia-builder-el-2  el_after_av_one_full  el_before_av_one_full  column-top-margin\" style='border-radius:0px; '><section class=\"av_textblock_section \"  itemscope=\"itemscope\" itemtype=\"https:\/\/schema.org\/BlogPosting\" itemprop=\"blogPost\" ><div class='avia_textblock  '   itemprop=\"text\" ><p style=\"text-align: center;\"><strong><span style=\"font-size: 18pt;\">Cesfam de Puerto Ays\u00e9n incorpora test de VPH para reforzar la prevenci\u00f3n del c\u00e1ncer cervicouterino<\/span><\/strong><\/p>\n<div id=\"gtx-trans\" style=\"position: absolute; left: -50px; top: 4.31534px;\">\n<div class=\"gtx-trans-icon\"><\/div>\n<\/div>\n<\/div><\/section><\/div><div class=\"flex_column av_one_full  flex_column_div av-zero-column-padding first  avia-builder-el-4  el_after_av_one_full  el_before_av_hr  column-top-margin\" style='border-radius:0px; '><section class=\"av_textblock_section \"  itemscope=\"itemscope\" itemtype=\"https:\/\/schema.org\/BlogPosting\" itemprop=\"blogPost\" ><div class='avia_textblock  '   itemprop=\"text\" ><ul>\n<li style=\"text-align: justify;\"><em>El nuevo examen se suma a las estrategias de prevenci\u00f3n del c\u00e1ncer cervicouterino en la red de salud p\u00fablica, junto al Papanicolau (PAP), destacando su impacto en la detecci\u00f3n oportuna y la prevenci\u00f3n.<\/em><\/li>\n<\/ul>\n<p style=\"text-align: justify;\">El Servicio de Salud, a trav\u00e9s de su red de atenci\u00f3n primaria, incorpor\u00f3 el test de Virus del Papiloma Humano (VPH) como una nueva herramienta para fortalecer la prevenci\u00f3n y detecci\u00f3n temprana del c\u00e1ncer cervicouterino, una de las principales causas de mortalidad oncol\u00f3gica en mujeres a nivel nacional.<\/p>\n<p style=\"text-align: justify;\">Actualmente, el pa\u00eds ocupa el s\u00e9ptimo lugar en incidencia a nivel mundial, con cerca de 1.500 nuevos diagn\u00f3sticos anuales y un saldo tr\u00e1gico de 600 muertes al a\u00f1o. Esto significa que, en promedio, dos mujeres mueren cada d\u00eda en Chile por esta causa.<\/p>\n<p style=\"text-align: justify;\">El Dr. Juan Pablo Monta\u00f1o Past\u00e9n del CESFAM de Puerto Ays\u00e9n, comenta que el escenario epidemiol\u00f3gico del c\u00e1ncer c\u00e9rvicouterino en Chile es cr\u00edtico y que en Ays\u00e9n, las cifras oscilan\u00a0 entre 4 y 6 fallecimientos anuales. \u201cEl c\u00e1ncer c\u00e9rvicouterino es un tumor maligno que afecta el cuello del \u00fatero y se vincula a la infecci\u00f3n persistente del VPH, por eso se habla que es una enfermedad que se puede detectar a tiempo, donde el tradicional Papanicolau (PAP) contin\u00faa siendo una herramienta fundamental para mujeres entre 25 y 64 a\u00f1os, porque sirve justamente para detectar esas lesiones antes de que se vuelvan cancerosas\u201d, explica.<\/p>\n<p style=\"text-align: justify;\">Agrega que la reciente noticia sobre la implementaci\u00f3n del examen de VPH en forma regular es fundamental. \u201cCon este nuevo an\u00e1lisis vamos a poder detectar en la paciente cu\u00e1les son los tipos de virus del papiloma humano que tiene y determinar su factor de riesgo. Este examen se realizar\u00e1 de forma dirigida a las usuarias en el rango de 35 a 45 a\u00f1os\u201d, se\u00f1ala el Dr. Monta\u00f1o.<\/p>\n<p style=\"text-align: justify;\">El profesional del CESFAM de Puerto Ays\u00e9n subraya que el desarrollo de este c\u00e1ncer es silencioso y puede tardar m\u00e1s de una d\u00e9cada en manifestarse tras la infecci\u00f3n por el virus. Por ello, recalca que la vacunaci\u00f3n a edad temprana es la estrategia m\u00e1s efectiva a largo plazo. En Chile, el Ministerio de Salud vacuna gratuitamente contra el VPH a ni\u00f1os y ni\u00f1as que cursan 4\u00b0 a\u00f1o b\u00e1sico (9 a\u00f1os), y tambi\u00e9n a estudiantes de 6\u00b0, 7\u00b0 y 8\u00b0 b\u00e1sico que no hayan iniciado o tengan incompleto su esquema de vacunaci\u00f3n.<\/p>\n<p style=\"text-align: justify;\">En ese contexto, el profesional explica que, <strong>en etapas posteriores de la vida<\/strong>, el Virus del Papiloma Humano se transmite principalmente a trav\u00e9s del contacto sexual. \u201cDebemos entender que la mayor\u00eda de los hombres en edad sexual activa pueden ser portadores del virus, el cual se transmite mediante relaciones sexuales orales, vaginales y anales. Ante esta realidad, es importante reforzar el uso del preservativo como medida preventiva y no olvidar la realizaci\u00f3n del PAP al menos cada tres a\u00f1os\u201d, destaca.<\/p>\n<p style=\"text-align: justify;\">El m\u00e9dico agrega que Puerto Ays\u00e9n se encuentra sobre el promedio nacional en la toma de PAP, con un 81% de cobertura. \u201cSi bien estamos en un buen promedio, es fundamental insistir a que las mujeres puedan acceder a estos ex\u00e1menes, que son gratuitos y garantizados por el sistema p\u00fablico de salud\u201d, concluy\u00f3.<\/p>\n<p style=\"text-align: justify;\">Finalmente, recuerda que este c\u00e1ncer solo presenta s\u00edntomas en etapas avanzadas como sangrado vaginal anormal, flujo vaginal inusual, dolor p\u00e9lvico o durante las relaciones sexuales. Por eso, es crucial la detecci\u00f3n oportuna mediante controles preventivos y chequeos regulares en los centros de atenci\u00f3n primaria (APS).<\/p>\n<\/div><\/section><\/div><div  style='height:50px' class='hr hr-invisible   avia-builder-el-6  el_after_av_one_full  el_before_av_social_share '><span class='hr-inner ' ><span class='hr-inner-style'><\/span><\/span><\/div><\/p>\n<div  class='av-social-sharing-box  avia-builder-el-7  el_after_av_hr  el_before_av_hr  '><div class='av-share-box'><h5 class='av-share-link-description av-no-toc '>Compartir esta noticia<\/h5><ul class='av-share-box-list noLightbox'><li class='av-share-link av-social-link-facebook' ><a target=\"_blank\" aria-label=\"Compartir en Facebook\" href='https:\/\/www.facebook.com\/sharer.php?u=https:\/\/radiorevelacionfm.cl\/?p=62862&#038;t=Cesfam%20de%20Puerto%20Ays%C3%A9n%20incorpora%20test%20de%20VPH%20para%20reforzar%20la%20prevenci%C3%B3n%20del%20c%C3%A1ncer%20cervicouterino' aria-hidden='false' data-av_icon='\ue8f3' data-av_iconfont='entypo-fontello' title='' data-avia-related-tooltip='Compartir en Facebook' rel=\"noopener\"><span class='avia_hidden_link_text'>Compartir en Facebook<\/span><\/a><\/li><li class='av-share-link av-social-link-twitter' ><a target=\"_blank\" aria-label=\"Compartir en Twitter\" href='https:\/\/twitter.com\/share?text=Cesfam%20de%20Puerto%20Ays%C3%A9n%20incorpora%20test%20de%20VPH%20para%20reforzar%20la%20prevenci%C3%B3n%20del%20c%C3%A1ncer%20cervicouterino&#038;url=https:\/\/radiorevelacionfm.cl\/?p=62862' aria-hidden='false' data-av_icon='\ue8f1' data-av_iconfont='entypo-fontello' title='' data-avia-related-tooltip='Compartir en Twitter' rel=\"noopener\"><span class='avia_hidden_link_text'>Compartir en Twitter<\/span><\/a><\/li><li class='av-share-link av-social-link-whatsapp' ><a target=\"_blank\" aria-label=\"Compartir en Whatsapp\" href='https:\/\/api.whatsapp.com\/send?text=https:\/\/radiorevelacionfm.cl\/?p=62862' aria-hidden='false' data-av_icon='\uf232' data-av_iconfont='entypo-fontello' title='' data-avia-related-tooltip='Compartir en Whatsapp' rel=\"noopener\"><span class='avia_hidden_link_text'>Compartir en Whatsapp<\/span><\/a><\/li><li class='av-share-link av-social-link-linkedin' ><a target=\"_blank\" aria-label=\"Compartir en LinkedIn\" href='https:\/\/linkedin.com\/shareArticle?mini=true&#038;title=Cesfam%20de%20Puerto%20Ays%C3%A9n%20incorpora%20test%20de%20VPH%20para%20reforzar%20la%20prevenci%C3%B3n%20del%20c%C3%A1ncer%20cervicouterino&#038;url=https:\/\/radiorevelacionfm.cl\/?p=62862' aria-hidden='false' data-av_icon='\ue8fc' data-av_iconfont='entypo-fontello' title='' data-avia-related-tooltip='Compartir en LinkedIn' rel=\"noopener\"><span class='avia_hidden_link_text'>Compartir en LinkedIn<\/span><\/a><\/li><li class='av-share-link av-social-link-mail' ><a  aria-label=\"Compartir por correo\" href='mailto:?subject=Cesfam%20de%20Puerto%20Ays%C3%A9n%20incorpora%20test%20de%20VPH%20para%20reforzar%20la%20prevenci%C3%B3n%20del%20c%C3%A1ncer%20cervicouterino&#038;body=https:\/\/radiorevelacionfm.cl\/?p=62862' aria-hidden='false' data-av_icon='\ue805' data-av_iconfont='entypo-fontello' title='' data-avia-related-tooltip='Compartir por correo'><span class='avia_hidden_link_text'>Compartir por correo<\/span><\/a><\/li><\/ul><\/div><\/div>\n<div  style='height:50px' class='hr hr-invisible   avia-builder-el-8  el_after_av_social_share  el_before_av_comments_list '><span class='hr-inner ' ><span class='hr-inner-style'><\/span><\/span><\/div>\n<div  class='av-buildercomment  av-blog-meta-html-info-disabled av-blog-meta-tag-disabled  '><\/div>\n","protected":false},"excerpt":{"rendered":"","protected":false},"author":1,"featured_media":62863,"comment_status":"closed","ping_status":"closed","sticky":false,"template":"","format":"standard","meta":{"footnotes":""},"categories":[46],"tags":[],"class_list":["post-62862","post","type-post","status-publish","format-standard","has-post-thumbnail","hentry","category-salud"],"jetpack_featured_media_url":"https:\/\/radiorevelacionfm.cl\/wp-content\/uploads\/2025\/12\/El-Dr.-Juan-Pablo-Montano-Pasten-1-1.jpeg","_links":{"self":[{"href":"https:\/\/radiorevelacionfm.cl\/index.php?rest_route=\/wp\/v2\/posts\/62862","targetHints":{"allow":["GET"]}}],"collection":[{"href":"https:\/\/radiorevelacionfm.cl\/index.php?rest_route=\/wp\/v2\/posts"}],"about":[{"href":"https:\/\/radiorevelacionfm.cl\/index.php?rest_route=\/wp\/v2\/types\/post"}],"author":[{"embeddable":true,"href":"https:\/\/radiorevelacionfm.cl\/index.php?rest_route=\/wp\/v2\/users\/1"}],"replies":[{"embeddable":true,"href":"https:\/\/radiorevelacionfm.cl\/index.php?rest_route=%2Fwp%2Fv2%2Fcomments&post=62862"}],"version-history":[{"count":2,"href":"https:\/\/radiorevelacionfm.cl\/index.php?rest_route=\/wp\/v2\/posts\/62862\/revisions"}],"predecessor-version":[{"id":62865,"href":"https:\/\/radiorevelacionfm.cl\/index.php?rest_route=\/wp\/v2\/posts\/62862\/revisions\/62865"}],"wp:featuredmedia":[{"embeddable":true,"href":"https:\/\/radiorevelacionfm.cl\/index.php?rest_route=\/wp\/v2\/media\/62863"}],"wp:attachment":[{"href":"https:\/\/radiorevelacionfm.cl\/index.php?rest_route=%2Fwp%2Fv2%2Fmedia&parent=62862"}],"wp:term":[{"taxonomy":"category","embeddable":true,"href":"https:\/\/radiorevelacionfm.cl\/index.php?rest_route=%2Fwp%2Fv2%2Fcategories&post=62862"},{"taxonomy":"post_tag","embeddable":true,"href":"https:\/\/radiorevelacionfm.cl\/index.php?rest_route=%2Fwp%2Fv2%2Ftags&post=62862"}],"curies":[{"name":"wp","href":"https:\/\/api.w.org\/{rel}","templated":true}]}}